{"id":5489,"date":"2018-04-19T11:01:32","date_gmt":"2018-04-19T10:01:32","guid":{"rendered":"http:\/\/bisbalpenedes.com\/web\/?p=5489"},"modified":"2018-04-19T11:01:32","modified_gmt":"2018-04-19T10:01:32","slug":"el-29-dabril-celebrarem-el-dia-internacional-de-la-dansa","status":"publish","type":"post","link":"https:\/\/bisbalpenedes.com\/web\/2018\/04\/19\/el-29-dabril-celebrarem-el-dia-internacional-de-la-dansa\/","title":{"rendered":"El 29 d&#8217;abril celebrarem el Dia Internacional de la Dansa"},"content":{"rendered":"<p><a href=\"http:\/\/bisbalpenedes.com\/web\/wp-content\/uploads\/2018\/04\/poster-dia-del-ball-2018-a.jpg\"><img loading=\"lazy\" class=\"aligncenter size-large wp-image-5372\" src=\"http:\/\/bisbalpenedes.com\/web\/wp-content\/uploads\/2018\/04\/poster-dia-del-ball-2018-a-696x1024.jpg\" alt=\"poster-dia-del-ball-2018-a\" width=\"630\" height=\"927\" srcset=\"https:\/\/bisbalpenedes.com\/web\/wp-content\/uploads\/2018\/04\/poster-dia-del-ball-2018-a-696x1024.jpg 696w, https:\/\/bisbalpenedes.com\/web\/wp-content\/uploads\/2018\/04\/poster-dia-del-ball-2018-a-600x882.jpg 600w, https:\/\/bisbalpenedes.com\/web\/wp-content\/uploads\/2018\/04\/poster-dia-del-ball-2018-a-204x300.jpg 204w, https:\/\/bisbalpenedes.com\/web\/wp-content\/uploads\/2018\/04\/poster-dia-del-ball-2018-a-768x1129.jpg 768w, https:\/\/bisbalpenedes.com\/web\/wp-content\/uploads\/2018\/04\/poster-dia-del-ball-2018-a.jpg 1275w\" sizes=\"(max-width: 630px) 100vw, 630px\" \/><\/a><\/p>\n<p><span style=\"color: #000000;\">CATAL\u00c0 | La Bisbal del Pened\u00e8s celebrar\u00e0 el Dia Internacional de la Dansa el diumenge 29 d\u2019abril. A partir de les 17h hi haur\u00e0 diverses exhibicions de ball que inclouran la participaci\u00f3 de grups de dansa oriental, sevillanes o zumba, entre altres. A m\u00e9s, es comptar\u00e0 amb el Ball de Gitanes de la Bisbal que tamb\u00e9 oferir\u00e0 una actuaci\u00f3 i es far\u00e0 una <em>flashmob<\/em>.<\/span><\/p>\n<p><span style=\"color: #000000;\">L\u2019acte s\u2019organitza des de la Regidoria de Cultura i \u2018Mi ser, espai pel benestar natural\u2019 i tamb\u00e9 comptar\u00e0 amb la participaci\u00f3 dels i les alumnes de dansa de l\u2019Escola Ull de Vent de la Bisbal i de l\u2019escola Teresa Godes de la Joncosa del Montmell.<\/span><\/p>\n<p><span style=\"color: #000000;\">Segons Milena Ca\u00f1as, de \u2018Mi ser, espai pel benestar natural\u2019 \u201ces tracta de reunir els diferents balls que es fan a la Bisbal i poder aix\u00ed compartir una estona i que, qui ho vulgui, hi pugui participar o es pugui afegir el mateix dia de la celebraci\u00f3\u201d.<\/span><\/p>\n<p><span style=\"color: #000000;\">\u00c9s la primera vegada que se celebra aquest esdeveniment a la Bisbal. La Regidora de Cultura, Judit Vidal, s\u2019ha mostrat molt satisfeta pel fet que \u201cels grups que habitualment practiquen diferents disciplines de dansa puguin mostrar-les al p\u00fablic. \u00c9s una manera de donar a con\u00e8ixer les entitats i els col\u00b7lectius que ofereixen activitats d\u2019aquest tipus de forma l\u00fadica i participativa\u201d.<\/span><\/p>\n<p><span style=\"color: #000000;\">La celebraci\u00f3 tindr\u00e0 lloc a la pla\u00e7a de l\u2019Esgl\u00e9sia i es preveu que tingui una durada aproximada de dues hores.<\/span><\/p>\n<p><span style=\"color: #000000;\">Us recordem que el mateix diumenge a les 19h podreu gaudir de la pel\u00b7l\u00edcula <a href=\"http:\/\/bisbalpenedes.com\/web\/2018\/04\/05\/el-diumenge-29-dabril-podreu-veure-la-libreria-disabel-coixet-a-lauditori-salba-del-cmc\/\" target=\"_blank\">\u2018La librer\u00eda\u2019 <\/a>d\u2019Isabel Coixet a l\u2019Auditori Salb\u00e0 del CMC.<\/span><\/p>\n<hr \/>\n<p><span style=\"color: #000000;\">CASTELLANO | La Bisbal del Pened\u00e8s celebrar\u00e1 el D\u00eda Internacional de la Danza el domingo 29 de abril. A partir de las 17h habr\u00e1 varias exhibiciones que incluir\u00e1n la participaci\u00f3n de grupos de danza oriental, sevillanas o zumba, entre otros. Adem\u00e1s, se contar\u00e1 con el Ball de Gitanes de la Bisbal que tambi\u00e9n ofrecer\u00e1 una actuaci\u00f3n y se har\u00e1 una <em>flashmob.<\/em><\/span><\/p>\n<p><span style=\"color: #000000;\">El acto se organiza desde la Concejal\u00eda de Cultura y \u2018Mi ser, espai pel benestar natural\u2019 y tambi\u00e9n contar\u00e1 con la participaci\u00f3n de los y las alumnas de danza de la Escola Ull de Vent de la Bisbal i de l\u2019Escola Teresa Godes de la Joncosa del Montmell.<\/span><\/p>\n<p><span style=\"color: #000000;\">Seg\u00fan Milena Ca\u00f1as, de \u2018Mi ser, espai pel benestar natural\u2019 \u201cse trata de reunir los diferentes bailes que se hacen en la Bisbal y poder as\u00ed compartir un rato y que, quien quiera, pueda participar o se pueda incorporar el mismo d\u00eda de la celebraci\u00f3n\u201d.<\/span><\/p>\n<p><span style=\"color: #000000;\">Es la primera vez que se celebra este evento en la Bisbal. La Concejala de Cultura, Judit Vidal, se ha mostrado muy satisfecha por el hecho que \u201clos grupos que habitualmente practican diferentes disciplinas de baile pueden\u00a0 mostrarlas al p\u00fablico. Es una manera de dar a conocer a las entidades y a los colectivos que ofrecen actividades de este tipo de forma l\u00fadica y participativa\u201d.<\/span><\/p>\n<p><span style=\"color: #000000;\">La celebraci\u00f3n tendr\u00e1 lugar en la plaza de l\u2019Esgl\u00e9sia y se prev\u00e9 que tenga una duraci\u00f3n aproximada de dos horas.<\/span><\/p>\n<p><span style=\"color: #000000;\">Os recordamos que el mismo domingo a las 19h podr\u00e9is disfrutar de la pel\u00edcula <a href=\"http:\/\/bisbalpenedes.com\/web\/2018\/04\/05\/el-diumenge-29-dabril-podreu-veure-la-libreria-disabel-coixet-a-lauditori-salba-del-cmc\/\" target=\"_blank\">\u2018La librer\u00eda\u2019<\/a> de Isabel Coixet en el Auditori Salb\u00e0 del CMC.<\/span><\/p>\n","protected":false},"excerpt":{"rendered":"<p>CATAL\u00c0 | La Bisbal del Pened\u00e8s celebrar\u00e0 el Dia Internacional de la Dansa el diumenge 29 d\u2019abril. A partir de les 17h hi haur\u00e0 diverses exhibicions de ball que inclouran &hellip; <a href=\"https:\/\/bisbalpenedes.com\/web\/2018\/04\/19\/el-29-dabril-celebrarem-el-dia-internacional-de-la-dansa\/\" class=\"more-link\">Read More<\/a><\/p>\n","protected":false},"author":4,"featured_media":5372,"comment_status":"closed","ping_status":"closed","sticky":false,"template":"","format":"standard","meta":[],"categories":[13],"tags":[995,1692,1695,1586,1690,337,1693,237,1691,1694,802],"_links":{"self":[{"href":"https:\/\/bisbalpenedes.com\/web\/wp-json\/wp\/v2\/posts\/5489"}],"collection":[{"href":"https:\/\/bisbalpenedes.com\/web\/wp-json\/wp\/v2\/posts"}],"about":[{"href":"https:\/\/bisbalpenedes.com\/web\/wp-json\/wp\/v2\/types\/post"}],"author":[{"embeddable":true,"href":"https:\/\/bisbalpenedes.com\/web\/wp-json\/wp\/v2\/users\/4"}],"replies":[{"embeddable":true,"href":"https:\/\/bisbalpenedes.com\/web\/wp-json\/wp\/v2\/comments?post=5489"}],"version-history":[{"count":1,"href":"https:\/\/bisbalpenedes.com\/web\/wp-json\/wp\/v2\/posts\/5489\/revisions"}],"predecessor-version":[{"id":5492,"href":"https:\/\/bisbalpenedes.com\/web\/wp-json\/wp\/v2\/posts\/5489\/revisions\/5492"}],"wp:featuredmedia":[{"embeddable":true,"href":"https:\/\/bisbalpenedes.com\/web\/wp-json\/wp\/v2\/media\/5372"}],"wp:attachment":[{"href":"https:\/\/bisbalpenedes.com\/web\/wp-json\/wp\/v2\/media?parent=5489"}],"wp:term":[{"taxonomy":"category","embeddable":true,"href":"https:\/\/bisbalpenedes.com\/web\/wp-json\/wp\/v2\/categories?post=5489"},{"taxonomy":"post_tag","embeddable":true,"href":"https:\/\/bisbalpenedes.com\/web\/wp-json\/wp\/v2\/tags?post=5489"}],"curies":[{"name":"wp","href":"https:\/\/api.w.org\/{rel}","templated":true}]}}