{"id":5465,"date":"2018-04-17T18:16:30","date_gmt":"2018-04-17T17:16:30","guid":{"rendered":"http:\/\/bisbalpenedes.com\/web\/?p=5465"},"modified":"2018-04-17T21:07:19","modified_gmt":"2018-04-17T20:07:19","slug":"els-dies-22-i-23-dabril-sentregaran-els-premis-del-concurs-literari-infantil-i-del-concurs-literari-de-sant-jordi","status":"publish","type":"post","link":"https:\/\/bisbalpenedes.com\/web\/2018\/04\/17\/els-dies-22-i-23-dabril-sentregaran-els-premis-del-concurs-literari-infantil-i-del-concurs-literari-de-sant-jordi\/","title":{"rendered":"Els dies 22 i 23 d&#8217;abril s&#8217;entregaran els premis del Concurs Literari Infantil i del Concurs Literari de Sant Jordi"},"content":{"rendered":"<p><a href=\"http:\/\/bisbalpenedes.com\/web\/wp-content\/uploads\/2018\/03\/banner_10_concurs_lit_S_jordi.jpg\"><img loading=\"lazy\" class=\"aligncenter size-large wp-image-4987\" src=\"http:\/\/bisbalpenedes.com\/web\/wp-content\/uploads\/2018\/03\/banner_10_concurs_lit_S_jordi-1024x412.jpg\" alt=\"banner_10_concurs_lit_S_jordi\" width=\"630\" height=\"253\" srcset=\"https:\/\/bisbalpenedes.com\/web\/wp-content\/uploads\/2018\/03\/banner_10_concurs_lit_S_jordi-1024x412.jpg 1024w, https:\/\/bisbalpenedes.com\/web\/wp-content\/uploads\/2018\/03\/banner_10_concurs_lit_S_jordi-600x241.jpg 600w, https:\/\/bisbalpenedes.com\/web\/wp-content\/uploads\/2018\/03\/banner_10_concurs_lit_S_jordi-300x121.jpg 300w, https:\/\/bisbalpenedes.com\/web\/wp-content\/uploads\/2018\/03\/banner_10_concurs_lit_S_jordi-768x309.jpg 768w\" sizes=\"(max-width: 630px) 100vw, 630px\" \/><\/a><\/p>\n<p style=\"text-align: justify;\"><span style=\"color: #000000;\">CATAL\u00c0 | Un any m\u00e9s la Bisbal del Pened\u00e8s tira endavant el Concurs Literari de Sant Jordi, un certamen que va endegar l\u2019entitat bisbalenca ADB ara fa deu anys i que, en l\u2019actualitat, organitza l\u2019Ajuntament.<\/span><\/p>\n<p style=\"text-align: justify;\"><span style=\"color: #000000;\">La convocat\u00f2ria\u00a0es divideix entre el Concurs Literari Infantil, en el qual participen els alumnes de l\u2019Escola Ull de Vent, i el Concurs Literari de Sant Jordi, que est\u00e0 obert a tothom, de dins o de fora de la Bisbal.<\/span><\/p>\n<p style=\"text-align: justify;\"><span style=\"color: #000000;\">L\u2019entrega dels premis dels menuts tindr\u00e0 lloc el diumenge 22 d\u2019abril a les 11.30h a la pla\u00e7a Pau Casals. Tot seguit es podr\u00e0 gaudir de l\u2019espectacle \u2018La llegenda de Sant Jordi\u2019 de la cia. Toniton i degustar un pica-pica.<\/span><\/p>\n<p style=\"text-align: justify;\"><a href=\"http:\/\/bisbalpenedes.com\/web\/wp-content\/uploads\/2018\/04\/toniton-espectacle.png\"><img loading=\"lazy\" class=\"aligncenter size-full wp-image-5473\" src=\"http:\/\/bisbalpenedes.com\/web\/wp-content\/uploads\/2018\/04\/toniton-espectacle.png\" alt=\"toniton espectacle la llegenda de sant jordi\" width=\"729\" height=\"369\" srcset=\"https:\/\/bisbalpenedes.com\/web\/wp-content\/uploads\/2018\/04\/toniton-espectacle.png 729w, https:\/\/bisbalpenedes.com\/web\/wp-content\/uploads\/2018\/04\/toniton-espectacle-600x304.png 600w, https:\/\/bisbalpenedes.com\/web\/wp-content\/uploads\/2018\/04\/toniton-espectacle-300x152.png 300w\" sizes=\"(max-width: 729px) 100vw, 729px\" \/><\/a><\/p>\n<h6 style=\"text-align: center;\">(Imatge de l&#8217;espectacle &#8216;La llegenda de Sant Jordi&#8217; de la Cia. Toniton)<\/h6>\n<p style=\"text-align: justify;\"><span style=\"color: #000000;\">L\u2019endem\u00e0, dilluns 23 d\u2019abril, tindr\u00e0 lloc l\u2019entrega de premis del 10\u00e8 Concurs literari Sant Jordi. L\u2019acte comen\u00e7ar\u00e0 a les 18.30h i, en aquest cas, es far\u00e0 a l\u2019Auditori Salb\u00e0 del CMC.\u00a0 Enguany s\u2019han presentat un total de 18 obres, 10 de prosa i 8 de poesia. Entre els autors hi ha 5 penedesencs, 3 bisbalencs i els 10 restants s\u00f3n d\u2019altres punts de Catalunya com ara Sant Carles de la R\u00e0pita, Malgrat de Mar, Sant Joan de les Abadesses, Santa Margarida de Montbui o Arb\u00facies. Val a dir que 5 dels treballs presentats s\u00f3n de tem\u00e0tica bisbalenca.<\/span><\/p>\n<p style=\"text-align: justify;\"><span style=\"color: #000000;\">Quant als premis que s\u2019entregaran, s\u00f3n els seg\u00fcents (poesia i prosa concursen en la mateixa categoria):<\/span><\/p>\n<ul style=\"text-align: justify;\">\n<li><span style=\"color: #000000;\">1r premi: 200 euros, lot de llibres i diploma commemoratiu<\/span><\/li>\n<li><span style=\"color: #000000;\">2n premi: 150 euros, lot de llibres i diploma commemoratiu<\/span><\/li>\n<li><span style=\"color: #000000;\">3r premi: 100 euros, lot de llibres i diploma commemoratiu<\/span><\/li>\n<li><span style=\"color: #000000;\">4t premi: Acc\u00e8ssit Premi Especial ADB per aquelles obres de poesia i prosa que tinguin tem\u00e0tica bisbalenca de qualsevol mena. 300 euros al guanyador. Val a dir que aquest acc\u00e8ssit porta el nom de l\u2019associaci\u00f3 precursora i organitzadora del concurs durant vuit anys.<\/span><\/li>\n<\/ul>\n<p style=\"text-align: justify;\"><span style=\"color: #000000;\">En acabar l\u2019entrega de premis el p\u00fablic podr\u00e0 gaudir de l\u2019espectacle \u2018Mai no \u00e9s de nit\u2019 a c\u00e0rrec de Jaume Calatayud i Vicente Monera.<\/span><\/p>\n<p style=\"text-align: justify;\"><span style=\"color: #000000;\"><strong>MAI NO \u00c9S DE NIT<\/strong><\/span><\/p>\n<p style=\"text-align: justify;\"><span style=\"color: #000000;\">\u2018Mai no \u00e9s de nit\u2019 \u00e9s un espectacle que combina la poesia recitada i cantada amb la narraci\u00f3. En aquest cas i amb motiu de l\u2019Any Manuel de Pedrolo, es far\u00e0 un recorregut per la vida i l\u2019obra de l&#8217;autor. Segons Jaume Calatayud el que s\u2019intenta \u00e9s \u201capropar el personatge al p\u00fablic, explicar com pensava, com veia les coses, com sentia\u2026 Intentem apropar al p\u00fablic la persona, m\u00e9s que l\u2019autor\u201d. De fet es tracta d\u2019un espectacle que es va crear per enc\u00e0rrec de la mateixa filla de l\u2019autor des de la Fundaci\u00f3 Manuel de Pedrolo.<\/span><\/p>\n<p style=\"text-align: justify;\"><span style=\"color: #000000;\">Jaume Calatayud (narrador i rapsode) i Vicente Monera (cantant i guitarrista) fa gaireb\u00e9 vint anys que ofereixen aquest tipus d\u2019espectacle poeticomusical arreu del territori i, segons ens han fet saber, l\u2019actuaci\u00f3 que tindr\u00e0 lloc a la Bisbal ser\u00e0 la n\u00famero 501 de la seva traject\u00f2ria.<\/span><\/p>\n<p style=\"text-align: justify;\"><a href=\"http:\/\/bisbalpenedes.com\/web\/wp-content\/uploads\/2018\/04\/FOTO-JAUME-CALATAYUD-I-VICENTE-MONERA.jpg\"><img loading=\"lazy\" class=\"aligncenter size-large wp-image-5467\" src=\"http:\/\/bisbalpenedes.com\/web\/wp-content\/uploads\/2018\/04\/FOTO-JAUME-CALATAYUD-I-VICENTE-MONERA-1024x817.jpg\" alt=\"FOTO JAUME CALATAYUD I VICENTE MONERA\" width=\"630\" height=\"503\" srcset=\"https:\/\/bisbalpenedes.com\/web\/wp-content\/uploads\/2018\/04\/FOTO-JAUME-CALATAYUD-I-VICENTE-MONERA-1024x817.jpg 1024w, https:\/\/bisbalpenedes.com\/web\/wp-content\/uploads\/2018\/04\/FOTO-JAUME-CALATAYUD-I-VICENTE-MONERA-600x479.jpg 600w, https:\/\/bisbalpenedes.com\/web\/wp-content\/uploads\/2018\/04\/FOTO-JAUME-CALATAYUD-I-VICENTE-MONERA-300x239.jpg 300w, https:\/\/bisbalpenedes.com\/web\/wp-content\/uploads\/2018\/04\/FOTO-JAUME-CALATAYUD-I-VICENTE-MONERA-768x613.jpg 768w, https:\/\/bisbalpenedes.com\/web\/wp-content\/uploads\/2018\/04\/FOTO-JAUME-CALATAYUD-I-VICENTE-MONERA.jpg 1233w\" sizes=\"(max-width: 630px) 100vw, 630px\" \/><\/a><\/p>\n<hr \/>\n<p style=\"text-align: justify;\"><span style=\"color: #000000;\"><strong>CASTELLANO<\/strong> | Un a\u00f1o m\u00e1s la Bisbal del Pened\u00e8s tira adelante el Concurso Literario de Sant Jordi, un certamen que inici\u00f3 la entidad ADB ahora hace diez a\u00f1os y que, en la actualidad, organiza el Ayuntamiento.<\/span><\/p>\n<p style=\"text-align: justify;\"><span style=\"color: #000000;\">La convocatoria se divide entre el Concurso Literario Infantil, en el cual participan los alumnos de la Escola Ull de Vent, y el Concurso Literario de Sant Jordi, que est\u00e1 abierto a todo el mundo, de dentro o de fuera de la Bisbal.<\/span><\/p>\n<p style=\"text-align: justify;\"><span style=\"color: #000000;\">La entrega de premios de los m\u00e1s peque\u00f1os tendr\u00e1 lugar el domingo 22 de abril a las 11.30h en la plaza Pau Casals. A continuaci\u00f3n se podr\u00e1 disfrutar del espect\u00e1culo \u2018La leyenda de Sant Jordi\u2019 de la cia. Toniton y degustar un picapica.<\/span><\/p>\n<p style=\"text-align: justify;\"><span style=\"color: #000000;\">Al d\u00eda siguiente, el lunes 23 de abril, se proceder\u00e1 a la entrega de los premios del 10\u00ba Concurso Literario de Sant Jordi. El acto empezar\u00e1 a las 18.30h y, en este caso, se har\u00e1 en el Auditorio Salb\u00e0 del CMC. Este a\u00f1os se han presentado un total de 18 obras, 10 de prosa y 8 de poes\u00eda. Entre los autores hay 5 \u2018penedesencs\u2019, 3 bisbalenses y los 10 restantes son de otros puntos de Catalunya, como por ejemplo Sant Carles de la R\u00e0pita, Malgrat de Mar, Sant Joan de les Abadesses, Santa Margarida de Montbui o Arb\u00facies. Cabe decir que 5 de los trabajos presentados tienen una tem\u00e1tica centrada en la Bisbal.<\/span><\/p>\n<p style=\"text-align: justify;\"><span style=\"color: #000000;\">En cuanto a los premios que se entregar\u00e1n, son los siguientes (poes\u00eda y prosa concursan en la misma categor\u00eda):<\/span><\/p>\n<ul style=\"text-align: justify;\">\n<li><span style=\"color: #000000;\">1r premio: 200 euros, lote de libros y diploma conmemorativo<\/span><\/li>\n<li><span style=\"color: #000000;\">2\u00ba premio: 150 euros, lote de libros y diploma conmemorativo<\/span><\/li>\n<li><span style=\"color: #000000;\">3r premio: 100 euros, lote de libros y diploma conmemorativo<\/span><\/li>\n<li><span style=\"color: #000000;\">4\u00ba premio: Acc\u00e9sit Premio Especial ADB para aquellas obras de poes\u00eda y prosa que tengan tem\u00e1tica sobre la Bisbal de cualquier tipo. 300 euros para el ganador. Cabe decir que este acc\u00e9sit lleva el nombre de la asociaci\u00f3n precursora y organizadora del concurso durante ocho a\u00f1os.<\/span><\/li>\n<\/ul>\n<p style=\"text-align: justify;\"><span style=\"color: #000000;\">Cuando finalice la entrega de premios el p\u00fablico podr\u00e1 disfrutar del espect\u00e1culo \u2018Mai no \u00e9s de nit\u2019 a cargo de Jaume Calatayud y Vicente Monera.<\/span><\/p>\n<p style=\"text-align: justify;\"><span style=\"color: #000000;\"><strong>MAI NO \u00c9S DE NIT<\/strong><\/span><\/p>\n<p style=\"text-align: justify;\"><span style=\"color: #000000;\">\u2018Mai no \u00e9s de nit\u2019 es un espect\u00e1culo que combina la poes\u00eda recitada y cantada con la narraci\u00f3n. En este caso y con motivo del \u2018A\u00f1o Manuel de Pedrolo\u2019, se har\u00e1 un recorrido por la vida y la obra del autor. Seg\u00fan Jaume Calatayud, lo que se intenta es \u201cacercar el personaje al p\u00fablico, explicar c\u00f3mo pensaba, como ve\u00eda las cosas, como sent\u00eda&#8230; Intentamos acercar al p\u00fablico la persona, m\u00e1s que el autor\u201d. De hecho se trata de un espect\u00e1culo que se cre\u00f3 por encargo de la misma hija del autor desde la Fundaci\u00f3n Manuel de Pedrolo.<\/span><\/p>\n<p style=\"text-align: justify;\"><span style=\"color: #000000;\">Jaume Calatayud (narrador y rapsoda) y Vicente Monera (cantante y guitarrista) hace caso veinte a\u00f1os que ofrecen este tipo de espect\u00e1culo poeticomusical por toda Catalunya y, seg\u00fan nos han hecho saber, la actuaci\u00f3n que tendr\u00e1 lugar en la Bisbal ser\u00e1 la n\u00famero 501 de su trayectoria.<\/span><\/p>\n","protected":false},"excerpt":{"rendered":"<p>CATAL\u00c0 | Un any m\u00e9s la Bisbal del Pened\u00e8s tira endavant el Concurs Literari de Sant Jordi, un certamen que va endegar l\u2019entitat bisbalenca ADB ara fa deu anys i &hellip; <a href=\"https:\/\/bisbalpenedes.com\/web\/2018\/04\/17\/els-dies-22-i-23-dabril-sentregaran-els-premis-del-concurs-literari-infantil-i-del-concurs-literari-de-sant-jordi\/\" class=\"more-link\">Read More<\/a><\/p>\n","protected":false},"author":4,"featured_media":5467,"comment_status":"closed","ping_status":"closed","sticky":false,"template":"","format":"standard","meta":[],"categories":[13],"tags":[344,1681,1633,1683,337,1684,1687,1682,1641,1685,64,1686],"_links":{"self":[{"href":"https:\/\/bisbalpenedes.com\/web\/wp-json\/wp\/v2\/posts\/5465"}],"collection":[{"href":"https:\/\/bisbalpenedes.com\/web\/wp-json\/wp\/v2\/posts"}],"about":[{"href":"https:\/\/bisbalpenedes.com\/web\/wp-json\/wp\/v2\/types\/post"}],"author":[{"embeddable":true,"href":"https:\/\/bisbalpenedes.com\/web\/wp-json\/wp\/v2\/users\/4"}],"replies":[{"embeddable":true,"href":"https:\/\/bisbalpenedes.com\/web\/wp-json\/wp\/v2\/comments?post=5465"}],"version-history":[{"count":6,"href":"https:\/\/bisbalpenedes.com\/web\/wp-json\/wp\/v2\/posts\/5465\/revisions"}],"predecessor-version":[{"id":5476,"href":"https:\/\/bisbalpenedes.com\/web\/wp-json\/wp\/v2\/posts\/5465\/revisions\/5476"}],"wp:featuredmedia":[{"embeddable":true,"href":"https:\/\/bisbalpenedes.com\/web\/wp-json\/wp\/v2\/media\/5467"}],"wp:attachment":[{"href":"https:\/\/bisbalpenedes.com\/web\/wp-json\/wp\/v2\/media?parent=5465"}],"wp:term":[{"taxonomy":"category","embeddable":true,"href":"https:\/\/bisbalpenedes.com\/web\/wp-json\/wp\/v2\/categories?post=5465"},{"taxonomy":"post_tag","embeddable":true,"href":"https:\/\/bisbalpenedes.com\/web\/wp-json\/wp\/v2\/tags?post=5465"}],"curies":[{"name":"wp","href":"https:\/\/api.w.org\/{rel}","templated":true}]}}