{"id":5463,"date":"2018-04-17T12:31:27","date_gmt":"2018-04-17T11:31:27","guid":{"rendered":"http:\/\/bisbalpenedes.com\/web\/?p=5463"},"modified":"2018-04-17T18:38:34","modified_gmt":"2018-04-17T17:38:34","slug":"sinicia-el-projecte-pilot-de-control-poblacional-de-colonies-de-gats-amb-les-primeres-esterilitzacions","status":"publish","type":"post","link":"https:\/\/bisbalpenedes.com\/web\/2018\/04\/17\/sinicia-el-projecte-pilot-de-control-poblacional-de-colonies-de-gats-amb-les-primeres-esterilitzacions\/","title":{"rendered":"S&#8217;inicia el projecte pilot de control poblacional de col\u00f2nies de gats amb les primeres esterilitzacions"},"content":{"rendered":"<p style=\"text-align: justify;\"><span style=\"color: #000000;\"><strong>CATAL\u00c0<\/strong> |La Regidoria de Medi Ambient informa que aquesta setmana comen\u00e7ar\u00e0 la captura de gats amb la finalitat de dur a terme les esterilitzacions de gats de carrer. La col\u00f2nia que s\u2019ha triat per iniciar la campanya \u00e9s la que hi ha\u00a0a la Riera de la Bisbal.<\/span><\/p>\n<p style=\"text-align: justify;\"><span style=\"color: #000000;\">L\u2019Ajuntament de la Bisbal ha iniciat un projecte pilot de control poblacional de col\u00f2nies de gats ferals en col\u00b7laboraci\u00f3 amb l\u2019entitat de protecci\u00f3 animal Coordinadora Felina de Tarragona amb la finalitat de dur a terme una gesti\u00f3 \u00e8tica de col\u00f2nies de gats urbans dins del terme de la Bisbal del Pened\u00e8s que consisteix en capturar, esterilitzar (i marcar una de les orelles dels gats esterilitzats), vacunar i desparasitar els gats aix\u00ed com vetllar per la seva salubritat, complint aix\u00ed amb el Decret legislatiu 2\/2008 pel qual s\u2019aprova el Text Ref\u00f3s de la Llei de Protecci\u00f3 dels animals. L\u2019ajuntament destinar\u00e0 enguany 10.000\u20ac per al projecte de gesti\u00f3 \u00e8tica de les col\u00f2nies de gats del municipi.<\/span><\/p>\n<p style=\"text-align: justify;\"><span style=\"color: #000000;\">A m\u00e9s, fruit de la relaci\u00f3 entre la Coordinadora Felina de Tarragona i la Regidoria de Medi Ambient s\u2019est\u00e0 creant un cens de col\u00f2nies i alimentadors amb la finalitat que hi hagi un millor control dels gats ferals i que les persones que alimenten els animals ho facin de forma higi\u00e8nica i respectuosa amb la poblaci\u00f3 i el Medi Ambient.<\/span><\/p>\n<p style=\"text-align: justify;\"><span style=\"color: #000000;\">La regidora de Medi Ambient, Leo Uceda, s\u2019ha mostrat satisfeta pel fet que comenci a veure la llum el projecte de control de les col\u00f2nies felines perqu\u00e8 \u201c\u00e9s un tema que preocupa a diversos ve\u00efns del municipi que ens han fet arribar les seves inquietuds al respecte\u201d<\/span><\/p>\n<p style=\"text-align: justify;\"><span style=\"color: #000000;\"><a style=\"color: #000000;\" href=\"http:\/\/bisbalpenedes.com\/web\/wp-content\/uploads\/2018\/02\/GATS-DE-CARRER-2.jpg\"><img loading=\"lazy\" class=\"aligncenter size-large wp-image-4778\" src=\"http:\/\/bisbalpenedes.com\/web\/wp-content\/uploads\/2018\/02\/GATS-DE-CARRER-2-1024x683.jpg\" alt=\"GATS DE CARRER 2\" width=\"630\" height=\"420\" srcset=\"https:\/\/bisbalpenedes.com\/web\/wp-content\/uploads\/2018\/02\/GATS-DE-CARRER-2-1024x683.jpg 1024w, https:\/\/bisbalpenedes.com\/web\/wp-content\/uploads\/2018\/02\/GATS-DE-CARRER-2-600x400.jpg 600w, https:\/\/bisbalpenedes.com\/web\/wp-content\/uploads\/2018\/02\/GATS-DE-CARRER-2-300x200.jpg 300w, https:\/\/bisbalpenedes.com\/web\/wp-content\/uploads\/2018\/02\/GATS-DE-CARRER-2-768x512.jpg 768w\" sizes=\"(max-width: 630px) 100vw, 630px\" \/><\/a><\/span><\/p>\n<p style=\"text-align: justify;\"><span style=\"color: #000000;\"><strong>CASTELLANO<\/strong> |La Concejal\u00eda de Medio Ambiente informa que esta semana empezar\u00e1 la captura de gatos con la finalidad de llevar a cabo las esterilizaciones de gatos callejeros. La colonia que se ha escogido para iniciar la campa\u00f1a es la que hay en\u00a0la Riera de la Bisbal.<\/span><\/p>\n<p style=\"text-align: justify;\"><span style=\"color: #000000;\">El Ayuntamiento de la Bisbal ha iniciado un proyecto piloto de control poblacional de colonias de gatos en colaboraci\u00f3n con la entidad de protecci\u00f3n animal Coordinadora Felina de Tarragona con la finalidad de llevar a cabo una gesti\u00f3n \u00e9tica de colonias de gatos urbanos dentro del t\u00e9rmino de la Bisbal del Pened\u00e8s que consiste en capturar, esterilizar (y marcar una de las orejas de los gatos esterilizados), vacunar y desparasitar a los gatos as\u00ed como velar por su salubridad, cumpliendo as\u00ed con el Decreto Legislativo 2\/2008 por el cual se aprueba el Texto Refundido de la Ley de Protecci\u00f3n de los animales. El Ayuntamiento destinar\u00e1 este a\u00f1o 10.000\u20ac para el proyecto de gesti\u00f3n \u00e9tica de las colonias de gatos del municipio.<\/span><\/p>\n<p style=\"text-align: justify;\"><span style=\"color: #000000;\">Adem\u00e1s, fruto de la relaci\u00f3n entre la Coordinadora Felina de Tarragona y la Concejal\u00eda de Medio Ambiente, se est\u00e1 creando un censo de colonias y alimentadores con la finalidad de qu\u00e9 haya un mejor control de los gatos callejeros y que las personas que alimental los animales lo hagan de forma higi\u00e9nica y respetuosa con la poblaci\u00f3n y el Medio Ambiente.<\/span><\/p>\n<p style=\"text-align: justify;\"><span style=\"color: #000000;\">La Concejala de Medio Ambiente, Leo Uceda, se ha mostrado satisfecha por el hecho que empiece a ver la luz el proyecto de control de las colonias felinas porqu\u00e9 \u201ces un tema que preocupa a varios vecinos del municipio que nos han hecho llegar sus inquietudes al respeto\u201d.<\/span><\/p>\n<p style=\"text-align: justify;\"><strong>\u00a0<\/strong><\/p>\n","protected":false},"excerpt":{"rendered":"<p>CATAL\u00c0 |La Regidoria de Medi Ambient informa que aquesta setmana comen\u00e7ar\u00e0 la captura de gats amb la finalitat de dur a terme les esterilitzacions de gats de carrer. La col\u00f2nia &hellip; <a href=\"https:\/\/bisbalpenedes.com\/web\/2018\/04\/17\/sinicia-el-projecte-pilot-de-control-poblacional-de-colonies-de-gats-amb-les-primeres-esterilitzacions\/\" class=\"more-link\">Read More<\/a><\/p>\n","protected":false},"author":4,"featured_media":4778,"comment_status":"closed","ping_status":"closed","sticky":false,"template":"","format":"standard","meta":[],"categories":[32],"tags":[1267,1675,1678,564,1680,1265,1674,1673,1677,1676,220,991,1679],"_links":{"self":[{"href":"https:\/\/bisbalpenedes.com\/web\/wp-json\/wp\/v2\/posts\/5463"}],"collection":[{"href":"https:\/\/bisbalpenedes.com\/web\/wp-json\/wp\/v2\/posts"}],"about":[{"href":"https:\/\/bisbalpenedes.com\/web\/wp-json\/wp\/v2\/types\/post"}],"author":[{"embeddable":true,"href":"https:\/\/bisbalpenedes.com\/web\/wp-json\/wp\/v2\/users\/4"}],"replies":[{"embeddable":true,"href":"https:\/\/bisbalpenedes.com\/web\/wp-json\/wp\/v2\/comments?post=5463"}],"version-history":[{"count":1,"href":"https:\/\/bisbalpenedes.com\/web\/wp-json\/wp\/v2\/posts\/5463\/revisions"}],"predecessor-version":[{"id":5464,"href":"https:\/\/bisbalpenedes.com\/web\/wp-json\/wp\/v2\/posts\/5463\/revisions\/5464"}],"wp:featuredmedia":[{"embeddable":true,"href":"https:\/\/bisbalpenedes.com\/web\/wp-json\/wp\/v2\/media\/4778"}],"wp:attachment":[{"href":"https:\/\/bisbalpenedes.com\/web\/wp-json\/wp\/v2\/media?parent=5463"}],"wp:term":[{"taxonomy":"category","embeddable":true,"href":"https:\/\/bisbalpenedes.com\/web\/wp-json\/wp\/v2\/categories?post=5463"},{"taxonomy":"post_tag","embeddable":true,"href":"https:\/\/bisbalpenedes.com\/web\/wp-json\/wp\/v2\/tags?post=5463"}],"curies":[{"name":"wp","href":"https:\/\/api.w.org\/{rel}","templated":true}]}}