{"id":5461,"date":"2018-04-17T11:55:21","date_gmt":"2018-04-17T10:55:21","guid":{"rendered":"http:\/\/bisbalpenedes.com\/web\/?p=5461"},"modified":"2018-04-17T11:55:52","modified_gmt":"2018-04-17T10:55:52","slug":"segona-reunio-de-la-mesa-de-contractacio-per-a-la-licitacio-dels-serveis-dassessoria-i-gestoria-laboral-i-fiscal","status":"publish","type":"post","link":"https:\/\/bisbalpenedes.com\/web\/2018\/04\/17\/segona-reunio-de-la-mesa-de-contractacio-per-a-la-licitacio-dels-serveis-dassessoria-i-gestoria-laboral-i-fiscal\/","title":{"rendered":"Segona reuni\u00f3 de la Mesa de Contractaci\u00f3 per a la licitaci\u00f3 dels serveis d&#8217;assessoria i gestoria laboral i fiscal"},"content":{"rendered":"<p style=\"text-align: justify;\"><span style=\"color: #000000;\">CATAL\u00c0 | Aquest dilluns 16 d\u2019abril a les 11h ha tingut lloc la reuni\u00f3 de la Mesa de Contractaci\u00f3 pels serveis d\u2019assessoria i gestoria laboral i fiscal. El passat dimecres 4 d\u2019abril es va procedir a l\u2019obertura del sobre A (documentaci\u00f3 administrativa) i el sobre C (documentaci\u00f3 segons judici de valor). Aquest dilluns s\u2019ha procedit a l\u2019obertura del sobre B (oferta econ\u00f2mica). S\u2019han presentat un total de sis propostes i, donada la complexitat d\u2019aquest servei i les difer\u00e8ncies que existeixen entre les propostes presentades, s\u2019ha decidit demanar un informe extern amb la finalitat de valorar les propostes en profunditat.<\/span><\/p>\n<p style=\"text-align: justify;\"><span style=\"color: #000000;\">CASTELLANO |Este lunes 16 de abril a las 11h ha tenido lugar la reuni\u00f3n de la Mesa de Contrataci\u00f3n para los servicios de asesor\u00eda y gestor\u00eda laboral y fiscal. El pasado mi\u00e9rcoles 4 de abril se procedi\u00f3 a la apertura del sobre A (documentaci\u00f3n administrativa) y el sobre C (documentaci\u00f3n seg\u00fan juicio de valor). Este lunes se ha procedido a la apertura del sobre B (oferta econ\u00f3mica). Se han presentado un total de seis propuestas y, dada la complejidad de este servicio y las diferencias que existen entre las propuestas presentadas, se ha decidido pedir un informe externo con la finalidad de valorar las propuestas en profundidad.<\/span><\/p>\n","protected":false},"excerpt":{"rendered":"<p>CATAL\u00c0 | Aquest dilluns 16 d\u2019abril a les 11h ha tingut lloc la reuni\u00f3 de la Mesa de Contractaci\u00f3 pels serveis d\u2019assessoria i gestoria laboral i fiscal. El passat dimecres &hellip; <a href=\"https:\/\/bisbalpenedes.com\/web\/2018\/04\/17\/segona-reunio-de-la-mesa-de-contractacio-per-a-la-licitacio-dels-serveis-dassessoria-i-gestoria-laboral-i-fiscal\/\" class=\"more-link\">Read More<\/a><\/p>\n","protected":false},"author":4,"featured_media":5313,"comment_status":"closed","ping_status":"closed","sticky":false,"template":"","format":"standard","meta":[],"categories":[4],"tags":[1564,317,1565,1672,267,397,999,1671,487],"_links":{"self":[{"href":"https:\/\/bisbalpenedes.com\/web\/wp-json\/wp\/v2\/posts\/5461"}],"collection":[{"href":"https:\/\/bisbalpenedes.com\/web\/wp-json\/wp\/v2\/posts"}],"about":[{"href":"https:\/\/bisbalpenedes.com\/web\/wp-json\/wp\/v2\/types\/post"}],"author":[{"embeddable":true,"href":"https:\/\/bisbalpenedes.com\/web\/wp-json\/wp\/v2\/users\/4"}],"replies":[{"embeddable":true,"href":"https:\/\/bisbalpenedes.com\/web\/wp-json\/wp\/v2\/comments?post=5461"}],"version-history":[{"count":1,"href":"https:\/\/bisbalpenedes.com\/web\/wp-json\/wp\/v2\/posts\/5461\/revisions"}],"predecessor-version":[{"id":5462,"href":"https:\/\/bisbalpenedes.com\/web\/wp-json\/wp\/v2\/posts\/5461\/revisions\/5462"}],"wp:featuredmedia":[{"embeddable":true,"href":"https:\/\/bisbalpenedes.com\/web\/wp-json\/wp\/v2\/media\/5313"}],"wp:attachment":[{"href":"https:\/\/bisbalpenedes.com\/web\/wp-json\/wp\/v2\/media?parent=5461"}],"wp:term":[{"taxonomy":"category","embeddable":true,"href":"https:\/\/bisbalpenedes.com\/web\/wp-json\/wp\/v2\/categories?post=5461"},{"taxonomy":"post_tag","embeddable":true,"href":"https:\/\/bisbalpenedes.com\/web\/wp-json\/wp\/v2\/tags?post=5461"}],"curies":[{"name":"wp","href":"https:\/\/api.w.org\/{rel}","templated":true}]}}