{"id":5454,"date":"2018-04-17T11:40:17","date_gmt":"2018-04-17T10:40:17","guid":{"rendered":"http:\/\/bisbalpenedes.com\/web\/?p=5454"},"modified":"2018-04-17T11:41:38","modified_gmt":"2018-04-17T10:41:38","slug":"les-regidories-que-organitzen-actes-de-festa-major-shan-reunit-amb-les-entitats-que-hi-participen","status":"publish","type":"post","link":"https:\/\/bisbalpenedes.com\/web\/2018\/04\/17\/les-regidories-que-organitzen-actes-de-festa-major-shan-reunit-amb-les-entitats-que-hi-participen\/","title":{"rendered":"Les regidories que organitzen actes de Festa Major s&#8217;han reunit amb les entitats que hi participen"},"content":{"rendered":"<p><a href=\"http:\/\/bisbalpenedes.com\/web\/wp-content\/uploads\/2018\/04\/REUNIO-ENTITATS-2-e1523961443440.jpg\"><img loading=\"lazy\" class=\"aligncenter size-large wp-image-5456\" src=\"http:\/\/bisbalpenedes.com\/web\/wp-content\/uploads\/2018\/04\/REUNIO-ENTITATS-2-e1523961443440-1024x861.jpg\" alt=\"REUNIO ENTITATS 2\" width=\"630\" height=\"530\" srcset=\"https:\/\/bisbalpenedes.com\/web\/wp-content\/uploads\/2018\/04\/REUNIO-ENTITATS-2-e1523961443440-1024x861.jpg 1024w, https:\/\/bisbalpenedes.com\/web\/wp-content\/uploads\/2018\/04\/REUNIO-ENTITATS-2-e1523961443440-600x504.jpg 600w, https:\/\/bisbalpenedes.com\/web\/wp-content\/uploads\/2018\/04\/REUNIO-ENTITATS-2-e1523961443440-300x252.jpg 300w, https:\/\/bisbalpenedes.com\/web\/wp-content\/uploads\/2018\/04\/REUNIO-ENTITATS-2-e1523961443440-768x645.jpg 768w\" sizes=\"(max-width: 630px) 100vw, 630px\" \/><\/a><\/p>\n<p style=\"text-align: justify;\"><span style=\"color: #000000;\">CATAL\u00c0 | Aquest dilluns 16 d\u2019abril diverses entitats del municipi s\u2019han reunit amb les regidores i el regidor de les \u00e0rees que organitzen i col\u00b7laboren en els actes de la Festa Major.<\/span><\/p>\n<p style=\"text-align: justify;\"><span style=\"color: #000000;\">Aquest dilluns les regidores i regidor de Festes, Cultura, Joventut i Esports, aix\u00ed com l\u2019alcaldessa, s\u2019han reunit amb les entitats i els elements de Cultura Popular que participen en els actes de la Festa Major amb la finalitat de coordinar les activitats que s\u2019oferiran al programa d\u2019enguany. Han pres part de la reuni\u00f3 el grup de Geganters i Grallers de la Societat, el Ball de Gitanes de la Bisbal, la Colla Castellera els Bous, el Ball de Diables i Diablons de la Bisbal, la Joventut Bisbalenca, Els Esventats, la secci\u00f3 d\u2019escacs de La Societat, les corals Antistiana i Santa Maria i els joves que organitzen el torneig de 12h de futbol sala uns dies abans de la Festa Major.<\/span><\/p>\n<p style=\"text-align: justify;\"><span style=\"color: #000000;\">Durant la reuni\u00f3, les entitats han posat en com\u00fa la previsi\u00f3 d\u2019actes i els dies i hores en els quals voldrien realitzar-los amb la finalitat de millorar la coordinaci\u00f3 d\u2019actes i evitar que les activitats del programa de la Festa Major s\u2019encavalquin<\/span><\/p>\n<p style=\"text-align: justify;\"><span style=\"color: #000000;\">Val a dir que l\u2019entitat Societat de Ca\u00e7adors, que organitza el tir al plat, no ha pogut assistir a la reuni\u00f3 per\u00f2 s\u00ed que ha mantingut converses amb el regidor de Festes amb la finalitat d\u2019organitzar l\u2019acte per la Festa Major.<\/span><\/p>\n<hr \/>\n<p style=\"text-align: justify;\"><span style=\"color: #000000;\">CASTELLANO | Este lunes 16 de abril varias entidades del municipio se han reunido con las concejalas y el concejal de las \u00e1reas que organizan y colaboran en los actos de fiesta mayor<\/span><\/p>\n<p style=\"text-align: justify;\"><span style=\"color: #000000;\">Este lunes las concejalas y el concejal de Fiestas, Cultura, Juventud y Deportes, as\u00ed como la alcaldesa, se han reunido con las entidades y los elementos de Cultura Popular que participan en los actos de la Fiesta Mayor con la finalidad de coordinar las actividades que se ofrecer\u00e1n en el programa de este a\u00f1o. Han tomado parte de la reuni\u00f3n el grupo de Geganters i Grallers de la Societat, el Ball de Gitanes de la Bisbal, la Colla Castellera Bous, el Ball de Diables i Diablons de la Bisbal, la Joventut Bisbalenca, Els Esventats, la secci\u00f3n de ajedrez de La Societat, los coros Antistiana y Santa Mar\u00eda y los j\u00f3venes que organizan el torneo de 12h de futbol sala unos d\u00edas antes de la Fiesta Mayor.<\/span><\/p>\n<p style=\"text-align: justify;\"><span style=\"color: #000000;\">Durante la reuni\u00f3n, las entidades han puesto en com\u00fan la previsi\u00f3n de actos y los d\u00edas y horas en los cuales querr\u00edan realizarlos con la finalidad de mejorar la coordinaci\u00f3n de actos y evitar que las actividades del programa de la Fiesta Mayor se solapen.<\/span><\/p>\n<p style=\"text-align: justify;\"><span style=\"color: #000000;\">Cabe decir que la entidad Societat de Ca\u00e7adors, que organiza el tiro al plato, no ha podido asistir a la reuni\u00f3n pero si que ha mantenido conversaciones con el concejal de Fiestas con la finalidad de organizar el acto para la Fiesta Mayor.<\/span><\/p>\n","protected":false},"excerpt":{"rendered":"<p>CATAL\u00c0 | Aquest dilluns 16 d\u2019abril diverses entitats del municipi s\u2019han reunit amb les regidores i el regidor de les \u00e0rees que organitzen i col\u00b7laboren en els actes de la &hellip; <a href=\"https:\/\/bisbalpenedes.com\/web\/2018\/04\/17\/les-regidories-que-organitzen-actes-de-festa-major-shan-reunit-amb-les-entitats-que-hi-participen\/\" class=\"more-link\">Read More<\/a><\/p>\n","protected":false},"author":4,"featured_media":5455,"comment_status":"closed","ping_status":"closed","sticky":false,"template":"","format":"standard","meta":[],"categories":[8],"tags":[],"_links":{"self":[{"href":"https:\/\/bisbalpenedes.com\/web\/wp-json\/wp\/v2\/posts\/5454"}],"collection":[{"href":"https:\/\/bisbalpenedes.com\/web\/wp-json\/wp\/v2\/posts"}],"about":[{"href":"https:\/\/bisbalpenedes.com\/web\/wp-json\/wp\/v2\/types\/post"}],"author":[{"embeddable":true,"href":"https:\/\/bisbalpenedes.com\/web\/wp-json\/wp\/v2\/users\/4"}],"replies":[{"embeddable":true,"href":"https:\/\/bisbalpenedes.com\/web\/wp-json\/wp\/v2\/comments?post=5454"}],"version-history":[{"count":2,"href":"https:\/\/bisbalpenedes.com\/web\/wp-json\/wp\/v2\/posts\/5454\/revisions"}],"predecessor-version":[{"id":5458,"href":"https:\/\/bisbalpenedes.com\/web\/wp-json\/wp\/v2\/posts\/5454\/revisions\/5458"}],"wp:featuredmedia":[{"embeddable":true,"href":"https:\/\/bisbalpenedes.com\/web\/wp-json\/wp\/v2\/media\/5455"}],"wp:attachment":[{"href":"https:\/\/bisbalpenedes.com\/web\/wp-json\/wp\/v2\/media?parent=5454"}],"wp:term":[{"taxonomy":"category","embeddable":true,"href":"https:\/\/bisbalpenedes.com\/web\/wp-json\/wp\/v2\/categories?post=5454"},{"taxonomy":"post_tag","embeddable":true,"href":"https:\/\/bisbalpenedes.com\/web\/wp-json\/wp\/v2\/tags?post=5454"}],"curies":[{"name":"wp","href":"https:\/\/api.w.org\/{rel}","templated":true}]}}