{"id":5418,"date":"2018-04-13T19:00:14","date_gmt":"2018-04-13T18:00:14","guid":{"rendered":"http:\/\/bisbalpenedes.com\/web\/?p=5418"},"modified":"2018-04-17T21:04:11","modified_gmt":"2018-04-17T20:04:11","slug":"programa-dactivitats-de-sant-jordi-2018","status":"publish","type":"post","link":"https:\/\/bisbalpenedes.com\/web\/2018\/04\/13\/programa-dactivitats-de-sant-jordi-2018\/","title":{"rendered":"Programa d&#8217;activitats de Sant Jordi 2018"},"content":{"rendered":"<p style=\"text-align: justify;\"><a href=\"http:\/\/bisbalpenedes.com\/web\/wp-content\/uploads\/2018\/04\/cartellera_promo_sant_jordi_01.jpg\"><img loading=\"lazy\" class=\"aligncenter size-large wp-image-5448\" src=\"http:\/\/bisbalpenedes.com\/web\/wp-content\/uploads\/2018\/04\/cartellera_promo_sant_jordi_01-1024x663.jpg\" alt=\"cartellera_promo_sant_jordi_01\" width=\"630\" height=\"408\" srcset=\"https:\/\/bisbalpenedes.com\/web\/wp-content\/uploads\/2018\/04\/cartellera_promo_sant_jordi_01-1024x663.jpg 1024w, https:\/\/bisbalpenedes.com\/web\/wp-content\/uploads\/2018\/04\/cartellera_promo_sant_jordi_01-600x389.jpg 600w, https:\/\/bisbalpenedes.com\/web\/wp-content\/uploads\/2018\/04\/cartellera_promo_sant_jordi_01-300x194.jpg 300w, https:\/\/bisbalpenedes.com\/web\/wp-content\/uploads\/2018\/04\/cartellera_promo_sant_jordi_01-768x497.jpg 768w\" sizes=\"(max-width: 630px) 100vw, 630px\" \/><\/a><\/p>\n<p style=\"text-align: justify;\"><strong>CATAL\u00c0 | Aquestes s\u00f3n les activitats previstes a la Bisbal per celebrar Sant Jordi<\/strong><\/p>\n<p style=\"text-align: justify;\"><strong><span style=\"text-decoration: underline;\">Dissabte 21 d&#8217;abril:<\/span><\/strong><\/p>\n<p style=\"text-align: justify;\"><strong>-A les 17.30h:<\/strong> Inauguraci\u00f3 de l&#8217;exposici\u00f3 de roses al local de l&#8217;Associaci\u00f3 de Dones de la Roca Foradada (carrer Jacint Verdaguer, 30).\u00a0 Organitza l&#8217;Ass. de Dones la Roca Foradada. Es podr\u00e0 visitar durant el cap de setmana.<\/p>\n<p style=\"text-align: justify;\"><strong>-A les 18.00h:<\/strong> Inauguraci\u00f3 de l&#8217;exposici\u00f3 de Punt de Creu, Goblen i Lanceta al CMC, amb treballs de Maria Mir\u00f3, Pepi Moreno i Camelia Ion.\u00a0L&#8217;exposici\u00f3 estar\u00e0 oberta la tarda del dissabte i el diumenge de 12 a 14h i de 17 a 19h.<\/p>\n<p style=\"text-align: justify;\"><a href=\"http:\/\/bisbalpenedes.com\/web\/wp-content\/uploads\/2018\/04\/EXPOSICIO_PUNT_CREU_GOBLEN_LANCETA_2018_A.jpg\"><img loading=\"lazy\" class=\"aligncenter size-medium wp-image-5419\" src=\"http:\/\/bisbalpenedes.com\/web\/wp-content\/uploads\/2018\/04\/EXPOSICIO_PUNT_CREU_GOBLEN_LANCETA_2018_A-233x300.jpg\" alt=\"EXPOSICIO_PUNT_CREU_GOBLEN_LANCETA_2018_A\" width=\"233\" height=\"300\" srcset=\"https:\/\/bisbalpenedes.com\/web\/wp-content\/uploads\/2018\/04\/EXPOSICIO_PUNT_CREU_GOBLEN_LANCETA_2018_A-233x300.jpg 233w, https:\/\/bisbalpenedes.com\/web\/wp-content\/uploads\/2018\/04\/EXPOSICIO_PUNT_CREU_GOBLEN_LANCETA_2018_A-600x771.jpg 600w, https:\/\/bisbalpenedes.com\/web\/wp-content\/uploads\/2018\/04\/EXPOSICIO_PUNT_CREU_GOBLEN_LANCETA_2018_A-768x987.jpg 768w, https:\/\/bisbalpenedes.com\/web\/wp-content\/uploads\/2018\/04\/EXPOSICIO_PUNT_CREU_GOBLEN_LANCETA_2018_A-797x1024.jpg 797w, https:\/\/bisbalpenedes.com\/web\/wp-content\/uploads\/2018\/04\/EXPOSICIO_PUNT_CREU_GOBLEN_LANCETA_2018_A.jpg 1313w\" sizes=\"(max-width: 233px) 100vw, 233px\" \/><\/a><\/p>\n<p style=\"text-align: justify;\"><strong>-A les 20.00h:<\/strong> Presentaci\u00f3 del llibre\u00a0<a href=\"http:\/\/bisbalpenedes.com\/web\/2018\/03\/30\/gent-de-la-restauracio-1868-1923-es-el-llibre-que-edita-enguany-lajuntament-amb-motiu-de-sant-jordi\/\"><strong>\u201cGent de la restauraci\u00f3 1868-1923\u201d\u00a0<\/strong><\/a>de Jordi Ferran Ventosa. En finalitzar la presentaci\u00f3 hi haur\u00e0 un petit refrigeri i podreu adquirir el llibre.<\/p>\n<p style=\"text-align: justify;\"><span style=\"text-decoration: underline;\"><strong>Diumenge 22 d&#8217;abril:<\/strong><\/span><\/p>\n<p style=\"text-align: justify;\"><strong>-A les 11.30h:<\/strong> Entrega de premis literaris infantils amb la recreaci\u00f3 d&#8217;una versi\u00f3 molt divertida de la llegenda de Sant Jordi que anir\u00e0 a c\u00e0rrec de la companyia Toniton. Tot seguit hi haur\u00e0 esmorzar per a tothom a la pla\u00e7a Pau Casals.<\/p>\n<p style=\"text-align: justify;\"><strong><span style=\"text-decoration: underline;\">Dilluns 23 d&#8217;abril:<\/span><\/strong><\/p>\n<p style=\"text-align: justify;\">-A les 18.30h: Entrega dels premis literaris de Sant Jordi amb actuaci\u00f3 <em>poeticomusical<\/em> en homenatge a Manuel de Pedrolo, ja que enguany se celebra l&#8217;<a href=\"http:\/\/cultura.gencat.cat\/ca\/anymanueldepedrolo\/inici\/\" target=\"_blank\">Any Manuel de Pedrolo<\/a>\u00a0(durant la setmana de Sant Jordi en donarem m\u00e9s detalls a les xarxes socials, ebando i el web municipal). L&#8217;espectacle anir\u00e0 a c\u00e0rrec de <a href=\"http:\/\/bisbalpenedes.com\/web\/2018\/04\/17\/els-dies-22-i-23-dabril-sentregaran-els-premis-del-concurs-literari-infantil-i-del-concurs-literari-de-sant-jordi\/\" target=\"_blank\">Jaume Calatayud i Vicente Monera.<\/a><\/p>\n<hr \/>\n<p style=\"text-align: justify;\"><strong>CASTELLANO<\/strong> | Estas son las actividades previstas en la Bisbal para celebrar Sant Jordi<\/p>\n<p style=\"text-align: justify;\"><span style=\"text-decoration: underline;\"><strong>Dissabte 21 d&#8217;abril<\/strong><\/span><\/p>\n<p style=\"text-align: justify;\"><strong>-A las 17.30h:<\/strong> Inauguraci\u00f3n de la exposici\u00f3n de rosas en el local de la Associaci\u00f3 de Dones la Roca Foradada (calle Jacint Verdaguer, 30). Organiza la Ass. de Dones la Roca Foradada. Se podr\u00e1 visitar durante el fin de semana.<\/p>\n<p style=\"text-align: justify;\"><strong>-A las 18.00h:<\/strong> Inauguraci\u00f3n de la exposici\u00f3n de Punto de Cruz, Goblen y Lanceta en el CMC, con trabajos de Maria Mir\u00f3, Pepi Moreno y Camelia Ion. La exposici\u00f3n estar\u00e1 abierta la tarde del s\u00e1bado y el domingo de 12 a 14h y de 17 a 19h.<\/p>\n<p style=\"text-align: justify;\"><a href=\"http:\/\/bisbalpenedes.com\/web\/wp-content\/uploads\/2018\/04\/EXPOSICIO_PUNT_CREU_GOBLEN_LANCETA_2018_A.jpg\"><img loading=\"lazy\" class=\"aligncenter size-medium wp-image-5419\" src=\"http:\/\/bisbalpenedes.com\/web\/wp-content\/uploads\/2018\/04\/EXPOSICIO_PUNT_CREU_GOBLEN_LANCETA_2018_A-233x300.jpg\" alt=\"EXPOSICIO_PUNT_CREU_GOBLEN_LANCETA_2018_A\" width=\"233\" height=\"300\" srcset=\"https:\/\/bisbalpenedes.com\/web\/wp-content\/uploads\/2018\/04\/EXPOSICIO_PUNT_CREU_GOBLEN_LANCETA_2018_A-233x300.jpg 233w, https:\/\/bisbalpenedes.com\/web\/wp-content\/uploads\/2018\/04\/EXPOSICIO_PUNT_CREU_GOBLEN_LANCETA_2018_A-600x771.jpg 600w, https:\/\/bisbalpenedes.com\/web\/wp-content\/uploads\/2018\/04\/EXPOSICIO_PUNT_CREU_GOBLEN_LANCETA_2018_A-768x987.jpg 768w, https:\/\/bisbalpenedes.com\/web\/wp-content\/uploads\/2018\/04\/EXPOSICIO_PUNT_CREU_GOBLEN_LANCETA_2018_A-797x1024.jpg 797w, https:\/\/bisbalpenedes.com\/web\/wp-content\/uploads\/2018\/04\/EXPOSICIO_PUNT_CREU_GOBLEN_LANCETA_2018_A.jpg 1313w\" sizes=\"(max-width: 233px) 100vw, 233px\" \/><\/a><\/p>\n<p style=\"text-align: justify;\"><strong>-A las 20.00h:<\/strong> Presentaci\u00f3n del libro\u00a0<a href=\"http:\/\/bisbalpenedes.com\/web\/2018\/03\/30\/gent-de-la-restauracio-1868-1923-es-el-llibre-que-edita-enguany-lajuntament-amb-motiu-de-sant-jordi\/\"><strong>\u201cGent de la restauraci\u00f3 1868-1923\u201d\u00a0<\/strong><\/a>de Jordi Ferran Ventosa. Al finalizar la presentaci\u00f3n habr\u00e1 un peque\u00f1o refrigerio y podr\u00e9is adquirir el libro.<\/p>\n<p style=\"text-align: justify;\"><span style=\"text-decoration: underline;\"><strong>Domingo 22 de abril:<\/strong><\/span><\/p>\n<p style=\"text-align: justify;\"><strong>-A las 11.30h:<\/strong> Entrega de premios literarios infantiles con la recreaci\u00f3n de una versi\u00f3n muy divertida de la leyenda de Sant Jordi que ir\u00e1 a cargo de la compa\u00f1\u00eda Toniton. A continuaci\u00f3n habr\u00e1 desayuno para todos en la plaza Pau Casals.<\/p>\n<p style=\"text-align: justify;\"><span style=\"text-decoration: underline;\"><strong>Lunes\u00a023 de abril:<\/strong><\/span><\/p>\n<p style=\"text-align: justify;\"><strong>-A las 18.30h:<\/strong> Entrega de los premios literarios de Sant Jordi con actuaci\u00f3n <em>po\u00e9tico-musical<\/em> en homenaje a Manuel de Pedrolo, ya que este a\u00f1o se celebra el <a href=\"http:\/\/cultura.gencat.cat\/ca\/anymanueldepedrolo\/inici\/\" target=\"_blank\">A\u00f1o Manuel de Pedrolo<\/a> (durante la semana de Sant Jordi os daremos m\u00e1s detalles en las redes sociales, ebando y la web municipal). El espect\u00e1culo ir\u00e1 a cargo de <a href=\"http:\/\/bisbalpenedes.com\/web\/2018\/04\/17\/els-dies-22-i-23-dabril-sentregaran-els-premis-del-concurs-literari-infantil-i-del-concurs-literari-de-sant-jordi\/\" target=\"_blank\">Jaume Calatayud y Vicente Monera.<\/a><\/p>\n<p>&nbsp;<\/p>\n<p>&nbsp;<\/p>\n<p>&nbsp;<\/p>\n<p>&nbsp;<\/p>\n","protected":false},"excerpt":{"rendered":"<p>CATAL\u00c0 | Aquestes s\u00f3n les activitats previstes a la Bisbal per celebrar Sant Jordi Dissabte 21 d&#8217;abril: -A les 17.30h: Inauguraci\u00f3 de l&#8217;exposici\u00f3 de roses al local de l&#8217;Associaci\u00f3 de &hellip; <a href=\"https:\/\/bisbalpenedes.com\/web\/2018\/04\/13\/programa-dactivitats-de-sant-jordi-2018\/\" class=\"more-link\">Read More<\/a><\/p>\n","protected":false},"author":4,"featured_media":4988,"comment_status":"closed","ping_status":"closed","sticky":false,"template":"","format":"standard","meta":[],"categories":[13],"tags":[110,1636,1644,226,1633,225,1634,86,1638,1640,1639,1646,1647,1635,1641,1642,1643,1637,178,1195,1645,843,64,1632],"_links":{"self":[{"href":"https:\/\/bisbalpenedes.com\/web\/wp-json\/wp\/v2\/posts\/5418"}],"collection":[{"href":"https:\/\/bisbalpenedes.com\/web\/wp-json\/wp\/v2\/posts"}],"about":[{"href":"https:\/\/bisbalpenedes.com\/web\/wp-json\/wp\/v2\/types\/post"}],"author":[{"embeddable":true,"href":"https:\/\/bisbalpenedes.com\/web\/wp-json\/wp\/v2\/users\/4"}],"replies":[{"embeddable":true,"href":"https:\/\/bisbalpenedes.com\/web\/wp-json\/wp\/v2\/comments?post=5418"}],"version-history":[{"count":4,"href":"https:\/\/bisbalpenedes.com\/web\/wp-json\/wp\/v2\/posts\/5418\/revisions"}],"predecessor-version":[{"id":5471,"href":"https:\/\/bisbalpenedes.com\/web\/wp-json\/wp\/v2\/posts\/5418\/revisions\/5471"}],"wp:featuredmedia":[{"embeddable":true,"href":"https:\/\/bisbalpenedes.com\/web\/wp-json\/wp\/v2\/media\/4988"}],"wp:attachment":[{"href":"https:\/\/bisbalpenedes.com\/web\/wp-json\/wp\/v2\/media?parent=5418"}],"wp:term":[{"taxonomy":"category","embeddable":true,"href":"https:\/\/bisbalpenedes.com\/web\/wp-json\/wp\/v2\/categories?post=5418"},{"taxonomy":"post_tag","embeddable":true,"href":"https:\/\/bisbalpenedes.com\/web\/wp-json\/wp\/v2\/tags?post=5418"}],"curies":[{"name":"wp","href":"https:\/\/api.w.org\/{rel}","templated":true}]}}