{"id":5413,"date":"2018-04-13T18:34:30","date_gmt":"2018-04-13T17:34:30","guid":{"rendered":"http:\/\/bisbalpenedes.com\/web\/?p=5413"},"modified":"2018-04-13T20:34:58","modified_gmt":"2018-04-13T19:34:58","slug":"talls-de-llum-programats-per-dilluns-16-dabril","status":"publish","type":"post","link":"https:\/\/bisbalpenedes.com\/web\/2018\/04\/13\/talls-de-llum-programats-per-dilluns-16-dabril\/","title":{"rendered":"Talls de llum programats per dilluns 16 d&#8217;abril"},"content":{"rendered":"<p style=\"text-align: justify;\"><span style=\"color: #000000;\"><strong>CATAL\u00c0<\/strong> | Segons ha informat Endesa Distribuci\u00f3n, est\u00e0 previst que dilluns 16 d&#8217;abril es talli la llum en els seg\u00fcents llocs i horaris per tasques de manteniment:<\/span><\/p>\n<p style=\"text-align: justify;\"><span style=\"color: #000000;\">-Carrer Balmes, 17 de la Bisbal del Pened\u00e8s, de 8.30 a 11.30h.<\/span><\/p>\n<p style=\"text-align: justify;\"><span style=\"color: #000000;\">-Carrer \u00c0ngel Guimer\u00e0 s\/n de la Bisbal del Pened\u00e8s, de 8.30 a 11.30h.<\/span><\/p>\n<p style=\"text-align: justify;\"><span style=\"color: #000000;\">Per a m\u00e9s informaci\u00f3 podeu entrar al web www.endesadistribucion.es<\/span><\/p>\n<hr \/>\n<p style=\"text-align: justify;\"><span style=\"color: #000000;\"><strong>CASTELLANO<\/strong> | Seg\u00fan ha informado Endesa Distribuci\u00f3n, est\u00e1 previsto que el lunes 16 de abril se corte la luz en los siguientes lugares y horarios por trabajos de mantenimiento:<\/span><\/p>\n<p style=\"text-align: justify;\"><span style=\"color: #000000;\">-Calle Balmes, 17 de la Bisbal del Pened\u00e8s, de 8.30h a 11.30h<\/span><\/p>\n<p style=\"text-align: justify;\"><span style=\"color: #000000;\">-Calle \u00c0ngel Guimer\u00e0 s\/n de la Bisbal del Pened\u00e8s, de 8.30h a 11.30h<\/span><\/p>\n<p style=\"text-align: justify;\"><span style=\"color: #000000;\">Para m\u00e1s informaci\u00f3n pod\u00e9is entrar en la web www.endesadistribuci\u00f3n.es<\/span><a href=\"http:\/\/bisbalpenedes.com\/web\/wp-content\/uploads\/2018\/04\/8403757-Comunicacion_Individualizada-endesa-001.jpg\"><br \/>\n<\/a><\/p>\n","protected":false},"excerpt":{"rendered":"<p>CATAL\u00c0 | Segons ha informat Endesa Distribuci\u00f3n, est\u00e0 previst que dilluns 16 d&#8217;abril es talli la llum en els seg\u00fcents llocs i horaris per tasques de manteniment: -Carrer Balmes, 17 &hellip; <a href=\"https:\/\/bisbalpenedes.com\/web\/2018\/04\/13\/talls-de-llum-programats-per-dilluns-16-dabril\/\" class=\"more-link\">Read More<\/a><\/p>\n","protected":false},"author":4,"featured_media":0,"comment_status":"closed","ping_status":"closed","sticky":false,"template":"","format":"standard","meta":[],"categories":[1628],"tags":[1630,334,335,1631,1629],"_links":{"self":[{"href":"https:\/\/bisbalpenedes.com\/web\/wp-json\/wp\/v2\/posts\/5413"}],"collection":[{"href":"https:\/\/bisbalpenedes.com\/web\/wp-json\/wp\/v2\/posts"}],"about":[{"href":"https:\/\/bisbalpenedes.com\/web\/wp-json\/wp\/v2\/types\/post"}],"author":[{"embeddable":true,"href":"https:\/\/bisbalpenedes.com\/web\/wp-json\/wp\/v2\/users\/4"}],"replies":[{"embeddable":true,"href":"https:\/\/bisbalpenedes.com\/web\/wp-json\/wp\/v2\/comments?post=5413"}],"version-history":[{"count":3,"href":"https:\/\/bisbalpenedes.com\/web\/wp-json\/wp\/v2\/posts\/5413\/revisions"}],"predecessor-version":[{"id":5421,"href":"https:\/\/bisbalpenedes.com\/web\/wp-json\/wp\/v2\/posts\/5413\/revisions\/5421"}],"wp:attachment":[{"href":"https:\/\/bisbalpenedes.com\/web\/wp-json\/wp\/v2\/media?parent=5413"}],"wp:term":[{"taxonomy":"category","embeddable":true,"href":"https:\/\/bisbalpenedes.com\/web\/wp-json\/wp\/v2\/categories?post=5413"},{"taxonomy":"post_tag","embeddable":true,"href":"https:\/\/bisbalpenedes.com\/web\/wp-json\/wp\/v2\/tags?post=5413"}],"curies":[{"name":"wp","href":"https:\/\/api.w.org\/{rel}","templated":true}]}}