{"id":5401,"date":"2018-04-11T21:36:30","date_gmt":"2018-04-11T20:36:30","guid":{"rendered":"http:\/\/bisbalpenedes.com\/web\/?p=5401"},"modified":"2018-04-11T21:38:51","modified_gmt":"2018-04-11T20:38:51","slug":"aquest-dimecres-sha-reunit-per-segona-vegada-la-mesa-de-contractacio-per-a-la-licitacio-dels-serveis-de-casal-destiu-i-casal-de-nadal","status":"publish","type":"post","link":"https:\/\/bisbalpenedes.com\/web\/2018\/04\/11\/aquest-dimecres-sha-reunit-per-segona-vegada-la-mesa-de-contractacio-per-a-la-licitacio-dels-serveis-de-casal-destiu-i-casal-de-nadal\/","title":{"rendered":"Aquest dimecres s\u2019ha reunit per segona vegada la Mesa de Contractaci\u00f3 per a la licitaci\u00f3 dels serveis de Casal d\u2019Estiu i Casal de Nadal"},"content":{"rendered":"<p style=\"text-align: justify;\"><span style=\"color: #000000;\"><strong>CATAL\u00c0<\/strong> | Aquest dimecres 11 d&#8217;abril a les 11h ha tingut lloc una nova reuni\u00f3 de la Mesa de Contractaci\u00f3 pel servei de Casal d&#8217;Estiu i Casal de Nadal.<\/span><\/p>\n<p style=\"text-align: justify;\"><span style=\"color: #000000;\">El passat <a style=\"color: #000000;\" href=\"http:\/\/bisbalpenedes.com\/web\/2018\/04\/04\/avui-sha-reunit-la-mesa-de-contractacio-per-a-la-licitacio-dels-serveis-de-casal-destiu-i-casal-de-nadal\/\" target=\"_blank\">4 d&#8217;abril<\/a> va tenir lloc la primera reuni\u00f3 i aquest dimecres cada membre de la Mesa de Contractaci\u00f3 ha donat la puntuaci\u00f3 per a cadascun dels quatre projectes que s&#8217;han presentat, segons el que estipula el plec de cl\u00e0usules de la licitaci\u00f3. Tot seguit s&#8217;ha obert el sobre B que contenia l&#8217;oferta econ\u00f2mica i aquells punts que es valoren de forma autom\u00e0tica.<\/span><\/p>\n<p style=\"text-align: justify;\"><span style=\"color: #000000;\">Un cop sumades totes les puntuacions ja se han ordenado, de m\u00e9s a menys puntuaci\u00f3, i l&#8217;empresa amb m\u00e9s puntuaci\u00f3 rebr\u00e0 la notificaci\u00f3 amb el requeriment de la documentaci\u00f3 necess\u00e0ria i el requeriment de la garantia amb la finalitat d&#8217;aprovar l&#8217;adjudicaci\u00f3 del contracte dels serveis de Casal d\u2019Estiu i de Nadal durant 4 anys.<\/span><\/p>\n<hr \/>\n<p style=\"text-align: justify;\"><span style=\"color: #000000;\"><strong>CASTELLANO<\/strong> | Este mi\u00e9rcoles 11 de abril a las 11h ha tenido lugar una nueva reuni\u00f3n de la Mesa de Contrataci\u00f3n para el servicio de Casal de Verano y Casal de Navidad.<\/span><\/p>\n<p style=\"text-align: justify;\"><span style=\"color: #000000;\">El pasado <a href=\"http:\/\/bisbalpenedes.com\/web\/2018\/04\/04\/avui-sha-reunit-la-mesa-de-contractacio-per-a-la-licitacio-dels-serveis-de-casal-destiu-i-casal-de-nadal\/\" target=\"_blank\">4 de abril<\/a> tuvo lugar la primera reuni\u00f3n y este mi\u00e9rcoles cada miembro de la Mesa de Contrataci\u00f3n ha dado la puntuaci\u00f3n para cada uno de los cuatro proyectos que se han presentado, seg\u00fan lo que estipula el pliego de cl\u00e1usulas de la licitaci\u00f3n. A continuaci\u00f3n se ha abierto el sobre B que conten\u00eda la oferta econ\u00f3mica y aquellos puntos que se valoran de forma autom\u00e1tica.<\/span><\/p>\n<p style=\"text-align: justify;\"><span style=\"color: #000000;\">Una vez sumadas todas las puntuaciones ya se han ordenado, de m\u00e1s a menos puntuaci\u00f3n, y la empresa con m\u00e1s puntuaci\u00f3n recibir\u00e1 la notificaci\u00f3n con el requerimiento de la documentaci\u00f3n necesaria y el requerimiento de la garant\u00eda con la finalidad de aprobar la adjudicaci\u00f3n del contrato de los servicios de Casal de Verano (Casal d&#8217;Estiu) y Casal de Navidad (Casal de Nadal).<\/span><\/p>\n<p>&nbsp;<\/p>\n","protected":false},"excerpt":{"rendered":"<p>CATAL\u00c0 | Aquest dimecres 11 d&#8217;abril a les 11h ha tingut lloc una nova reuni\u00f3 de la Mesa de Contractaci\u00f3 pel servei de Casal d&#8217;Estiu i Casal de Nadal. El &hellip; <a href=\"https:\/\/bisbalpenedes.com\/web\/2018\/04\/11\/aquest-dimecres-sha-reunit-per-segona-vegada-la-mesa-de-contractacio-per-a-la-licitacio-dels-serveis-de-casal-destiu-i-casal-de-nadal\/\" class=\"more-link\">Read More<\/a><\/p>\n","protected":false},"author":4,"featured_media":5403,"comment_status":"closed","ping_status":"closed","sticky":false,"template":"","format":"standard","meta":[],"categories":[4],"tags":[244,1400,1620,1619,267,1616,1617,488,1618,487],"_links":{"self":[{"href":"https:\/\/bisbalpenedes.com\/web\/wp-json\/wp\/v2\/posts\/5401"}],"collection":[{"href":"https:\/\/bisbalpenedes.com\/web\/wp-json\/wp\/v2\/posts"}],"about":[{"href":"https:\/\/bisbalpenedes.com\/web\/wp-json\/wp\/v2\/types\/post"}],"author":[{"embeddable":true,"href":"https:\/\/bisbalpenedes.com\/web\/wp-json\/wp\/v2\/users\/4"}],"replies":[{"embeddable":true,"href":"https:\/\/bisbalpenedes.com\/web\/wp-json\/wp\/v2\/comments?post=5401"}],"version-history":[{"count":1,"href":"https:\/\/bisbalpenedes.com\/web\/wp-json\/wp\/v2\/posts\/5401\/revisions"}],"predecessor-version":[{"id":5404,"href":"https:\/\/bisbalpenedes.com\/web\/wp-json\/wp\/v2\/posts\/5401\/revisions\/5404"}],"wp:featuredmedia":[{"embeddable":true,"href":"https:\/\/bisbalpenedes.com\/web\/wp-json\/wp\/v2\/media\/5403"}],"wp:attachment":[{"href":"https:\/\/bisbalpenedes.com\/web\/wp-json\/wp\/v2\/media?parent=5401"}],"wp:term":[{"taxonomy":"category","embeddable":true,"href":"https:\/\/bisbalpenedes.com\/web\/wp-json\/wp\/v2\/categories?post=5401"},{"taxonomy":"post_tag","embeddable":true,"href":"https:\/\/bisbalpenedes.com\/web\/wp-json\/wp\/v2\/tags?post=5401"}],"curies":[{"name":"wp","href":"https:\/\/api.w.org\/{rel}","templated":true}]}}