{"id":5396,"date":"2018-04-11T11:38:06","date_gmt":"2018-04-11T10:38:06","guid":{"rendered":"http:\/\/bisbalpenedes.com\/web\/?p=5396"},"modified":"2018-04-11T11:58:01","modified_gmt":"2018-04-11T10:58:01","slug":"comunicat-per-aclarir-per-que-no-esta-en-funcionament-el-servei-de-vigilancia-municipal","status":"publish","type":"post","link":"https:\/\/bisbalpenedes.com\/web\/2018\/04\/11\/comunicat-per-aclarir-per-que-no-esta-en-funcionament-el-servei-de-vigilancia-municipal\/","title":{"rendered":"Comunicat per aclarir per qu\u00e8 no est\u00e0 en funcionament el Servei de Vigil\u00e0ncia Municipal"},"content":{"rendered":"<p><span style=\"color: #000000;\"><strong>CATAL\u00c0 | COMUNICAT D&#8217;ALCALDIA PER ACLARIR PER QU\u00c8 NO EST\u00c0 EN FUNCIONAMENT EL SERVEI DE VIGIL\u00c0NCIA MUNICIPAL<\/strong><\/span><\/p>\n<p><span style=\"color: #000000;\">En les darreres setmanes la Bisbal del Pened\u00e8s ha patit diversos actes vand\u00e0lics i, fruit d\u2019aquests, la ciutadania ha preguntat en reiterades ocasions per qu\u00e8 no est\u00e0 en funcionament el servei de \u2018Vigil\u00e0ncia Municipal\u2019 o per qu\u00e8 no es torna a posar en marxa.<\/span><\/p>\n<p><span style=\"color: #000000;\">Des de l&#8217;equip de govern\u00a0volem informar novament a la ciutadania que aquest servei <strong>no ha estat mai creat i que, quan va estar en funcionament, no entrava dins de la legalitat vigent<\/strong>. \u00c9s per aix\u00f2 que, de moment, l\u2019Ajuntament ha reubicat els treballadors que exercien les tasques de \u2018vigilants\u2019 en un nou servei \u201cd\u2019informaci\u00f3 i inspecci\u00f3 municipal\u201d que est\u00e0 pendent de l\u2019aprovaci\u00f3 per part de la Generalitat de Catalunya.<\/span><\/p>\n<p><span style=\"color: #000000;\">D\u2019acord amb l\u2019article 2 de la Llei org\u00e0nica 2\/1986, de 13 de mar\u00e7, de forces i cossos de seguretat, el cos del servei de vigil\u00e0ncia que operava a la Bisbal del Pened\u00e8s no \u00e9s un cos de seguretat ni policia municipal. Tal com especifica el Decret 214\/1990 de 30 de juliol, que aprova el Reglament de personal al servei de les entitats locals, no es pot considerar que s\u2019hagi creat un cos de vigil\u00e0ncia, ja que el personal adscrit a aquest servei no \u00e9s funcionari de carrera. Com que no es tracta de funcionaris especialment habilitats, no poden portar ni utilitzar cap arma de defensa (el\u00e8ctriques, de goma, porra o similars), segons l\u2019article 8.3 de la Llei 16\/1991 de 10 de juliol de les policies locals i l\u2019article 5 del Decret 219\/1996, de 12 de juny, pel qual s\u2019aprova el Reglament d\u2019armament de les policies locals, que especifica que tampoc poden utilitzar ni manilles, ni esprais de defensa personal.<\/span><\/p>\n<p><span style=\"color: #000000;\">Aix\u00ed doncs, des del 2009 es va contractar personal sense concurs p\u00fablic per fer la tasca de \u2018vigilants municipals\u2019 d\u2019un servei que no est\u00e0 creat ni regulat i que, per tant, \u00e9s il\u00b7legal. La Llei especifica que aquests treballadors han de ser funcionaris per poder portar distintius i realitzar les tasques definides dels vigilants municipals.<\/span><\/p>\n<p style=\"text-align: justify;\"><span style=\"color: #000000;\">Segons la llei 16\/1991 de 10 de juliol de les Policies Locals, art. 3 \u201cen els municipis de menys de 10.000 habitants pot existir Policia Local si acorda la seva creaci\u00f3 la majoria absoluta del nombre legal de membres de la corresponent Corporaci\u00f3 Local i ho autoritza el Conseller de Governaci\u00f3, previ informe de la Comissi\u00f3 de Coordinaci\u00f3 de les Policies Locals\u201d.<\/span><\/p>\n<p style=\"text-align: justify;\"><span style=\"color: #000000;\">Tanmateix, es tracta d\u2019un assumpte de gran complexitat que requereix que es valorin q\u00fcestions com ara \u00a0la creaci\u00f3 d\u2019un servei, la inversi\u00f3, la contractaci\u00f3 de funcionaris mitjan\u00e7ant concurs-oposici\u00f3, el pressupost que s\u2019hi hauria de dedicar cada any, la ubicaci\u00f3 del servei o els permisos corresponents, entre altres, per la qual cosa la soluci\u00f3 que es pugui aportar, a llarg termini, haur\u00e0 de valorar aquestes i altres premisses amb la finalitat de complir la legalitat vigent i oferir un servei adequat a la poblaci\u00f3 demogr\u00e0fica i al volum de pressupost del municipi.<\/span><\/p>\n<p style=\"text-align: justify;\"><span style=\"color: #000000;\">Despr\u00e9s d\u2019una reuni\u00f3 que va mantenir l\u2019alcaldessa amb el Departament d\u2019Interior i de rebre la resposta d\u2019aquest Departament, <strong>l\u2019Ajuntament est\u00e0 treballant per trobar la f\u00f3rmula per regularitzar el \u201cServei d\u2019Informaci\u00f3 i Inspecci\u00f3 Municipal\u201d amb la finalitat de resoldre la situaci\u00f3<\/strong>. Aix\u00ed, podr\u00e0 crear noves places i treure-les a concurs per millorar el servei que s\u2019ofereix en l\u2019actualitat. El 2017 es va sol\u00b7licitar la creaci\u00f3 del servei a la Generalitat de Catalunya i l\u2019Ajuntament est\u00e0 esperant la resoluci\u00f3 favorable per poder crear noves places i ampliar l\u2019horari del servei.<\/span><\/p>\n<p style=\"text-align: justify;\"><span style=\"color: #000000;\"><strong>ANTECEDENTS<\/strong><\/span><\/p>\n<p style=\"text-align: justify;\"><span style=\"color: #000000;\">El juliol de 2009 l\u2019Ajuntament de la Bisbal va contractar als dos primers vigilants, per Decret d\u2019alcaldia i amb car\u00e0cter d\u2019urg\u00e8ncia al\u00b7legant: \u201cla necessitat de contractar treballadors per a realitzar la vigil\u00e0ncia d\u2019instal\u00b7lacions municipals ara que comen\u00e7a l\u2019\u00e8poca estival amb l\u2019increment de situacions de risc que poden afectar a edificis i instal\u00b7lacions municipals m\u00e9s si tenim en compte els darrers robatoris en edificis municipals\u201d.<\/span><\/p>\n<p style=\"text-align: justify;\"><span style=\"color: #000000;\">Tant aquests dos contractes com els posteriors van ser contractes d\u2019obra i servei per urg\u00e8ncia, sense concurs, amb un servei definit de forma incorrecta i inconcreta.<\/span><\/p>\n<p style=\"text-align: justify;\"><span style=\"color: #000000;\">Entre els anys 2010 i 2015 l\u2019Ajuntament va adquirir material i uniformes per als vigilants per valor de m\u00e9s de 30.000\u20ac, entre els quals hi havia els conceptes seg\u00fcents: adequaci\u00f3 d\u2019un vehicle, esprais de defensa personal, navalles o equipaments de policies locals.<\/span><\/p>\n<p style=\"text-align: justify;\"><span style=\"color: #000000;\">Per tot aix\u00f2, despr\u00e9s del Ple de presa de possessi\u00f3 del 13 de juny de 2015, l\u2019alcaldessa Agn\u00e8s Ferr\u00e9 va signar un Decret d\u2019alcaldia afirmant que:<\/span><\/p>\n<p style=\"text-align: justify; padding-left: 30px;\"><span style=\"color: #000000;\">-El cos de servei de vigil\u00e0ncia que opera a la Bisbal no \u00e9s un cos de seguretat ni policia municipal (art. 2 de la llei org\u00e0nica 2\/1986, de 13 de mar\u00e7, de forces i cossos de seguretat)<\/span><\/p>\n<p style=\"text-align: justify; padding-left: 30px;\"><span style=\"color: #000000;\">-En no tractar-se de funcionaris especialment habilitats, no poden portar ni utilitzar cap arma de defensa (art. 8.3 de la Llei 16\/1991 de 10 de juliol de les Policies Locals i art. 5 del Decret 219\/1996, de 12 de juny, Reglament d\u2019armament de les Policies Locals).<\/span><\/p>\n<p style=\"text-align: justify;\"><span style=\"color: #000000;\">L\u2019article 13 de la Llei 16\/1991, de 10 de juliol de les Policies Locals, concreta que els vigilants poden \u00fanicament acomplir les actuacions seg\u00fcents:<\/span><\/p>\n<ol style=\"text-align: justify;\">\n<li><span style=\"color: #000000;\">Custodiar i vigilar b\u00e9ns, serveis, instal\u00b7lacions i depend\u00e8ncies municipals.<\/span><\/li>\n<li><span style=\"color: #000000;\">Ordenar i regular el tr\u00e0nsit dins del nucli urb\u00e0, d\u2019acord amb les normes de circulaci\u00f3.<\/span><\/li>\n<li><span style=\"color: #000000;\">Participar en les tasques d\u2019auxili al ciutad\u00e0 i de protecci\u00f3 civil, d\u2019acord amb el que disposen les lleis.<\/span><\/li>\n<li><span style=\"color: #000000;\">Vetllar pel compliment dels reglaments, de les ordenances, dels bans, de les resolucions i de les altres disposicions i actes municipals.<\/span><\/li>\n<\/ol>\n<p style=\"text-align: justify;\"><span style=\"color: #000000;\">L\u2019equip de govern actual, amb la voluntat de regularitzar la situaci\u00f3 i crear el servei de vigil\u00e0ncia municipal o transformar-lo en un servei similar (regularitzant tamb\u00e9 la situaci\u00f3 dels treballadors), va fer diverses passes. El 27 de juliol de 2015 l\u2019alcaldessa Agn\u00e8s Ferr\u00e9 va assistir a una reuni\u00f3 al Departament d\u2019Interior amb la Direcci\u00f3 General d\u2019Administraci\u00f3 de Seguretat i Coordinaci\u00f3 de la Policia de Catalunya, exposant la situaci\u00f3 dels vigilants municipals i buscant una soluci\u00f3 per regularitzar l\u2019esmentat servei.<\/span><\/p>\n<p style=\"text-align: justify;\"><span style=\"color: #000000;\">El 6 d\u2019agost del 2015 va arribar la resposta de la Subdirectora General de Coordinaci\u00f3 de la Policia de Catalunya en la qual se\u2019ns feien arribar les seg\u00fcents consideracions:<\/span><\/p>\n<p style=\"text-align: justify;\"><span style=\"color: #000000;\">-La figura de vigilant (auxiliar de la Policia Local) es troba regulada en la Llei 2\/1986, de 13 de mar\u00e7, de forces de cossos de seguretat (LOFCS), on determina que el vigilant ha de ser un funcionari de carrera del municipi.<\/span><\/p>\n<p style=\"padding-left: 30px; text-align: justify;\"><span style=\"color: #000000;\">-A la Bisbal s\u00f3n personal laboral no funcionari i, per tant:<\/span><\/p>\n<p style=\"padding-left: 60px; text-align: justify;\"><span style=\"color: #000000;\">-No poden portar els uniformes ni els vehicles, \u00a0distintius o eines que puguin donar lloc a la confusi\u00f3 que es tracta de vigilants municipals.<\/span><\/p>\n<p style=\"padding-left: 30px; text-align: justify;\"><span style=\"color: #000000;\">\u00a0 \u00a0 \u00a0 \u00a0 -Tampoc no poden exercir les funcions atribu\u00efdes per la Llei de Policies Locals.<\/span><\/p>\n<p style=\"padding-left: 30px; text-align: justify;\"><span style=\"color: #000000;\">-Per regularitzar la situaci\u00f3 laboral dels vigilants, caldria convocar un proc\u00e9s selectiu on l\u2019experi\u00e8ncia i els serveis prestats poden ser valorats com a m\u00e8rit en la fase de concurs.<\/span><\/p>\n<p style=\"text-align: justify;\"><span style=\"color: #000000;\">Aix\u00ed doncs, des del 2009 es va contractar personal sense concurs p\u00fablic per fer la tasca de vigilants municipals d\u2019un servei que no est\u00e0 creat ni regulat. La Llei especifica que aquests treballadors han de ser funcionaris per poder portar distintius i realitzar les tasques definides dels vigilants municipals. Despr\u00e9s de la reuni\u00f3 que va mantenir l\u2019alcaldessa amb el Departament d\u2019Interior i de rebre la resposta del Departament d\u2019Interior, l\u2019Ajuntament va sol\u00b7licitar l\u2019any 2017 la creaci\u00f3 del \u201cServei d\u2019Informaci\u00f3 i Inspecci\u00f3\u201d per poder ampliar el personal i els horaris del servei amb la finalitat de resoldre la situaci\u00f3 i poder seguir oferint un bon servei a la ciutadania. Tan bon punt arribi la resoluci\u00f3 favorable de la Generalitat de Catalunya, es tirar\u00e0 endavant el concurs i es fixaran els horaris i les bases de funcionament del servei.<\/span><\/p>\n<hr \/>\n<p style=\"text-align: justify;\"><span style=\"color: #000000;\">CASTELLANO |<\/span><\/p>\n<p style=\"text-align: justify;\"><span style=\"color: #000000;\"><strong>COMUNICADO DE ALCALD\u00cdA PARA ACLARAR POR QU\u00c9 O EST\u00c1 EN FUNCIONAMIENTO EL SERVICIO DE VIGILANCIA MUNICIPAL<\/strong><\/span><\/p>\n<p style=\"text-align: justify;\"><span style=\"color: #000000;\">En las \u00faltimas semanas la Bisbal del Pened\u00e8s ha sufrido varios ataques vand\u00e1licos y, fruto de estos, la ciudadan\u00eda ha preguntado en reiteradas ocasiones por qu\u00e9\u00a0 no est\u00e1 en funcionamiento el servicio de \u2018Vigilancia Municipal\u2019 o por qu\u00e9 no se vuelve a poner en marcha.<\/span><\/p>\n<p style=\"text-align: justify;\"><span style=\"color: #000000;\">Desde el\u00a0equipo de gobierno\u00a0queremos informar nuevamente a la ciudadan\u00eda que este servicio no se ha creado nunca y que, cuando estuvo en funcionamiento, no entraba dentro de la legalidad vigente. Es por esto que, de momento, el Ayuntamiento ha reubicado a los trabajadores que ejerc\u00edan las tareas de \u2018vigilantes\u2019 en un nuevo servicio de \u201cInformaci\u00f3n e Inspecci\u00f3n Municipal\u201d que est\u00e1 pendiente de la aprobaci\u00f3n por parte de la Generalitat de Catalunya.<\/span><\/p>\n<p style=\"text-align: justify;\"><span style=\"color: #000000;\">De acuerdo con el art\u00edculo 2 de la Ley Org\u00e1nica 2\/1986, de 13 de marzo, las fuerzas y cuerpos de seguridad, el cuerpo de servicio de vigilancia que operaba en la Bisbal del Pened\u00e8s no es un cuerpo de seguridad ni polic\u00eda municipal. Tal como especifica el Decreto 214\/1990 de 30 de julio, que aprueba el Reglamento de personal al servicio de las entidades locales, no se puede considerar que se haya creado un cuerpo de vigilancia, ya que el personal adscrito a este servicio no es funcionario de carrera. Como que no se trata de funcionarios especialmente habilitados, no pueden llevar ni utilizar ninguna arma de defensa (el\u00e9ctricas, de goma, porra o similares), seg\u00fan el art\u00edculo 8.3 de la Ley 16\/1991 del 10 de julio de las Polic\u00edas Locales y el art\u00edculo 5 del Decreto 219\/1996, de 12 de junio, por el cual se aprueba el Reglamento de armamento de las polic\u00edas locales, que especifica que tampoco pueden utilizar ni esposas, ni <em>sprays<\/em> de defensa personal.<\/span><\/p>\n<p style=\"text-align: justify;\"><span style=\"color: #000000;\">As\u00ed pues, desde el 2009 se contrat\u00f3 personal sin concurso p\u00fablico para hacer el trabajo de \u2018vigilantes municipales\u2019 de un servicio que no est\u00e1 creado ni regulado y que, por lo tanto, es ilegal. La Ley especifica que estos trabajadores deben ser funcionarios para poder llevar distintivos y realizar los trabajos definidos de los vigilantes municipales.<\/span><\/p>\n<p style=\"text-align: justify;\"><span style=\"color: #000000;\">Seg\u00fan la Ley 16\/1991 del 10 de julio de las Polic\u00edas Locales, art. 3 \u201cen los municipios de menos de 10.000 habitantes puede existir Polic\u00eda Local si acuerda su creaci\u00f3n la mayor\u00eda absoluta del n\u00famero legal de miembros de la correspondiente Corporaci\u00f3n Local y lo autoriza el <em>Conseller de Governaci\u00f3<\/em>, previo informe de la Comisi\u00f3n de Coordinaci\u00f3n de las Polic\u00edas Locales\u201d.<\/span><\/p>\n<p style=\"text-align: justify;\"><span style=\"color: #000000;\">No obstante, se trata de un asunto de gran complejidad que requiere que se valoren cuestiones como por ejemplo la creaci\u00f3n de un servicio, la inversi\u00f3n, la contrataci\u00f3n de funcionarios mediante concurso-oposici\u00f3n, el presupuesto que se deber\u00eda dedicar cada a\u00f1o al servicio, la ubicaci\u00f3n del servicio o los permisos correspondientes, entre otros, por la cual cosa la soluci\u00f3n que se pueda aportar, a largo plazo, deber\u00e1 valorar estas y otras premisas con la finalidad de cumplir con la legalidad vigente y ofrecer un servicio adecuado a la poblaci\u00f3n demogr\u00e1fica y al volumen de presupuesto del municipio.<\/span><\/p>\n<p style=\"text-align: justify;\"><span style=\"color: #000000;\">Despu\u00e9s de una reuni\u00f3n que mantuvo la alcaldesa con el Departamento de Interior y de recibir la respuesta de este Departamento, el Ayuntamiento est\u00e1 trabajando para encontrar la f\u00f3rmula para regularizar el \u201cServicio de Informaci\u00f3n e Inspecci\u00f3n Municipal\u201d con la finalidad de resolver la situaci\u00f3n. As\u00ed, podr\u00e1 crear nuevas plazas y sacarlas a concurso para mejorar el servicio que se ofrece en la actualidad. El a\u00f1o 2017 se solicit\u00f3 la creaci\u00f3n del servicio a la Generalitat de Catalunya y el Ayuntamiento est\u00e1 esperando la resoluci\u00f3n favorable para poder crear nuevas plazas y ampliar el horario del servicio.<\/span><\/p>\n<p style=\"text-align: justify;\"><span style=\"color: #000000;\">ANTECEDENTES<\/span><\/p>\n<p style=\"text-align: justify;\"><span style=\"color: #000000;\">En julio del 2009 el Ayuntamiento de la Bisbal contrat\u00f3 a los dos primeros vigilantes, por Decreto de alcald\u00eda y con car\u00e1cter de urgencia alegando: \u201cla necesidad de contratar trabajadores para realizar la vigilancia de instalaciones municipales ahora que empieza la \u00e9poca estival con el incremento de situaciones de riesgo que pueden afectar a los edificios e instalaciones municipales m\u00e1s si tenemos en cuenta los \u00faltimos robos en edificios municipales\u201d.<\/span><\/p>\n<p style=\"text-align: justify;\"><span style=\"color: #000000;\">Tanto estos dos contratos como los posteriores fueron contratos de obra y servicio por urgencia, sin concurso, con un servicio definido de forma incorrecta e inconcreta.<\/span><\/p>\n<p style=\"text-align: justify;\"><span style=\"color: #000000;\">Entre los a\u00f1os 2010 y 2015 el Ayuntamiento adquiri\u00f3 material y uniformes para los vigilantes por valor de m\u00e1s de 30.000\u20ac, entre los cuales hab\u00eda los conceptos siguientes: adecuaci\u00f3n de un veh\u00edculo, <em>sprays<\/em> de defensa personal, navajas o equipamientos de policias locales.<\/span><\/p>\n<p style=\"text-align: justify;\"><span style=\"color: #000000;\">Por todo ello, despu\u00e9s del Pleno de toma de posesi\u00f3n del 13 de junio del 2015, la alcaldesa Agn\u00e8s Ferr\u00e9 firm\u00f3 un Decreto de alcald\u00eda afirmando que:<\/span><\/p>\n<p style=\"padding-left: 30px; text-align: justify;\"><span style=\"color: #000000;\">-El cuerpo de servicio de vigilancia que opera en la Bisbal no es un cuerpo de seguridad ni polic\u00eda municipal (art. 2 de la Ley Org\u00e1nica 2\/1986, de 13 de marzo, de fuerzas y cuerpos de seguridad).<\/span><\/p>\n<p style=\"padding-left: 30px; text-align: justify;\"><span style=\"color: #000000;\">-En no tratarse de funcionarios especialmente habilitados, no pueden llevar ni utilizar ning\u00fan arma de defensa (art. 8.3 de la Ley 16\/1991 del 10 de julio de las Polic\u00edas Locales y art. 5 del Decreto 219\/1996, de 12 de junio, Reglamento de armamento de las Polic\u00edas Locales).<\/span><\/p>\n<p style=\"text-align: justify;\"><span style=\"color: #000000;\">El art\u00edculo 13 de la Ley 16\/1991, de 10 de julio de las Polic\u00edas Locales, concreta que los vigilantes pueden \u00fanicamente cumplir las actuaciones siguientes:<\/span><\/p>\n<ol style=\"text-align: justify;\">\n<li><span style=\"color: #000000;\">Custodiar y vigilar bienes, servicios, instalaciones y dependencias municipales<\/span><\/li>\n<li><span style=\"color: #000000;\">Ordenar y regular el tr\u00e1fico dentro del n\u00facleo urbano, de acuerdo con las normas de circulaci\u00f3n.<\/span><\/li>\n<li><span style=\"color: #000000;\">Participar en los trabajos de auxilio al ciudadano y de protecci\u00f3n civil, de acuerdo con lo que disponen las leyes.<\/span><\/li>\n<li><span style=\"color: #000000;\">Velar por el cumplimiento de los reglamentos, las ordenanzas, los bandos, de las resoluciones y de las otras disposiciones y actas municipales.<\/span><\/li>\n<\/ol>\n<p style=\"text-align: justify;\"><span style=\"color: #000000;\">El equipo de gobierno actual, con la voluntad de regularizar la situaci\u00f3n y de crear el servicio de vigilancia municipal o transformarlo en un servicio similar (regularizando tambi\u00e9n la situaci\u00f3n de los trabajadores), ha hecho varios pasos. El 27 de julio del 2015 la alcaldesa Agn\u00e8s Ferr\u00e9 asisti\u00f3 a una reuni\u00f3n en el Departamento de Interior con la Direcci\u00f3n General de Administraci\u00f3n de Seguridad y Coordinaci\u00f3n de la Polic\u00eda de Catalu\u00f1a, exponiendo la situaci\u00f3n de los vigilantes municipales y buscando una soluci\u00f3n para regularizar el servicio citado anteriormente.<\/span><\/p>\n<p style=\"text-align: justify;\"><span style=\"color: #000000;\">El 6 de agosto del 2015 lleg\u00f3 la respuesta de la Subdirectora General de Coordinaci\u00f3n de la Polic\u00eda de Catalunya en la que se hac\u00edan llegar las siguientes consideraciones:<\/span><\/p>\n<p style=\"text-align: justify;\"><span style=\"color: #000000;\">\u00a0\u00a0\u00a0\u00a0\u00a0\u00a0\u00a0\u00a0\u00a0\u00a0\u00a0\u00a0\u00a0\u00a0\u00a0 -La figura del vigilante (auxiliar de la Polic\u00eda Local) se encuentra regulada en la Ley 2\/1986, del 13 de marzo, de fuerzas y cuerpos de seguridad (LOFCS), donde se determina que el vigilante debe ser un funcionario de carrera del municipio.<\/span><\/p>\n<p style=\"padding-left: 30px; text-align: justify;\"><span style=\"color: #000000;\">-En la Bisbal son personal laboral no funcionario y, por lo tanto:<\/span><\/p>\n<p style=\"padding-left: 60px; text-align: justify;\"><span style=\"color: #000000;\">-No pueden llevar los uniformes ni los veh\u00edculos, distintivos o herramientas que puedan dar lugar a la confusi\u00f3n de qu\u00e9 se trata de vigilantes municipales.<\/span><\/p>\n<p style=\"padding-left: 60px; text-align: justify;\"><span style=\"color: #000000;\">-Tampoco no pueden ejercer las funciones atribuidas por la Ley de Polic\u00edas Locales.<\/span><\/p>\n<p style=\"padding-left: 30px; text-align: justify;\"><span style=\"color: #000000;\">-Para regularizar la situaci\u00f3n laboral de los vigilantes, se tendr\u00eda que convocar un proceso selectivo donde la experiencia y los servicios prestados pueden ser valorados como m\u00e9rito en la fase de concurso.<\/span><\/p>\n<p style=\"text-align: justify;\"><span style=\"color: #000000;\">As\u00ed pues, desde el 2009 se contrat\u00f3 personal sin concurso p\u00fablico para hacer el trabajo de vigilante municipal de un servicio que no est\u00e1 creado ni regulado. La Ley especifica que estos trabajadores deben ser funcionarios para poder llevar distintivos y realizar los trabajos definidos de los vigilantes municipales. Despu\u00e9s de la reuni\u00f3n que mantuvo la alcaldesa con el Departamento de Interior y de recibir la respuesta del Departamento, el Ayuntamiento solicit\u00f3 el a\u00f1o 2017 la creaci\u00f3n del \u201cServicio de Informaci\u00f3n e Inspecci\u00f3n\u201d para poder ampliar el personal y los horarios del servicio con la finalidad de resolver la situaci\u00f3n y poder seguir ofreciendo un buen servicio a la ciudadan\u00eda. Tan pronto como llegue la resoluci\u00f3n favorable de la Generalitat de Catalunya, se llevar\u00e1 a cabo el concurso y se fijar\u00e1n los horarios y las bases de funcionamiento del servicio.<\/span><\/p>\n","protected":false},"excerpt":{"rendered":"<p>CATAL\u00c0 | COMUNICAT D&#8217;ALCALDIA PER ACLARIR PER QU\u00c8 NO EST\u00c0 EN FUNCIONAMENT EL SERVEI DE VIGIL\u00c0NCIA MUNICIPAL En les darreres setmanes la Bisbal del Pened\u00e8s ha patit diversos actes vand\u00e0lics &hellip; <a href=\"https:\/\/bisbalpenedes.com\/web\/2018\/04\/11\/comunicat-per-aclarir-per-que-no-esta-en-funcionament-el-servei-de-vigilancia-municipal\/\" class=\"more-link\">Read More<\/a><\/p>\n","protected":false},"author":4,"featured_media":3049,"comment_status":"closed","ping_status":"closed","sticky":false,"template":"","format":"standard","meta":[],"categories":[4],"tags":[1615,1605,1613,1614,1612,1611],"_links":{"self":[{"href":"https:\/\/bisbalpenedes.com\/web\/wp-json\/wp\/v2\/posts\/5396"}],"collection":[{"href":"https:\/\/bisbalpenedes.com\/web\/wp-json\/wp\/v2\/posts"}],"about":[{"href":"https:\/\/bisbalpenedes.com\/web\/wp-json\/wp\/v2\/types\/post"}],"author":[{"embeddable":true,"href":"https:\/\/bisbalpenedes.com\/web\/wp-json\/wp\/v2\/users\/4"}],"replies":[{"embeddable":true,"href":"https:\/\/bisbalpenedes.com\/web\/wp-json\/wp\/v2\/comments?post=5396"}],"version-history":[{"count":4,"href":"https:\/\/bisbalpenedes.com\/web\/wp-json\/wp\/v2\/posts\/5396\/revisions"}],"predecessor-version":[{"id":5400,"href":"https:\/\/bisbalpenedes.com\/web\/wp-json\/wp\/v2\/posts\/5396\/revisions\/5400"}],"wp:featuredmedia":[{"embeddable":true,"href":"https:\/\/bisbalpenedes.com\/web\/wp-json\/wp\/v2\/media\/3049"}],"wp:attachment":[{"href":"https:\/\/bisbalpenedes.com\/web\/wp-json\/wp\/v2\/media?parent=5396"}],"wp:term":[{"taxonomy":"category","embeddable":true,"href":"https:\/\/bisbalpenedes.com\/web\/wp-json\/wp\/v2\/categories?post=5396"},{"taxonomy":"post_tag","embeddable":true,"href":"https:\/\/bisbalpenedes.com\/web\/wp-json\/wp\/v2\/tags?post=5396"}],"curies":[{"name":"wp","href":"https:\/\/api.w.org\/{rel}","templated":true}]}}