{"id":5394,"date":"2018-04-11T07:52:00","date_gmt":"2018-04-11T06:52:00","guid":{"rendered":"http:\/\/bisbalpenedes.com\/web\/?p=5394"},"modified":"2018-04-11T07:59:58","modified_gmt":"2018-04-11T06:59:58","slug":"lajuntament-de-la-bisbal-condemna-energicament-latac-amb-perdigonades-que-ha-rebut-un-habitatge-del-municipi-en-els-ultims-dies","status":"publish","type":"post","link":"https:\/\/bisbalpenedes.com\/web\/2018\/04\/11\/lajuntament-de-la-bisbal-condemna-energicament-latac-amb-perdigonades-que-ha-rebut-un-habitatge-del-municipi-en-els-ultims-dies\/","title":{"rendered":"L\u2019Ajuntament de la Bisbal condemna en\u00e8rgicament l\u2019atac amb perdigonades que ha rebut un habitatge del municipi en els \u00faltims dies"},"content":{"rendered":"<p style=\"text-align: right;\"><span style=\"color: #000000;\">A la Bisbal del Pened\u00e8s, 11 d\u2019abril de 2018<\/span><\/p>\n<p><span style=\"color: #000000;\"><strong>COMUNICAT DE L&#8217;AJUNTAMENT DE LA BISBAL DEL PENED\u00c8S<\/strong><\/span><\/p>\n<p style=\"text-align: justify;\"><span style=\"color: #000000;\">Des de l\u2019Ajuntament de la Bisbal volem expressar el nostre m\u00e9s rotund rebuig a l\u2019atac amb perdigonades que ha rebut un habitatge del nucli hist\u00f2ric de la Bisbal fa uns dies. No volem per al nostre poble, ni per a cap altre del m\u00f3n, cap mena d\u2019ab\u00fas ni atac, aix\u00ed com estem en contra de qualsevol tipus de viol\u00e8ncia, amena\u00e7a, pressi\u00f3 o coacci\u00f3.<\/span><\/p>\n<p style=\"text-align: justify;\"><span style=\"color: #000000;\">La Bisbal del Pened\u00e8s \u00e9s un poble inclusiu i respectu\u00f3s i volem que ho continu\u00ef sent. \u00a0<\/span><\/p>\n<p style=\"text-align: justify;\"><span style=\"color: #000000;\">A fi d\u2019identificar l\u2019autor o els autors dels fets, des de l\u2019Ajuntament de la Bisbal del Pened\u00e8s demanem col\u00b7laboraci\u00f3 ciutadana. Tota informaci\u00f3 que pugui aportar la ciutadania sobre aquest atac ser\u00e0 benvinguda i tractada amb total confidencialitat.<\/span><\/p>\n<p>&nbsp;<\/p>\n<p style=\"text-align: right;\"><span style=\"color: #000000;\"><strong>Agn\u00e8s Ferr\u00e9<\/strong><\/span><\/p>\n<p style=\"text-align: right;\"><span style=\"color: #000000;\"><strong>Alcaldessa de la Bisbal del Pened\u00e8s<\/strong><\/span><\/p>\n","protected":false},"excerpt":{"rendered":"<p>A la Bisbal del Pened\u00e8s, 11 d\u2019abril de 2018 COMUNICAT DE L&#8217;AJUNTAMENT DE LA BISBAL DEL PENED\u00c8S Des de l\u2019Ajuntament de la Bisbal volem expressar el nostre m\u00e9s rotund rebuig &hellip; <a href=\"https:\/\/bisbalpenedes.com\/web\/2018\/04\/11\/lajuntament-de-la-bisbal-condemna-energicament-latac-amb-perdigonades-que-ha-rebut-un-habitatge-del-municipi-en-els-ultims-dies\/\" class=\"more-link\">Read More<\/a><\/p>\n","protected":false},"author":4,"featured_media":4174,"comment_status":"closed","ping_status":"closed","sticky":false,"template":"","format":"standard","meta":[],"categories":[4],"tags":[1608,1606,1610,1605,1607,1609],"_links":{"self":[{"href":"https:\/\/bisbalpenedes.com\/web\/wp-json\/wp\/v2\/posts\/5394"}],"collection":[{"href":"https:\/\/bisbalpenedes.com\/web\/wp-json\/wp\/v2\/posts"}],"about":[{"href":"https:\/\/bisbalpenedes.com\/web\/wp-json\/wp\/v2\/types\/post"}],"author":[{"embeddable":true,"href":"https:\/\/bisbalpenedes.com\/web\/wp-json\/wp\/v2\/users\/4"}],"replies":[{"embeddable":true,"href":"https:\/\/bisbalpenedes.com\/web\/wp-json\/wp\/v2\/comments?post=5394"}],"version-history":[{"count":1,"href":"https:\/\/bisbalpenedes.com\/web\/wp-json\/wp\/v2\/posts\/5394\/revisions"}],"predecessor-version":[{"id":5395,"href":"https:\/\/bisbalpenedes.com\/web\/wp-json\/wp\/v2\/posts\/5394\/revisions\/5395"}],"wp:featuredmedia":[{"embeddable":true,"href":"https:\/\/bisbalpenedes.com\/web\/wp-json\/wp\/v2\/media\/4174"}],"wp:attachment":[{"href":"https:\/\/bisbalpenedes.com\/web\/wp-json\/wp\/v2\/media?parent=5394"}],"wp:term":[{"taxonomy":"category","embeddable":true,"href":"https:\/\/bisbalpenedes.com\/web\/wp-json\/wp\/v2\/categories?post=5394"},{"taxonomy":"post_tag","embeddable":true,"href":"https:\/\/bisbalpenedes.com\/web\/wp-json\/wp\/v2\/tags?post=5394"}],"curies":[{"name":"wp","href":"https:\/\/api.w.org\/{rel}","templated":true}]}}