{"id":5390,"date":"2018-04-10T20:00:14","date_gmt":"2018-04-10T19:00:14","guid":{"rendered":"http:\/\/bisbalpenedes.com\/web\/?p=5390"},"modified":"2018-04-10T20:02:15","modified_gmt":"2018-04-10T19:02:15","slug":"voleu-aprendre-idiomes-ja-podeu-fer-la-preinscripcio-a-lescola-municipal-didiomes","status":"publish","type":"post","link":"https:\/\/bisbalpenedes.com\/web\/2018\/04\/10\/voleu-aprendre-idiomes-ja-podeu-fer-la-preinscripcio-a-lescola-municipal-didiomes\/","title":{"rendered":"Voleu aprendre idiomes? Ja podeu fer la preinscripci\u00f3 a l&#8217;Escola Municipal d&#8217;Idiomes"},"content":{"rendered":"<p><a href=\"http:\/\/bisbalpenedes.com\/web\/wp-content\/uploads\/2018\/04\/MATRICULA-ESCOLA-DIDIOMES-001.jpg\"><img loading=\"lazy\" class=\"aligncenter size-large wp-image-5391\" src=\"http:\/\/bisbalpenedes.com\/web\/wp-content\/uploads\/2018\/04\/MATRICULA-ESCOLA-DIDIOMES-001-724x1024.jpg\" alt=\"MATRICULA ESCOLA D'IDIOMES-001\" width=\"630\" height=\"891\" srcset=\"https:\/\/bisbalpenedes.com\/web\/wp-content\/uploads\/2018\/04\/MATRICULA-ESCOLA-DIDIOMES-001-724x1024.jpg 724w, https:\/\/bisbalpenedes.com\/web\/wp-content\/uploads\/2018\/04\/MATRICULA-ESCOLA-DIDIOMES-001-600x849.jpg 600w, https:\/\/bisbalpenedes.com\/web\/wp-content\/uploads\/2018\/04\/MATRICULA-ESCOLA-DIDIOMES-001-212x300.jpg 212w, https:\/\/bisbalpenedes.com\/web\/wp-content\/uploads\/2018\/04\/MATRICULA-ESCOLA-DIDIOMES-001-768x1086.jpg 768w, https:\/\/bisbalpenedes.com\/web\/wp-content\/uploads\/2018\/04\/MATRICULA-ESCOLA-DIDIOMES-001.jpg 1190w\" sizes=\"(max-width: 630px) 100vw, 630px\" \/><\/a><\/p>\n<p>CATAL\u00c0\u00a0| Voleu aprendre idiomes? La Regidoria d&#8217;Educaci\u00f3 us informa que s&#8217;ha obert el per\u00edode de preinscripci\u00f3 per als cursos de l&#8217;Escola Municipal d&#8217;Idiomes de la Bisbal. L&#8217;Escola est\u00e0 oberta a persones de totes les edats i nivells de coneixement de la llengua estrangera. Per a m\u00e9s informaci\u00f3 contacteu amb Punt de Partida a trav\u00e9s dels tel\u00e8fons i el correu electr\u00f2nic que apareixen a la part inferior de la imatge. Tamb\u00e9 podeu adre\u00e7ar-vos a la Regidoria d&#8217;Educaci\u00f3, on us fac<span class=\"text_exposed_show\">ilitaran informaci\u00f3 sobre els cursos, el funcionament de l&#8217;escola i les preinscripcions.<\/span><\/p>\n<div class=\"text_exposed_show\">\n<p>&#8212;<\/p>\n<p>CASTELLANO | \u00bfQuer\u00e9is aprender idiomas? La Concejal\u00eda de Educaci\u00f3n os informa que se ha abierto el periodo de preinscripci\u00f3n para los cursos de la Escuela Municipal de Idiomas de la Bisbal. La Escuela est\u00e1 abierta a personas de todas las edades y niveles de conocimiento de la lengua extranjera. Para m\u00e1s informaci\u00f3n contactad con Punt de Partida a trav\u00e9s de los tel\u00e9fonos y el correo electr\u00f3nico que aparecen en la parte inferior de la imagen. Tambi\u00e9n pod\u00e9is dirigiros a la Concejal\u00eda de Educaci\u00f3n, d\u00f3nde os facilitar\u00e1n informaci\u00f3n sobre los cursos, el funcionamiento de la escuela y las preinscripciones.<\/p>\n<\/div>\n","protected":false},"excerpt":{"rendered":"<p>CATAL\u00c0\u00a0| Voleu aprendre idiomes? La Regidoria d&#8217;Educaci\u00f3 us informa que s&#8217;ha obert el per\u00edode de preinscripci\u00f3 per als cursos de l&#8217;Escola Municipal d&#8217;Idiomes de la Bisbal. L&#8217;Escola est\u00e0 oberta a &hellip; <a href=\"https:\/\/bisbalpenedes.com\/web\/2018\/04\/10\/voleu-aprendre-idiomes-ja-podeu-fer-la-preinscripcio-a-lescola-municipal-didiomes\/\" class=\"more-link\">Read More<\/a><\/p>\n","protected":false},"author":4,"featured_media":5391,"comment_status":"closed","ping_status":"closed","sticky":false,"template":"","format":"standard","meta":[],"categories":[16],"tags":[1598,835,834,1603,1604,1596,836,1601,833,1599,1597,1600,1602,837],"_links":{"self":[{"href":"https:\/\/bisbalpenedes.com\/web\/wp-json\/wp\/v2\/posts\/5390"}],"collection":[{"href":"https:\/\/bisbalpenedes.com\/web\/wp-json\/wp\/v2\/posts"}],"about":[{"href":"https:\/\/bisbalpenedes.com\/web\/wp-json\/wp\/v2\/types\/post"}],"author":[{"embeddable":true,"href":"https:\/\/bisbalpenedes.com\/web\/wp-json\/wp\/v2\/users\/4"}],"replies":[{"embeddable":true,"href":"https:\/\/bisbalpenedes.com\/web\/wp-json\/wp\/v2\/comments?post=5390"}],"version-history":[{"count":2,"href":"https:\/\/bisbalpenedes.com\/web\/wp-json\/wp\/v2\/posts\/5390\/revisions"}],"predecessor-version":[{"id":5393,"href":"https:\/\/bisbalpenedes.com\/web\/wp-json\/wp\/v2\/posts\/5390\/revisions\/5393"}],"wp:featuredmedia":[{"embeddable":true,"href":"https:\/\/bisbalpenedes.com\/web\/wp-json\/wp\/v2\/media\/5391"}],"wp:attachment":[{"href":"https:\/\/bisbalpenedes.com\/web\/wp-json\/wp\/v2\/media?parent=5390"}],"wp:term":[{"taxonomy":"category","embeddable":true,"href":"https:\/\/bisbalpenedes.com\/web\/wp-json\/wp\/v2\/categories?post=5390"},{"taxonomy":"post_tag","embeddable":true,"href":"https:\/\/bisbalpenedes.com\/web\/wp-json\/wp\/v2\/tags?post=5390"}],"curies":[{"name":"wp","href":"https:\/\/api.w.org\/{rel}","templated":true}]}}