{"id":5376,"date":"2018-04-09T13:16:18","date_gmt":"2018-04-09T12:16:18","guid":{"rendered":"http:\/\/bisbalpenedes.com\/web\/?p=5376"},"modified":"2018-04-09T13:24:29","modified_gmt":"2018-04-09T12:24:29","slug":"lajuntament-de-la-bisbal-del-penedes-incorpora-marta-aznar-caballero-com-a-carrec-de-confianca-de-les-arees-de-benestar-social-i-educacio","status":"publish","type":"post","link":"https:\/\/bisbalpenedes.com\/web\/2018\/04\/09\/lajuntament-de-la-bisbal-del-penedes-incorpora-marta-aznar-caballero-com-a-carrec-de-confianca-de-les-arees-de-benestar-social-i-educacio\/","title":{"rendered":"L\u2019Ajuntament de la Bisbal del Pened\u00e8s incorpora un nou c\u00e0rrec de confian\u00e7a a les \u00e0rees de Benestar Social i Educaci\u00f3"},"content":{"rendered":"<p><span style=\"color: #000000;\"><strong>CATAL\u00c0<\/strong> | En el pacte de govern signat entre el PDeCAT (CIU al 2015) i el PSC, s\u2019inclo\u00efa un c\u00e0rrec de confian\u00e7a del PSC. Per tant, la Regidora de les \u00e0rees de Benestar Social i Educaci\u00f3 i primera tinent d\u2019alcaldessa, Maguy Antol\u00edn, ha sol\u00b7licitat la incorporaci\u00f3 de Marta Aznar Caballero com a c\u00e0rrec eventual de les \u00e0rees esmentades, despr\u00e9s de\u00a0cessar del c\u00e0rrec de confian\u00e7a anterior.<\/span><\/p>\n<p><span style=\"color: #000000;\">Aquesta persona s&#8217;encarregar\u00e0 de les feines administratives que les regidories d&#8217;Educaci\u00f3 i Benestar Social exigeixen, amb plena dedicaci\u00f3. El contracte de personal eventual entra en vig\u00e8ncia avui dilluns 9 d\u2019abril de 2018.<\/span><\/p>\n<p><span style=\"color: #000000;\"><strong>CASTELLANO<\/strong> | En el pacto de gobierno firmado entre el PDeCAT (CIU en el 2015) y el PSC, se inclu\u00eda un cargo de confianza del PSC. Por lo tanto, la Concejala de las \u00e1reas de Bienestar Social y Educaci\u00f3n y primera teniente de alcaldesa, Maguy Antol\u00edn, ha solicitado la incorporaci\u00f3n de Marta Aznar Caballero como cargo eventual de las \u00e1reas citadas, despu\u00e9s de\u00a0cesar\u00a0al cargo de confianza anterior.<\/span><\/p>\n<p><span style=\"color: #000000;\">Esta persona se encargar\u00e1 de los trabajos administrativos que las concejal\u00edas de Educaci\u00f3n y Bienestar Social exijan, con plena dedicaci\u00f3n. El contrato de personal eventual tiene vigencia a partir de hoy, lunes 9 de abril del 2018.<\/span><\/p>\n<p>&nbsp;<\/p>\n<p>&nbsp;<\/p>\n","protected":false},"excerpt":{"rendered":"<p>CATAL\u00c0 | En el pacte de govern signat entre el PDeCAT (CIU al 2015) i el PSC, s\u2019inclo\u00efa un c\u00e0rrec de confian\u00e7a del PSC. Per tant, la Regidora de les &hellip; <a href=\"https:\/\/bisbalpenedes.com\/web\/2018\/04\/09\/lajuntament-de-la-bisbal-del-penedes-incorpora-marta-aznar-caballero-com-a-carrec-de-confianca-de-les-arees-de-benestar-social-i-educacio\/\" class=\"more-link\">Read More<\/a><\/p>\n","protected":false},"author":4,"featured_media":4905,"comment_status":"closed","ping_status":"closed","sticky":false,"template":"","format":"standard","meta":[],"categories":[8],"tags":[1590,1589,1591],"_links":{"self":[{"href":"https:\/\/bisbalpenedes.com\/web\/wp-json\/wp\/v2\/posts\/5376"}],"collection":[{"href":"https:\/\/bisbalpenedes.com\/web\/wp-json\/wp\/v2\/posts"}],"about":[{"href":"https:\/\/bisbalpenedes.com\/web\/wp-json\/wp\/v2\/types\/post"}],"author":[{"embeddable":true,"href":"https:\/\/bisbalpenedes.com\/web\/wp-json\/wp\/v2\/users\/4"}],"replies":[{"embeddable":true,"href":"https:\/\/bisbalpenedes.com\/web\/wp-json\/wp\/v2\/comments?post=5376"}],"version-history":[{"count":6,"href":"https:\/\/bisbalpenedes.com\/web\/wp-json\/wp\/v2\/posts\/5376\/revisions"}],"predecessor-version":[{"id":5382,"href":"https:\/\/bisbalpenedes.com\/web\/wp-json\/wp\/v2\/posts\/5376\/revisions\/5382"}],"wp:featuredmedia":[{"embeddable":true,"href":"https:\/\/bisbalpenedes.com\/web\/wp-json\/wp\/v2\/media\/4905"}],"wp:attachment":[{"href":"https:\/\/bisbalpenedes.com\/web\/wp-json\/wp\/v2\/media?parent=5376"}],"wp:term":[{"taxonomy":"category","embeddable":true,"href":"https:\/\/bisbalpenedes.com\/web\/wp-json\/wp\/v2\/categories?post=5376"},{"taxonomy":"post_tag","embeddable":true,"href":"https:\/\/bisbalpenedes.com\/web\/wp-json\/wp\/v2\/tags?post=5376"}],"curies":[{"name":"wp","href":"https:\/\/api.w.org\/{rel}","templated":true}]}}