{"id":5371,"date":"2018-04-09T12:21:54","date_gmt":"2018-04-09T11:21:54","guid":{"rendered":"http:\/\/bisbalpenedes.com\/web\/?p=5371"},"modified":"2018-04-09T13:08:52","modified_gmt":"2018-04-09T12:08:52","slug":"el-29-dabril-celebrarem-el-dia-de-la-dansa","status":"publish","type":"post","link":"https:\/\/bisbalpenedes.com\/web\/2018\/04\/09\/el-29-dabril-celebrarem-el-dia-de-la-dansa\/","title":{"rendered":"El 29 d&#8217;abril celebrarem el Dia de la Dansa"},"content":{"rendered":"<p><a href=\"http:\/\/bisbalpenedes.com\/web\/wp-content\/uploads\/2018\/04\/poster-dia-del-ball-2018-a.jpg\"><img loading=\"lazy\" class=\"aligncenter size-medium wp-image-5372\" src=\"http:\/\/bisbalpenedes.com\/web\/wp-content\/uploads\/2018\/04\/poster-dia-del-ball-2018-a-204x300.jpg\" alt=\"poster-dia-del-ball-2018-a\" width=\"204\" height=\"300\" srcset=\"https:\/\/bisbalpenedes.com\/web\/wp-content\/uploads\/2018\/04\/poster-dia-del-ball-2018-a-204x300.jpg 204w, https:\/\/bisbalpenedes.com\/web\/wp-content\/uploads\/2018\/04\/poster-dia-del-ball-2018-a-600x882.jpg 600w, https:\/\/bisbalpenedes.com\/web\/wp-content\/uploads\/2018\/04\/poster-dia-del-ball-2018-a-768x1129.jpg 768w, https:\/\/bisbalpenedes.com\/web\/wp-content\/uploads\/2018\/04\/poster-dia-del-ball-2018-a-696x1024.jpg 696w, https:\/\/bisbalpenedes.com\/web\/wp-content\/uploads\/2018\/04\/poster-dia-del-ball-2018-a.jpg 1275w\" sizes=\"(max-width: 204px) 100vw, 204px\" \/><\/a><\/p>\n<p><span style=\"color: #000000;\">CATAL\u00c0| T&#8217;agrada ballar? Vine el diumenge 29 d&#8217;abril, a partir de les 5 de la tarda, a la pla\u00e7a de l&#8217;Esgl\u00e9sia i passa una bona estona movent l&#8217;esquelet per celebrar el\u00a0<span class=\"_5afx\"><span class=\"_58cl _5afz\">Dia de la Dansa<\/span><\/span>! \u00c9s una activitat gratu\u00efta i oberta a tothom.<\/span><\/p>\n<p><span style=\"color: #000000;\">&#8212;<\/span><\/p>\n<p><span style=\"color: #000000;\">CASTELLANO | Te gusta bailar? \u00a1Ven el domingo 29 de abril, a partir de las 5 de la tarde, a la plaza de l&#8217;Esgl\u00e9sia y pasa un buen rato moviendo el esqueleto para celebrar el\u00a0<span class=\"_5afx\"><span class=\"_58cl _5afz\">D\u00eda de la Danza<\/span><\/span>! Es una actividad gratuita y abierta a todo el mundo.<\/span><\/p>\n","protected":false},"excerpt":{"rendered":"<p>CATAL\u00c0| T&#8217;agrada ballar? Vine el diumenge 29 d&#8217;abril, a partir de les 5 de la tarda, a la pla\u00e7a de l&#8217;Esgl\u00e9sia i passa una bona estona movent l&#8217;esquelet per celebrar &hellip; <a href=\"https:\/\/bisbalpenedes.com\/web\/2018\/04\/09\/el-29-dabril-celebrarem-el-dia-de-la-dansa\/\" class=\"more-link\">Read More<\/a><\/p>\n","protected":false},"author":4,"featured_media":5372,"comment_status":"closed","ping_status":"closed","sticky":false,"template":"","format":"standard","meta":[],"categories":[13],"tags":[1588,230,1198,995,1587,1586,318],"_links":{"self":[{"href":"https:\/\/bisbalpenedes.com\/web\/wp-json\/wp\/v2\/posts\/5371"}],"collection":[{"href":"https:\/\/bisbalpenedes.com\/web\/wp-json\/wp\/v2\/posts"}],"about":[{"href":"https:\/\/bisbalpenedes.com\/web\/wp-json\/wp\/v2\/types\/post"}],"author":[{"embeddable":true,"href":"https:\/\/bisbalpenedes.com\/web\/wp-json\/wp\/v2\/users\/4"}],"replies":[{"embeddable":true,"href":"https:\/\/bisbalpenedes.com\/web\/wp-json\/wp\/v2\/comments?post=5371"}],"version-history":[{"count":2,"href":"https:\/\/bisbalpenedes.com\/web\/wp-json\/wp\/v2\/posts\/5371\/revisions"}],"predecessor-version":[{"id":5375,"href":"https:\/\/bisbalpenedes.com\/web\/wp-json\/wp\/v2\/posts\/5371\/revisions\/5375"}],"wp:featuredmedia":[{"embeddable":true,"href":"https:\/\/bisbalpenedes.com\/web\/wp-json\/wp\/v2\/media\/5372"}],"wp:attachment":[{"href":"https:\/\/bisbalpenedes.com\/web\/wp-json\/wp\/v2\/media?parent=5371"}],"wp:term":[{"taxonomy":"category","embeddable":true,"href":"https:\/\/bisbalpenedes.com\/web\/wp-json\/wp\/v2\/categories?post=5371"},{"taxonomy":"post_tag","embeddable":true,"href":"https:\/\/bisbalpenedes.com\/web\/wp-json\/wp\/v2\/tags?post=5371"}],"curies":[{"name":"wp","href":"https:\/\/api.w.org\/{rel}","templated":true}]}}