{"id":5368,"date":"2018-04-09T11:41:05","date_gmt":"2018-04-09T10:41:05","guid":{"rendered":"http:\/\/bisbalpenedes.com\/web\/?p=5368"},"modified":"2018-04-09T12:22:16","modified_gmt":"2018-04-09T11:22:16","slug":"lajuntament-de-la-bisbal-ofereix-diverses-activitats-i-serveis-per-a-la-gent-gran-del-municipi","status":"publish","type":"post","link":"https:\/\/bisbalpenedes.com\/web\/2018\/04\/09\/lajuntament-de-la-bisbal-ofereix-diverses-activitats-i-serveis-per-a-la-gent-gran-del-municipi\/","title":{"rendered":"L&#8217;Ajuntament de la Bisbal ofereix diverses activitats i serveis per a la gent gran del municipi"},"content":{"rendered":"<p><a href=\"http:\/\/bisbalpenedes.com\/web\/wp-content\/uploads\/2017\/06\/DSC00407.jpg\"><img loading=\"lazy\" class=\"aligncenter size-medium wp-image-2540\" src=\"http:\/\/bisbalpenedes.com\/web\/wp-content\/uploads\/2017\/06\/DSC00407-300x225.jpg\" alt=\"Festa Bon dia Gent Gran\" width=\"300\" height=\"225\" srcset=\"https:\/\/bisbalpenedes.com\/web\/wp-content\/uploads\/2017\/06\/DSC00407-300x225.jpg 300w, https:\/\/bisbalpenedes.com\/web\/wp-content\/uploads\/2017\/06\/DSC00407-600x450.jpg 600w, https:\/\/bisbalpenedes.com\/web\/wp-content\/uploads\/2017\/06\/DSC00407-1024x768.jpg 1024w\" sizes=\"(max-width: 300px) 100vw, 300px\" \/><\/a><\/p>\n<p><span style=\"color: #000000;\"><strong>CATAL\u00c0<\/strong>\u00a0| La regidoria de la Gent Gran informa que ofereix diverses activitats adre\u00e7ades a les persones grans del municipi.<\/span><\/p>\n<p><span style=\"color: #000000;\"><strong>-Gimn\u00e0stica per a majors de 65 anys, per enfortir la seva salut f\u00edsica i emocional:<\/strong><\/span><\/p>\n<p style=\"padding-left: 30px;\"><span style=\"color: #000000;\">-Gimn\u00e0stica adequada a la gent gran: tots els dilluns i dimecres de 10.45h a 12.15h<\/span><\/p>\n<p style=\"padding-left: 30px;\"><span style=\"color: #000000;\">-Sessi\u00f3 de benestar emocional: tots els dimarts de 17.15h a 19.15h<\/span><\/p>\n<p><span style=\"color: #000000;\"><strong>-Taller per a millorar la mem\u00f2ria cognitiva:<\/strong><\/span><\/p>\n<p style=\"padding-left: 30px;\"><span style=\"color: #000000;\">-Tots els dijous de 9.30h a 11.30h<\/span><\/p>\n<p style=\"padding-left: 30px;\"><span style=\"color: #000000;\">Es tracta d\u2019un taller per a millorar i desenvolupar la mem\u00f2ria, la concentraci\u00f3, l\u2019estimulaci\u00f3 cognitiva i l\u2019agilitat mental per tal de millorar la qualitat de vida, mantenir la capacitat funcional i potenciar l\u2019autonomia, disminuint els d\u00e8ficits de mem\u00f2ria que apareixen amb l\u2019edat.<\/span><\/p>\n<p><span style=\"color: #000000;\"><strong>-Taller de risoter\u00e0pia: <\/strong><\/span><\/p>\n<p style=\"padding-left: 30px;\"><span style=\"color: #000000;\">-Tres hores cada trimestre<\/span><\/p>\n<p><span style=\"color: #000000;\"><strong>-Servei Bon dia: <\/strong><\/span><\/p>\n<p style=\"padding-left: 30px;\"><span style=\"color: #000000;\">-Un grup de volunt\u00e0ries efectua trucades di\u00e0ries o setmanals per comprovar que els usuaris i les usu\u00e0ries del servei (que en l\u2019actualitat s\u00f3n 43) per comprovar que estan b\u00e9 de salut, per resoldre els seus dubtes o consultes i, en general, per facilitar la vida d\u2019aquestes persones. Si les persones no responen les trucades de tel\u00e8fon, s\u2019activa el protocol establert en aquests casos, que consisteix en contactar amb els tel\u00e8fons de contacte de familiars o amics propers als usuaris i les usu\u00e0ries.<\/span><\/p>\n<p style=\"padding-left: 30px;\"><span style=\"color: #000000;\">Poden apuntar-se al servei les parelles majors de 65 anys o les persones que visquin soles que ho sol\u00b7licitin. El servei \u00e9s gratu\u00eft.<\/span><\/p>\n<p><span style=\"color: #000000;\"><strong>Per a m\u00e9s informaci\u00f3<\/strong> sobre les activitats us podeu adre\u00e7ar a les oficines municipals, ubicades al<strong> carrer Major, 21 o podeu trucar al 977688438.<\/strong><\/span><br \/>\n<span style=\"color: #000000;\"><strong>CASTELLANO<\/strong>| La concejal\u00eda de Gent Gran os informa de que ofrece varias actividades dirigidas a las personas mayores del municipio.<\/span><\/p>\n<p><span style=\"color: #000000;\"><strong>-Gimnasia para mayores de 65 a\u00f1os, para fortalecer su salud f\u00edsica y emocional:<\/strong><\/span><\/p>\n<p style=\"padding-left: 30px;\"><span style=\"color: #000000;\">-Gimnasia adecuada a la gente mayor: todos los lunes y mi\u00e9rcoles de 10.45h a 12.15h.<\/span><\/p>\n<p style=\"padding-left: 30px;\"><span style=\"color: #000000;\">-Sesi\u00f3n de bienestar emocional: todos los martes de 17.15h a 19.15h.<\/span><\/p>\n<p><span style=\"color: #000000;\"><strong>-Taller para mejorar la memoria cognitiva:<\/strong><\/span><\/p>\n<p style=\"padding-left: 30px;\"><span style=\"color: #000000;\">-Todos los jueves de 9.30h a 11.30h<\/span><\/p>\n<p style=\"padding-left: 30px;\"><span style=\"color: #000000;\">Se trata de un taller para mejorar y desarrollar la memoria, la concentraci\u00f3n, la estimulaci\u00f3n cognitiva y la agilidad mental con la finalidad de mejorar la calidad de vida, mantener la capacidad funcional y potenciar la autonom\u00eda, disminuyendo los d\u00e9ficits de memoria que aparecen con la edad.<\/span><\/p>\n<p><span style=\"color: #000000;\"><strong>-Taller de risoterapia:<\/strong><\/span><\/p>\n<p style=\"padding-left: 30px;\"><span style=\"color: #000000;\">-Tres horas cada trimestre<\/span><\/p>\n<p><span style=\"color: #000000;\"><strong>-Servicio Bon dia: <\/strong><\/span><\/p>\n<p style=\"padding-left: 30px;\"><span style=\"color: #000000;\">-Un grupo de voluntarias efect\u00faa llamadas diarias o semanales para comprobar que los usuarios i las usuarias del servicio (que en la actualidad son 43) para comprobar que est\u00e1n bien de salud, para resolver sus dudas o consultas y, en general, para facilitar la vida de estas personas. Si las personas no responden a las llamadas de tel\u00e9fono, se activa el protocolo establecido en estos casos, que consistes en contactar con los tel\u00e9fonos de contacto de familiares y amigos cercanos a los usuarios y las usuarias.<\/span><\/p>\n<p style=\"padding-left: 30px;\"><span style=\"color: #000000;\">Pueden apuntarse al servicio las parejas mayores de 65 a\u00f1os o las personas que vivan solas que lo pidan. El servicio es gratuito.<\/span><\/p>\n<p><span style=\"color: #000000;\">Para m\u00e1s informaci\u00f3n sobre las actividades os pod\u00e9is dirigir a las oficinas municipales, ubicadas en el<strong> carrer Major, 21 o pod\u00e9is llamar al\u00a0<\/strong><strong>977688438.<\/strong><\/span><\/p>\n<h6 style=\"text-align: center;\"><span style=\"color: #000000;\"><a style=\"color: #000000;\" href=\"http:\/\/bisbalpenedes.com\/web\/wp-content\/uploads\/2017\/09\/IMG_2809.jpg\"><img loading=\"lazy\" class=\"aligncenter size-medium wp-image-3198\" src=\"http:\/\/bisbalpenedes.com\/web\/wp-content\/uploads\/2017\/09\/IMG_2809-300x225.jpg\" alt=\"volunt\u00e0ries bon dia 2\" width=\"300\" height=\"225\" srcset=\"https:\/\/bisbalpenedes.com\/web\/wp-content\/uploads\/2017\/09\/IMG_2809-300x225.jpg 300w, https:\/\/bisbalpenedes.com\/web\/wp-content\/uploads\/2017\/09\/IMG_2809-600x450.jpg 600w, https:\/\/bisbalpenedes.com\/web\/wp-content\/uploads\/2017\/09\/IMG_2809-768x576.jpg 768w, https:\/\/bisbalpenedes.com\/web\/wp-content\/uploads\/2017\/09\/IMG_2809-1024x768.jpg 1024w, https:\/\/bisbalpenedes.com\/web\/wp-content\/uploads\/2017\/09\/IMG_2809.jpg 1200w\" sizes=\"(max-width: 300px) 100vw, 300px\" \/><\/a>Grup de volunt\u00e0ries del servei Bon dia\/Grupo de voluntarias del servicio Bon dia<\/span><\/h6>\n<p>&nbsp;<\/p>\n<p>&nbsp;<\/p>\n","protected":false},"excerpt":{"rendered":"<p>CATAL\u00c0\u00a0| La regidoria de la Gent Gran informa que ofereix diverses activitats adre\u00e7ades a les persones grans del municipi. -Gimn\u00e0stica per a majors de 65 anys, per enfortir la seva &hellip; <a href=\"https:\/\/bisbalpenedes.com\/web\/2018\/04\/09\/lajuntament-de-la-bisbal-ofereix-diverses-activitats-i-serveis-per-a-la-gent-gran-del-municipi\/\" class=\"more-link\">Read More<\/a><\/p>\n","protected":false},"author":4,"featured_media":2540,"comment_status":"closed","ping_status":"closed","sticky":false,"template":"","format":"standard","meta":[],"categories":[464],"tags":[230,1584,304,465,1529,305,1585,83,1583,737],"_links":{"self":[{"href":"https:\/\/bisbalpenedes.com\/web\/wp-json\/wp\/v2\/posts\/5368"}],"collection":[{"href":"https:\/\/bisbalpenedes.com\/web\/wp-json\/wp\/v2\/posts"}],"about":[{"href":"https:\/\/bisbalpenedes.com\/web\/wp-json\/wp\/v2\/types\/post"}],"author":[{"embeddable":true,"href":"https:\/\/bisbalpenedes.com\/web\/wp-json\/wp\/v2\/users\/4"}],"replies":[{"embeddable":true,"href":"https:\/\/bisbalpenedes.com\/web\/wp-json\/wp\/v2\/comments?post=5368"}],"version-history":[{"count":3,"href":"https:\/\/bisbalpenedes.com\/web\/wp-json\/wp\/v2\/posts\/5368\/revisions"}],"predecessor-version":[{"id":5374,"href":"https:\/\/bisbalpenedes.com\/web\/wp-json\/wp\/v2\/posts\/5368\/revisions\/5374"}],"wp:featuredmedia":[{"embeddable":true,"href":"https:\/\/bisbalpenedes.com\/web\/wp-json\/wp\/v2\/media\/2540"}],"wp:attachment":[{"href":"https:\/\/bisbalpenedes.com\/web\/wp-json\/wp\/v2\/media?parent=5368"}],"wp:term":[{"taxonomy":"category","embeddable":true,"href":"https:\/\/bisbalpenedes.com\/web\/wp-json\/wp\/v2\/categories?post=5368"},{"taxonomy":"post_tag","embeddable":true,"href":"https:\/\/bisbalpenedes.com\/web\/wp-json\/wp\/v2\/tags?post=5368"}],"curies":[{"name":"wp","href":"https:\/\/api.w.org\/{rel}","templated":true}]}}