{"id":5366,"date":"2018-04-09T13:33:05","date_gmt":"2018-04-09T12:33:05","guid":{"rendered":"http:\/\/bisbalpenedes.com\/web\/?p=5366"},"modified":"2018-04-09T13:40:28","modified_gmt":"2018-04-09T12:40:28","slug":"aquest-dilluns-9-dabril-ha-tingut-lloc-lassemblea-de-la-junta-de-conservacio-del-poligon-de-les-planes-baixes","status":"publish","type":"post","link":"https:\/\/bisbalpenedes.com\/web\/2018\/04\/09\/aquest-dilluns-9-dabril-ha-tingut-lloc-lassemblea-de-la-junta-de-conservacio-del-poligon-de-les-planes-baixes\/","title":{"rendered":"Aquest dilluns 9 d&#8217;abril ha tingut lloc l&#8217;assemblea de la Junta de Conservaci\u00f3 del Pol\u00edgon de les Planes Baixes"},"content":{"rendered":"<p style=\"text-align: justify;\"><span style=\"color: #000000;\">CATAL\u00c0 | Aquest dilluns s\u2019ha celebrat l\u2019Assemblea General Ordin\u00e0ria de la Junta de Conservaci\u00f3 del sector industrial \u201cLes Planes Baixes\u201d. Aquesta reuni\u00f3 ha tingut lloc a les depend\u00e8ncies privades del promotor del Pol\u00edgon de les Planes Baixes, a Vilafranca del Pened\u00e8s i, durant la trobada, s\u2019ha aprovat l\u2019acta de la primera assemblea, que va tenir lloc el dia de la signatura a notari de la constituci\u00f3 de la Junta (03\/07\/17) i s\u2019ha aprovat el pressupost del 2018 de les despeses relatives al manteniment i conservaci\u00f3 del pol\u00edgon.<\/span><\/p>\n<p style=\"text-align: justify;\"><span style=\"color: #000000;\">La Junta de conservaci\u00f3 t\u00e9 com a objectiu mantenir el pol\u00edgon i els seus serveis assumint tasques com ara la neteja, la gesti\u00f3 de les avaries en l\u2019enllumenat p\u00fablic, el pagament de les factures de l\u2019enllumenat p\u00fablic i el clavegueram, la conservaci\u00f3 de vials i senyalitzacions o la creaci\u00f3 de nous serveis i l\u2019ampliaci\u00f3 dels existents, entre altres. \u00c9s a dir, la finalitat \u00e9s gestionar tot el que sigui necessari per a la conservaci\u00f3 de les obres d\u2019urbanitzaci\u00f3 i, alhora, defensar els interessos socials del pol\u00edgon.<\/span><\/p>\n<p style=\"text-align: justify;\"><span style=\"color: #000000;\">El pol\u00edgon industrial Les Planes Baixes es va recepcionar el juny de 2016, moment en el qual tamb\u00e9 es van iniciar els tr\u00e0mits per constituir la Junta de Conservaci\u00f3. Es tracta d\u2019un pol\u00edgon que es va crear per iniciativa privada (no p\u00fablica) i, per aquest motiu, s\u2019ha de constituir la Junta de Conservaci\u00f3 durant 5 anys, formada pels propietaris. La junta est\u00e0 inscrita al Registre d\u2019Entitats Urban\u00edstiques Col\u00b7laboradores de la Generalitat des del 6 de febrer de 2018.<\/span><\/p>\n<p style=\"text-align: justify;\"><span style=\"color: #000000;\">El passat 17 d\u2019agost es va aprovar en Junta de Govern Local la Constituci\u00f3 de la Junta de Conservaci\u00f3 per preservar les obres d\u2019urbanitzaci\u00f3 i de manteniment de les zones verdes i instal\u00b7lacions de serveis p\u00fablics del pol\u00edgon Les Planes Baixes durant 5 anys, des de la seva inscripci\u00f3 (i registre) al Registre d\u2019Entitats Urban\u00edstiques Col\u00b7laboradores de la Generalitat de Catalunya.<\/span><\/p>\n<p style=\"text-align: justify;\"><span style=\"color: #000000;\">La presid\u00e8ncia de la Junta de Conservaci\u00f3 l\u2019assumeix el promotor i hi ha dos vocals que, en aquest cas, s\u00f3n propietaris de parcel\u00b7les del pol\u00edgon. A la Junta tamb\u00e9 hi est\u00e0 representat l\u2019Ajuntament de la Bisbal amb l\u2019alcaldessa, Agn\u00e8s Ferr\u00e9, ja que l\u2019Ajuntament va ser qui el va recepcionar el pol\u00edgon i qui haur\u00e0 d\u2019assumir el manteniment passats cinc anys de la constituci\u00f3 de la Junta de Conservaci\u00f3.<\/span><\/p>\n<p style=\"text-align: justify;\">\n<p style=\"text-align: justify;\"><span style=\"color: #000000;\">CATELLANO | Este lunes se ha celebrado la Asamblea General Ordinaria de la Junta de Conservaci\u00f3n del sector industrial \u201cLes Planes Baixes\u201d. Esta reuni\u00f3n ha tenido lugar en las dependencias privadas del promotor del Pol\u00edgono <em>de les Planes Baixes<\/em>, en Vilafranca del Pened\u00e8s y, durante la misma, se ha aprobado el acta de la primera asamblea, que se realiz\u00f3 el d\u00eda de la firma en el notario de la constituci\u00f3n de la Junta (03\/07\/17) y se\u00a0 ha aprobado el presupuesto del 2018 de los gastos relativos al mantenimiento y conservaci\u00f3n del pol\u00edgono.<\/span><\/p>\n<p style=\"text-align: justify;\"><span style=\"color: #000000;\">La Junta de Conservaci\u00f3n tiene como objetivo mantener el pol\u00edgono y sus servicios asumiendo trabajos como la limpieza, la gesti\u00f3n de las aver\u00edas del alumbrado p\u00fablico, el pago de las facturas de alumbrado p\u00fablico y cloacas, la conservaci\u00f3n de los viales y se\u00f1alizaciones o la creaci\u00f3n de nuevos servicios y la ampliaci\u00f3n de los existente, entre otros. Es decir, la finalidad es gestionar todo lo que sea necesario para la conservaci\u00f3n de las obras de urbanizaci\u00f3n y, a la vez, defender los intereses sociales del pol\u00edgono.<\/span><\/p>\n<p style=\"text-align: justify;\"><span style=\"color: #000000;\">El pol\u00edgono industrial Les Planes Baixes se recepcion\u00f3 en junio del 2016, momento en el cual tambi\u00e9n se iniciaron los tr\u00e1mites para constituir al Junta de Conservaci\u00f3n. Se trata de un pol\u00edgono que se cre\u00f3 por iniciativa privada (no p\u00fablica) y, por este motivo, se debe constituir la Junta de Conservaci\u00f3n durante 5 a\u00f1os, formada por los propietarios. La Junta est\u00e1 inscrita en el Registre d\u2019Entitats Urban\u00edstiques Col\u00b7laboradores de la Generalitat desde el 6 de febrero del 2018.<\/span><\/p>\n<p style=\"text-align: justify;\"><span style=\"color: #000000;\">El pasado 17 de agosto se aprob\u00f3 en Junta de Gobierno Local la Constituci\u00f3n de la Junta de Conservaci\u00f3n para preservar las obras de urbanizaci\u00f3n y de mantenimiento de las zonas verdes e instalaciones de servicios p\u00fablicos del Pol\u00edgono Les Planes Baixes durante 5 a\u00f1os, desde su inscripci\u00f3n (y registro) en el Registro de Entidades Urban\u00edsticas Colaboradoras de la Generalitat de Catalunya.<\/span><\/p>\n<p style=\"text-align: justify;\"><span style=\"color: #000000;\">La presidencia de la Junta de Conservaci\u00f3n la asume el promotor y hay dos vocales que, en este caso, son propietarios de parcelas del pol\u00edgono. En la Junta tambi\u00e9n est\u00e1 representado el Ayuntamiento de la Bisbal del Pened\u00e8s con la alcaldesa, Agn\u00e8s Ferr\u00e9, ya que el Ayuntamiento fue quien recepcion\u00f3 el pol\u00edgono y quien deber\u00e1 asumir el mantenimiento pasados cinco a\u00f1os de la constituci\u00f3n de la Junta de Conservaci\u00f3n.<\/span><\/p>\n<p style=\"text-align: justify;\">\n","protected":false},"excerpt":{"rendered":"<p>CATAL\u00c0 | Aquest dilluns s\u2019ha celebrat l\u2019Assemblea General Ordin\u00e0ria de la Junta de Conservaci\u00f3 del sector industrial \u201cLes Planes Baixes\u201d. Aquesta reuni\u00f3 ha tingut lloc a les depend\u00e8ncies privades del &hellip; <a href=\"https:\/\/bisbalpenedes.com\/web\/2018\/04\/09\/aquest-dilluns-9-dabril-ha-tingut-lloc-lassemblea-de-la-junta-de-conservacio-del-poligon-de-les-planes-baixes\/\" class=\"more-link\">Read More<\/a><\/p>\n","protected":false},"author":4,"featured_media":4853,"comment_status":"closed","ping_status":"closed","sticky":false,"template":"","format":"standard","meta":[],"categories":[15],"tags":[1592,1581,1582,778,776,200,446],"_links":{"self":[{"href":"https:\/\/bisbalpenedes.com\/web\/wp-json\/wp\/v2\/posts\/5366"}],"collection":[{"href":"https:\/\/bisbalpenedes.com\/web\/wp-json\/wp\/v2\/posts"}],"about":[{"href":"https:\/\/bisbalpenedes.com\/web\/wp-json\/wp\/v2\/types\/post"}],"author":[{"embeddable":true,"href":"https:\/\/bisbalpenedes.com\/web\/wp-json\/wp\/v2\/users\/4"}],"replies":[{"embeddable":true,"href":"https:\/\/bisbalpenedes.com\/web\/wp-json\/wp\/v2\/comments?post=5366"}],"version-history":[{"count":4,"href":"https:\/\/bisbalpenedes.com\/web\/wp-json\/wp\/v2\/posts\/5366\/revisions"}],"predecessor-version":[{"id":5385,"href":"https:\/\/bisbalpenedes.com\/web\/wp-json\/wp\/v2\/posts\/5366\/revisions\/5385"}],"wp:featuredmedia":[{"embeddable":true,"href":"https:\/\/bisbalpenedes.com\/web\/wp-json\/wp\/v2\/media\/4853"}],"wp:attachment":[{"href":"https:\/\/bisbalpenedes.com\/web\/wp-json\/wp\/v2\/media?parent=5366"}],"wp:term":[{"taxonomy":"category","embeddable":true,"href":"https:\/\/bisbalpenedes.com\/web\/wp-json\/wp\/v2\/categories?post=5366"},{"taxonomy":"post_tag","embeddable":true,"href":"https:\/\/bisbalpenedes.com\/web\/wp-json\/wp\/v2\/tags?post=5366"}],"curies":[{"name":"wp","href":"https:\/\/api.w.org\/{rel}","templated":true}]}}