{"id":5357,"date":"2018-04-07T12:09:30","date_gmt":"2018-04-07T11:09:30","guid":{"rendered":"http:\/\/bisbalpenedes.com\/web\/?p=5357"},"modified":"2018-04-07T12:09:45","modified_gmt":"2018-04-07T11:09:45","slug":"aquest-dijous-5-dabril-ha-tingut-lloc-la-junta-de-govern-local","status":"publish","type":"post","link":"https:\/\/bisbalpenedes.com\/web\/2018\/04\/07\/aquest-dijous-5-dabril-ha-tingut-lloc-la-junta-de-govern-local\/","title":{"rendered":"Aquest dijous 5 d&#8217;abril ha tingut lloc la Junta de Govern Local"},"content":{"rendered":"<p><span style=\"color: #000000;\"><strong>CATAL\u00c0<\/strong> | Aquest dijous 5 d\u2019abril de 2018 ha tingut lloc la Junta de Govern Local de l\u2019Ajuntament de la Bisbal del Pened\u00e8s. Durant la sessi\u00f3 s\u2019hi han tractat diversos punts, entre ells: l\u2019aprovaci\u00f3 del pagament de la subvenci\u00f3 de transport escolar a dues fam\u00edlies que han presentat els rebuts i que s\u00f3n benefici\u00e0ries, l\u2019aprovaci\u00f3 de la pr\u00f2rroga del contracte del bar de la piscina i de la Festa major (la possibilitat de fer aquesta pr\u00f2rroga figurava al contracte), l\u2019aprovaci\u00f3 de l\u2019atorgament de tres targetes d\u2019aparcament per a minusv\u00e0lids i de dues llic\u00e8ncies per a la tinen\u00e7a d\u2019animals potencialment perillosos, l\u2019aprovaci\u00f3 de 19 liquidacions de plusv\u00e0lues i la denegaci\u00f3 de dos recursos sobre plusv\u00e0lues, l\u2019aprovaci\u00f3 de les comunicacions en mat\u00e8ria urban\u00edstica per a diverses obres, l\u2019aprovaci\u00f3 del pagament de diverses factures per valor de 44.555,32\u20ac que van ser aprovades a la Junta de Govern anterior, l\u2019aprovaci\u00f3 de factures per valor de 84.577,53\u20ac de les quals s\u2019aprovar\u00e0 el pagament en la propera Junta de Govern, la denegaci\u00f3 d\u2019ajuts relacionats amb els subministraments (aigua i llum) per incompliment de les bases i l\u2019aprovaci\u00f3 de les bases i la convocat\u00f2ria per a la provisi\u00f3 de la pla\u00e7a d\u2019arquitecte superior (mitjan\u00e7ant concurs-oposici\u00f3 lliure de funcionari inter\u00ed i dedicaci\u00f3 total. Els candidats s\u2019hi podran presentar quan les bases es publiquin al Diari Oficial de la Generalitat de Catalunya).<\/span><\/p>\n<p>&nbsp;<\/p>\n<p><span style=\"color: #000000;\"><strong>CASTELLANO<\/strong> | Este jueves 5 de abril del 2018 se ha celebrado la Junta de Gobierno Local del Ayuntamiento de la Bisbal del Pened\u00e8s. Durante la sesi\u00f3n se han tratado varios puntos, entre ellos: la aprobaci\u00f3n del pago de la subvenci\u00f3n de transporte escolar a dos familias que han presentado los recibos y que son beneficiarias, la aprobaci\u00f3n de la pr\u00f3rroga del contrato del bar de la piscina y de la Fiesta Mayor (la posibilidad de hacer esta pr\u00f3rroga figuraba en el contrato), la aprobaci\u00f3n del otorgamiento de tres tarjetas de aparcamiento para minusv\u00e1lidos y de dos licencias para la tenencia de animales potencialmente peligrosos, la aprobaci\u00f3n de 19 liquidaciones de plusval\u00edas y la denegaci\u00f3n de dos recursos sobre plusval\u00edas, la aprobaci\u00f3n de las comunicaciones en materia urban\u00edstica para varias obras, la aprobaci\u00f3n del pago de varias facturas por valor de 44.555,32\u20ac que fueron aprobadas en la Junta de Gobierno anterior, la aprobaci\u00f3n de facturas por valor de 84.577,53\u20ac de las cuales se aprobar\u00e1 el pago en la pr\u00f3xima Junta de Gobierno, la denegaci\u00f3n de ayudas relacionadas con los suministros (agua y luz) por incumplimiento de las bases y la aprobaci\u00f3n de las bases y la convocatoria para la provisi\u00f3n de la plaza de arquitecto superior (mediante concurso-oposici\u00f3n libre de funcionario interino y dedicaci\u00f3n total. Los candidatos se podr\u00e1n presentar cuando las bases se publiquen en el Diari Oficial de la Generalitat de Catalunya).<\/span><\/p>\n<p>&nbsp;<\/p>\n","protected":false},"excerpt":{"rendered":"<p>CATAL\u00c0 | Aquest dijous 5 d\u2019abril de 2018 ha tingut lloc la Junta de Govern Local de l\u2019Ajuntament de la Bisbal del Pened\u00e8s. Durant la sessi\u00f3 s\u2019hi han tractat diversos &hellip; <a href=\"https:\/\/bisbalpenedes.com\/web\/2018\/04\/07\/aquest-dijous-5-dabril-ha-tingut-lloc-la-junta-de-govern-local\/\" class=\"more-link\">Read More<\/a><\/p>\n","protected":false},"author":4,"featured_media":4174,"comment_status":"closed","ping_status":"closed","sticky":false,"template":"","format":"standard","meta":[],"categories":[4],"tags":[911,1580,686,356],"_links":{"self":[{"href":"https:\/\/bisbalpenedes.com\/web\/wp-json\/wp\/v2\/posts\/5357"}],"collection":[{"href":"https:\/\/bisbalpenedes.com\/web\/wp-json\/wp\/v2\/posts"}],"about":[{"href":"https:\/\/bisbalpenedes.com\/web\/wp-json\/wp\/v2\/types\/post"}],"author":[{"embeddable":true,"href":"https:\/\/bisbalpenedes.com\/web\/wp-json\/wp\/v2\/users\/4"}],"replies":[{"embeddable":true,"href":"https:\/\/bisbalpenedes.com\/web\/wp-json\/wp\/v2\/comments?post=5357"}],"version-history":[{"count":2,"href":"https:\/\/bisbalpenedes.com\/web\/wp-json\/wp\/v2\/posts\/5357\/revisions"}],"predecessor-version":[{"id":5359,"href":"https:\/\/bisbalpenedes.com\/web\/wp-json\/wp\/v2\/posts\/5357\/revisions\/5359"}],"wp:featuredmedia":[{"embeddable":true,"href":"https:\/\/bisbalpenedes.com\/web\/wp-json\/wp\/v2\/media\/4174"}],"wp:attachment":[{"href":"https:\/\/bisbalpenedes.com\/web\/wp-json\/wp\/v2\/media?parent=5357"}],"wp:term":[{"taxonomy":"category","embeddable":true,"href":"https:\/\/bisbalpenedes.com\/web\/wp-json\/wp\/v2\/categories?post=5357"},{"taxonomy":"post_tag","embeddable":true,"href":"https:\/\/bisbalpenedes.com\/web\/wp-json\/wp\/v2\/tags?post=5357"}],"curies":[{"name":"wp","href":"https:\/\/api.w.org\/{rel}","templated":true}]}}