{"id":5346,"date":"2018-04-06T17:57:50","date_gmt":"2018-04-06T16:57:50","guid":{"rendered":"http:\/\/bisbalpenedes.com\/web\/?p=5346"},"modified":"2018-04-13T19:50:34","modified_gmt":"2018-04-13T18:50:34","slug":"sobre-el-termini-per-presentar-la-documentacio-per-optar-a-la-subvencio-per-a-les-persones-desocupades-que-sestableixin-com-a-autonomes","status":"publish","type":"post","link":"https:\/\/bisbalpenedes.com\/web\/2018\/04\/06\/sobre-el-termini-per-presentar-la-documentacio-per-optar-a-la-subvencio-per-a-les-persones-desocupades-que-sestableixin-com-a-autonomes\/","title":{"rendered":"S\u2019obre el termini per presentar la documentaci\u00f3 per optar a la subvenci\u00f3 per a les persones desocupades que s&#8217;estableixin com a aut\u00f2nomes"},"content":{"rendered":"<p><strong>CATAL\u00c0<\/strong> | S&#8217;obre la convocat\u00f2ria per a la concessi\u00f3 de subvencions\u00a0a les persones desocupades que s&#8217;estableixin com a aut\u00f2nomes per a la posada en marxa d&#8217;una activitat econ\u00f2mica.<br \/>\n<strong><br \/>\n\u2013 El termini de presentaci\u00f3 de les sol.licituds \u00e9s del 9 d&#8217;abril al 8 de maig de 2018, ambd\u00f3s inclosos<\/strong><\/p>\n<p>\u2013 Enlla\u00e7 a la\u00a0<a href=\"https:\/\/www.diputaciodetarragona.cat\/ebop\/index.php?op=dwn&amp;tipus=i&amp;data=20180406&amp;anyp=2018&amp;num=02963&amp;v=i\" target=\"_blank\">Publicaci\u00f3 del BOP de Tarragona<\/a><\/p>\n<p>\u2013 Descarregar el\u00a0<a href=\"http:\/\/bisbalpenedes.com\/web\/wp-content\/uploads\/2018\/04\/PDF-BASES-SUBVENCIONS-AUTONOMS.pdf\">PDF BASES SUBVENCIONS AUTONOMS<\/a>\u00a0en catal\u00e0 i en castell\u00e0<\/p>\n<p>&nbsp;<\/p>\n<p><strong>CASTELLANO<\/strong> | Se abre la convocatoria para la concesi\u00f3n de subvenciones a las personas desocupadas que se establezcan como aut\u00f3nomas para la puesta en marcha de una actividad econ\u00f3mica.<\/p>\n<p><strong>-El plazo de presentaci\u00f3n de las solicitudes es del 9 de abril al 8 de mayo del 2018, ambos inclu\u00eddos.<\/strong><\/p>\n<p>-Enlace a la <a href=\"https:\/\/www.diputaciodetarragona.cat\/ebop\/index.php?op=dwn&amp;tipus=i&amp;data=20180406&amp;anyp=2018&amp;num=02963&amp;v=i\" target=\"_blank\">Publicaci\u00f3n del BOP de Tarragona.<\/a><\/p>\n<p>-Descargar el <a href=\"http:\/\/bisbalpenedes.com\/web\/wp-content\/uploads\/2018\/04\/PDF-BASES-SUBVENCIONS-AUTONOMS.pdf\" target=\"_blank\">PDF BASES SUBVENCIONS AUTONOMS<\/a>\u00a0en catal\u00e1n y en castellano.<\/p>\n","protected":false},"excerpt":{"rendered":"<p>CATAL\u00c0 | S&#8217;obre la convocat\u00f2ria per a la concessi\u00f3 de subvencions\u00a0a les persones desocupades que s&#8217;estableixin com a aut\u00f2nomes per a la posada en marxa d&#8217;una activitat econ\u00f2mica. \u2013 El &hellip; <a href=\"https:\/\/bisbalpenedes.com\/web\/2018\/04\/06\/sobre-el-termini-per-presentar-la-documentacio-per-optar-a-la-subvencio-per-a-les-persones-desocupades-que-sestableixin-com-a-autonomes\/\" class=\"more-link\">Read More<\/a><\/p>\n","protected":false},"author":4,"featured_media":3049,"comment_status":"closed","ping_status":"closed","sticky":false,"template":"","format":"standard","meta":[],"categories":[9,1578],"tags":[1648,163,909,1649,99,1650,1651,102],"_links":{"self":[{"href":"https:\/\/bisbalpenedes.com\/web\/wp-json\/wp\/v2\/posts\/5346"}],"collection":[{"href":"https:\/\/bisbalpenedes.com\/web\/wp-json\/wp\/v2\/posts"}],"about":[{"href":"https:\/\/bisbalpenedes.com\/web\/wp-json\/wp\/v2\/types\/post"}],"author":[{"embeddable":true,"href":"https:\/\/bisbalpenedes.com\/web\/wp-json\/wp\/v2\/users\/4"}],"replies":[{"embeddable":true,"href":"https:\/\/bisbalpenedes.com\/web\/wp-json\/wp\/v2\/comments?post=5346"}],"version-history":[{"count":3,"href":"https:\/\/bisbalpenedes.com\/web\/wp-json\/wp\/v2\/posts\/5346\/revisions"}],"predecessor-version":[{"id":5350,"href":"https:\/\/bisbalpenedes.com\/web\/wp-json\/wp\/v2\/posts\/5346\/revisions\/5350"}],"wp:featuredmedia":[{"embeddable":true,"href":"https:\/\/bisbalpenedes.com\/web\/wp-json\/wp\/v2\/media\/3049"}],"wp:attachment":[{"href":"https:\/\/bisbalpenedes.com\/web\/wp-json\/wp\/v2\/media?parent=5346"}],"wp:term":[{"taxonomy":"category","embeddable":true,"href":"https:\/\/bisbalpenedes.com\/web\/wp-json\/wp\/v2\/categories?post=5346"},{"taxonomy":"post_tag","embeddable":true,"href":"https:\/\/bisbalpenedes.com\/web\/wp-json\/wp\/v2\/tags?post=5346"}],"curies":[{"name":"wp","href":"https:\/\/api.w.org\/{rel}","templated":true}]}}