{"id":5338,"date":"2018-04-06T17:19:45","date_gmt":"2018-04-06T16:19:45","guid":{"rendered":"http:\/\/bisbalpenedes.com\/web\/?p=5338"},"modified":"2018-04-06T17:19:45","modified_gmt":"2018-04-06T16:19:45","slug":"la-regidoria-de-barris-ha-condicionat-el-pas-entre-els-carrers-ter-i-foix-de-can-gordei","status":"publish","type":"post","link":"https:\/\/bisbalpenedes.com\/web\/2018\/04\/06\/la-regidoria-de-barris-ha-condicionat-el-pas-entre-els-carrers-ter-i-foix-de-can-gordei\/","title":{"rendered":"La Regidoria de Barris ha condicionat el pas entre els carrers Ter i Foix de Can Gordei"},"content":{"rendered":"<p><a href=\"http:\/\/bisbalpenedes.com\/web\/wp-content\/uploads\/2018\/04\/IMG_3885.jpg\"><img loading=\"lazy\" class=\"aligncenter size-medium wp-image-5339\" src=\"http:\/\/bisbalpenedes.com\/web\/wp-content\/uploads\/2018\/04\/IMG_3885-300x225.jpg\" alt=\"PAS CARRERS CAN GORDEI 1\" width=\"300\" height=\"225\" srcset=\"https:\/\/bisbalpenedes.com\/web\/wp-content\/uploads\/2018\/04\/IMG_3885-300x225.jpg 300w, https:\/\/bisbalpenedes.com\/web\/wp-content\/uploads\/2018\/04\/IMG_3885-600x450.jpg 600w, https:\/\/bisbalpenedes.com\/web\/wp-content\/uploads\/2018\/04\/IMG_3885-768x576.jpg 768w, https:\/\/bisbalpenedes.com\/web\/wp-content\/uploads\/2018\/04\/IMG_3885-1024x768.jpg 1024w, https:\/\/bisbalpenedes.com\/web\/wp-content\/uploads\/2018\/04\/IMG_3885.jpg 1600w\" sizes=\"(max-width: 300px) 100vw, 300px\" \/><\/a><\/p>\n<p><span style=\"color: #000000;\"><strong>CATAL\u00c0<\/strong> | La Regidoria de Barris ha finalitzat les obres de condicionament del pas amb escales entre els carrers Ter i Foix de Can Gordei.<\/span><\/p>\n<p><span style=\"color: #000000;\">Es tracta d&#8217;una obra molt reivindicada pels ve\u00efns de la zona que la Regidoria de Barris va creure oport\u00fa tirar endavant, tenint en compte que els ve\u00efns havien expressat el seu malestar pel fet de no poder fer \u00fas d&#8217;aquest pas que, alhora, havia acumulat brut\u00edcia i vegetaci\u00f3 durant anys.<\/span><\/p>\n<p><span style=\"color: #000000;\">L&#8217;obra ha tingut un cost de 16.000\u20ac m\u00e9s IVA i l&#8217;ha dut a terme l&#8217;empresa bisbalenca Construccions i Excavacions Rovira.\u00a0<\/span><\/p>\n<p><a href=\"http:\/\/bisbalpenedes.com\/web\/wp-content\/uploads\/2018\/04\/IMG_3887.jpg\"><img loading=\"lazy\" class=\"aligncenter size-medium wp-image-5340\" src=\"http:\/\/bisbalpenedes.com\/web\/wp-content\/uploads\/2018\/04\/IMG_3887-300x225.jpg\" alt=\"PAS CARRERS CAN GORDEI 2\" width=\"300\" height=\"225\" srcset=\"https:\/\/bisbalpenedes.com\/web\/wp-content\/uploads\/2018\/04\/IMG_3887-300x225.jpg 300w, https:\/\/bisbalpenedes.com\/web\/wp-content\/uploads\/2018\/04\/IMG_3887-600x450.jpg 600w, https:\/\/bisbalpenedes.com\/web\/wp-content\/uploads\/2018\/04\/IMG_3887-768x576.jpg 768w, https:\/\/bisbalpenedes.com\/web\/wp-content\/uploads\/2018\/04\/IMG_3887-1024x768.jpg 1024w, https:\/\/bisbalpenedes.com\/web\/wp-content\/uploads\/2018\/04\/IMG_3887.jpg 1600w\" sizes=\"(max-width: 300px) 100vw, 300px\" \/><\/a><\/p>\n<p><span style=\"color: #000000;\"><strong>CASTELLANO<\/strong> | La Concejal\u00eda de Barris ha finalizado las obras de acondicionamiento del paso con escaleras entre las calles Ter i Foix en Can Gordei.<\/span><\/p>\n<p><span style=\"color: #000000;\">Se trata de una obra muy reivindicada por los vecinos de la zona que la Concejal\u00eda de Barris crey\u00f3 oportuno llevar a cabo, teniendo en cuenta que los vecinos hab\u00edan expresado su malestar por el hecho de no poder usar este paso que, adem\u00e1s, hab\u00eda acumulado suciedad y vegetaci\u00f3n durante a\u00f1os.<\/span><\/p>\n<p><span style=\"color: #000000;\">La obra ha tenido un coste de 16.000\u20ac m\u00e1s IVA y la ha llevado a cabo la empresa de la Bisbal Construccions i Excavacions Rovira.<\/span><\/p>\n<p>&nbsp;<\/p>\n","protected":false},"excerpt":{"rendered":"<p>CATAL\u00c0 | La Regidoria de Barris ha finalitzat les obres de condicionament del pas amb escales entre els carrers Ter i Foix de Can Gordei. Es tracta d&#8217;una obra molt &hellip; <a href=\"https:\/\/bisbalpenedes.com\/web\/2018\/04\/06\/la-regidoria-de-barris-ha-condicionat-el-pas-entre-els-carrers-ter-i-foix-de-can-gordei\/\" class=\"more-link\">Read More<\/a><\/p>\n","protected":false},"author":4,"featured_media":0,"comment_status":"closed","ping_status":"closed","sticky":false,"template":"","format":"standard","meta":[],"categories":[8],"tags":[198,1571,1574,725,386,1572,574,1095,21,929,1573],"_links":{"self":[{"href":"https:\/\/bisbalpenedes.com\/web\/wp-json\/wp\/v2\/posts\/5338"}],"collection":[{"href":"https:\/\/bisbalpenedes.com\/web\/wp-json\/wp\/v2\/posts"}],"about":[{"href":"https:\/\/bisbalpenedes.com\/web\/wp-json\/wp\/v2\/types\/post"}],"author":[{"embeddable":true,"href":"https:\/\/bisbalpenedes.com\/web\/wp-json\/wp\/v2\/users\/4"}],"replies":[{"embeddable":true,"href":"https:\/\/bisbalpenedes.com\/web\/wp-json\/wp\/v2\/comments?post=5338"}],"version-history":[{"count":1,"href":"https:\/\/bisbalpenedes.com\/web\/wp-json\/wp\/v2\/posts\/5338\/revisions"}],"predecessor-version":[{"id":5341,"href":"https:\/\/bisbalpenedes.com\/web\/wp-json\/wp\/v2\/posts\/5338\/revisions\/5341"}],"wp:attachment":[{"href":"https:\/\/bisbalpenedes.com\/web\/wp-json\/wp\/v2\/media?parent=5338"}],"wp:term":[{"taxonomy":"category","embeddable":true,"href":"https:\/\/bisbalpenedes.com\/web\/wp-json\/wp\/v2\/categories?post=5338"},{"taxonomy":"post_tag","embeddable":true,"href":"https:\/\/bisbalpenedes.com\/web\/wp-json\/wp\/v2\/tags?post=5338"}],"curies":[{"name":"wp","href":"https:\/\/api.w.org\/{rel}","templated":true}]}}