{"id":5320,"date":"2018-04-05T11:56:26","date_gmt":"2018-04-05T10:56:26","guid":{"rendered":"http:\/\/bisbalpenedes.com\/web\/?p=5320"},"modified":"2018-04-19T10:58:04","modified_gmt":"2018-04-19T09:58:04","slug":"el-diumenge-29-dabril-podreu-veure-la-libreria-disabel-coixet-a-lauditori-salba-del-cmc","status":"publish","type":"post","link":"https:\/\/bisbalpenedes.com\/web\/2018\/04\/05\/el-diumenge-29-dabril-podreu-veure-la-libreria-disabel-coixet-a-lauditori-salba-del-cmc\/","title":{"rendered":"El diumenge 29 d&#8217;abril podreu veure &#8216;La Librer\u00eda&#8217; d&#8217;Isabel Coixet a l&#8217;Auditori Salb\u00e0 del CMC"},"content":{"rendered":"<p><a href=\"http:\/\/bisbalpenedes.com\/web\/wp-content\/uploads\/2018\/04\/VISUAL_A3_LA_LIBRERIA_LA_BISBAL_PENEDES.jpg\"><img loading=\"lazy\" class=\"aligncenter size-large wp-image-5321\" src=\"http:\/\/bisbalpenedes.com\/web\/wp-content\/uploads\/2018\/04\/VISUAL_A3_LA_LIBRERIA_LA_BISBAL_PENEDES-728x1024.jpg\" alt=\"VISUAL_A3_LA_LIBRERIA_LA_BISBAL_PENEDES\" width=\"630\" height=\"886\" srcset=\"https:\/\/bisbalpenedes.com\/web\/wp-content\/uploads\/2018\/04\/VISUAL_A3_LA_LIBRERIA_LA_BISBAL_PENEDES-728x1024.jpg 728w, https:\/\/bisbalpenedes.com\/web\/wp-content\/uploads\/2018\/04\/VISUAL_A3_LA_LIBRERIA_LA_BISBAL_PENEDES-600x843.jpg 600w, https:\/\/bisbalpenedes.com\/web\/wp-content\/uploads\/2018\/04\/VISUAL_A3_LA_LIBRERIA_LA_BISBAL_PENEDES-213x300.jpg 213w, https:\/\/bisbalpenedes.com\/web\/wp-content\/uploads\/2018\/04\/VISUAL_A3_LA_LIBRERIA_LA_BISBAL_PENEDES-768x1080.jpg 768w, https:\/\/bisbalpenedes.com\/web\/wp-content\/uploads\/2018\/04\/VISUAL_A3_LA_LIBRERIA_LA_BISBAL_PENEDES.jpg 1146w\" sizes=\"(max-width: 630px) 100vw, 630px\" \/><\/a><\/p>\n<p><span style=\"color: #000000;\"><strong>CATAL\u00c0<\/strong>\u00a0| El diumenge 29 d&#8217;abril a les 19h, podeu veure\u00a0\u201cLa Librer\u00eda\u201d,\u00a0dirigida per\u00a0Isabel Coixet a l\u2019Auditori Salb\u00e0 del CMC.\u00a0<\/span><\/p>\n<div class=\"wpb_text_column wpb_content_element \">\n<div class=\"wpb_wrapper\">\n<div class=\"wpb_text_column wpb_content_element \">\n<div class=\"wpb_wrapper\">\n<div class=\"wpb_text_column wpb_content_element \">\n<div class=\"wpb_wrapper\">\n<h4><span style=\"color: #000000;\">FITXA\u00a0T\u00c8CNICA<\/span><\/h4>\n<\/div>\n<\/div>\n<div class=\"wpb_text_column wpb_content_element \">\n<div class=\"wpb_wrapper\">\n<p><span style=\"color: #000000;\">Direcci\u00f3:\u00a0<strong>Isabel Coixet<\/strong><\/span><\/p>\n<p><span style=\"color: #000000;\"><i class=\"qode_icon_font_awesome fa fa-chevron-right qode_icon_element\"><\/i>\u00a0Gui\u00f3:\u00a0<strong>Isabel Coixet\u00a0<em>(basat en la novel.la \u201cThe Bookshop\u201d de Penelope Fitzgerald.)<\/em><\/strong><\/span><\/p>\n<p><span style=\"color: #000000;\"><i class=\"qode_icon_font_awesome fa fa-chevron-right qode_icon_element\"><\/i>\u00a0M\u00fasica:\u00a0<strong>Alfonso de Vilallonga<\/strong><\/span><\/p>\n<p><span style=\"color: #000000;\"><i class=\"qode_icon_font_awesome fa fa-chevron-right qode_icon_element\"><\/i>\u00a0Estrena:\u00a0<strong>Novembre de 2017<\/strong><\/span><\/p>\n<p><span style=\"color: #000000;\"><i class=\"qode_icon_font_awesome fa fa-chevron-right qode_icon_element\"><\/i>\u00a0Durada:\u00a0<strong>113\u00a0min.<\/strong><\/span><\/p>\n<p><span style=\"color: #000000;\"><i class=\"qode_icon_font_awesome fa fa-chevron-right qode_icon_element\"><\/i>\u00a0G\u00e8nere:\u00a0<strong>Drama<\/strong><\/span><\/p>\n<p><span style=\"color: #000000;\"><i class=\"qode_icon_font_awesome fa fa-chevron-right qode_icon_element\"><\/i>\u00a0Versi\u00f3:\u00a0<strong>Original angl\u00e8s amb subt\u00edtols en catal\u00e0 \/ Versi\u00f3 doblada al castell\u00e0\u00a0<\/strong><em>(consulteu sales)<\/em><\/span><\/p>\n<p><span style=\"color: #000000;\"><i class=\"qode_icon_font_awesome fa fa-chevron-right qode_icon_element\"><\/i>\u00a0Int\u00e8rprets:<\/span><\/p>\n<p><span style=\"color: #000000;\"><strong>Emily Mortimer, Bill Nighy, Patricia Clarkson<\/strong><\/span><\/p>\n<\/div>\n<\/div>\n<\/div>\n<\/div>\n<div class=\"wpb_text_column wpb_content_element \">\n<div class=\"wpb_wrapper\">\n<h4><span style=\"color: #000000;\">SINOPSI<\/span><\/h4>\n<p><span style=\"color: #000000;\"><strong>Adaptaci\u00f3 de la novel\u00b7la \u201cThe Bookshop\u201d de Penelope Fitzgerald.<\/strong><\/span><\/p>\n<p><span style=\"color: #000000;\">A finals dels anys 50 Florence Green decideix fer realitat un dels seus grans somnis: marxar de Londres i obrir una petita llibreria en un poble de la costa brit\u00e0nica.<\/span><br \/>\n<span style=\"color: #000000;\"> Per\u00f2 contra el que s\u2019imaginava, aquesta decisi\u00f3 desencadenar\u00e0 tot tipus de reaccions entre els habitants de la localitat.<\/span><\/p>\n<\/div>\n<\/div>\n<\/div>\n<\/div>\n<div class=\"wpb_text_column wpb_content_element \">\n<p><span style=\"color: #000000;\"><strong>Tr\u00e0iler:<\/strong><\/span><\/p>\n<p><span style=\"color: #000000;\">El preu general de l\u2019entrada ser\u00e0 de 4,5\u20ac i un preu redu\u00eft de 3\u20ac presentant el carnet de la Biblioteca Municipal de La Bisbal.<\/span><\/p>\n<p><span style=\"color: #000000;\">Quant a la recaptaci\u00f3, aquesta es destinar\u00e0 a l\u2019entitat del poble que s\u2019encarregui de gestionar la taquilla en cadascuna de les projeccions. En aquest cas ser\u00e0 per als Geganters i Grallers de La Societat Cultural Recreativa Bisbalenca.<\/span><\/p>\n<p><span style=\"color: #000000;\">Per a m\u00e9s informaci\u00f3 podeu anar a l&#8217;enlla\u00e7:\u00a0<a style=\"color: #000000;\" href=\"http:\/\/ciclegaudi.cat\/cartellera\/la-libreria\/\">http:\/\/ciclegaudi.cat\/cartellera\/la-libreria\/<\/a><\/span><\/p>\n<\/div>\n<hr \/>\n<p><span style=\"color: #000000;\"><strong>CASTELLANO<\/strong>\u00a0| El domingo 29 de abril a las 19h, podr\u00e9is ver &#8220;La librer\u00eda&#8221;, dirigida por Isabel Coixet, en el Auditori Salb\u00e0 del CMC.<\/span><\/p>\n<div class=\"wpb_text_column wpb_content_element \">\n<div class=\"wpb_wrapper\">\n<div class=\"wpb_text_column wpb_content_element \">\n<div class=\"wpb_wrapper\">\n<div class=\"wpb_text_column wpb_content_element \">\n<div class=\"wpb_wrapper\">\n<h4><span style=\"color: #000000;\">FICHA\u00a0T\u00c9CNICA<\/span><\/h4>\n<\/div>\n<\/div>\n<div class=\"wpb_text_column wpb_content_element \">\n<div class=\"wpb_wrapper\">\n<p><span style=\"color: #000000;\">Direcci\u00f3n:\u00a0<strong>Isabel Coixet<\/strong><\/span><\/p>\n<p><span style=\"color: #000000;\"><i class=\"qode_icon_font_awesome fa fa-chevron-right qode_icon_element\"><\/i>\u00a0Gui\u00f3n:\u00a0<strong>Isabel Coixet\u00a0<em>(basat en la novel.la \u201cThe Bookshop\u201d de Penelope Fitzgerald.)<\/em><\/strong><\/span><\/p>\n<p><span style=\"color: #000000;\"><i class=\"qode_icon_font_awesome fa fa-chevron-right qode_icon_element\"><\/i>\u00a0M\u00fasica:\u00a0<strong>Alfonso de Vilallonga<\/strong><\/span><\/p>\n<p><span style=\"color: #000000;\"><i class=\"qode_icon_font_awesome fa fa-chevron-right qode_icon_element\"><\/i>\u00a0Estreno:\u00a0<strong>Novembre de 2017<\/strong><\/span><\/p>\n<p><span style=\"color: #000000;\"><i class=\"qode_icon_font_awesome fa fa-chevron-right qode_icon_element\"><\/i>\u00a0Duraci\u00f3n:\u00a0<strong>113\u00a0min.<\/strong><\/span><\/p>\n<p><span style=\"color: #000000;\"><i class=\"qode_icon_font_awesome fa fa-chevron-right qode_icon_element\"><\/i>\u00a0G\u00e9nero:\u00a0<strong>Drama<\/strong><\/span><\/p>\n<p><span style=\"color: #000000;\"><i class=\"qode_icon_font_awesome fa fa-chevron-right qode_icon_element\"><\/i>\u00a0Versi\u00f3n:\u00a0<strong>Original angl\u00e8s amb subt\u00edtols en catal\u00e0 \/ Versi\u00f3 doblada al castell\u00e0\u00a0<\/strong><em>(consulteu sales)<\/em><\/span><\/p>\n<p><span style=\"color: #000000;\"><i class=\"qode_icon_font_awesome fa fa-chevron-right qode_icon_element\"><\/i>Int\u00e9rpretes:<\/span><\/p>\n<p><span style=\"color: #000000;\"><strong>Emily Mortimer, Bill Nighy, Patricia Clarkson<\/strong><\/span><\/p>\n<\/div>\n<\/div>\n<\/div>\n<\/div>\n<div class=\"wpb_text_column wpb_content_element \">\n<div class=\"wpb_wrapper\">\n<h4><span style=\"color: #000000;\">SINOPSIS<\/span><\/h4>\n<p><span style=\"color: #000000;\"><strong>Adaptaci\u00f3n de la novela &#8220;The Bookshop&#8221; de Penelope Fitzgerald.<\/strong><\/span><\/p>\n<p><span style=\"color: #000000;\">A finales de los a\u00f1os 50 Florence Green decide hacer realidad uno de sus grandes sue\u00f1os: irse de Londres y abrir una peque\u00f1a librer\u00eda en un pueblo de la costa brit\u00e1nica. Pero en contra de lo que se imaginaba, esta decisi\u00f3n desencadenar\u00e1 todo tipo de reacciones entre los habitantes de la localidad.<\/span><\/p>\n<p>&nbsp;<\/p>\n<\/div>\n<\/div>\n<\/div>\n<\/div>\n<div class=\"wpb_text_column wpb_content_element \">\n<p><span style=\"color: #000000;\"><strong>Trailer:<\/strong><\/span><br \/>\n<iframe loading=\"lazy\" src=\"https:\/\/www.youtube.com\/embed\/ZyG9AI5MFmQ\" width=\"560\" height=\"315\" frameborder=\"0\" allowfullscreen=\"allowfullscreen\"><\/iframe><\/p>\n<p><span style=\"color: #000000;\">El precio general de la entrada ser\u00e1 de 4.5\u20ac y un precio reducido de 3\u20ac presentando el carn\u00e9 de la Biblioteca Municipal de la Bisbal.<\/span><\/p>\n<p><span style=\"color: #000000;\">La recaudaci\u00f3n se destinar\u00e1 a la entidad del pueblo que se encargue de gestionar la taquilla en cada una de las proyecciones. En este caso ser\u00e1 en beneficio de los Geganters i Grallers de La Societat Cultural Recreativa Bisbalenca.<\/span><\/p>\n<p><span style=\"color: #000000;\">Para m\u00e1s informaci\u00f3n pod\u00e9is ir al enlace:\u00a0<a style=\"color: #000000;\" href=\"http:\/\/ciclegaudi.cat\/cartellera\/la-libreria\/\">http:\/\/ciclegaudi.cat\/cartellera\/la-libreria\/<\/a>\u00a0<\/span><\/p>\n<p>&nbsp;<\/p>\n<\/div>\n<div class=\"wpb_text_column wpb_content_element \"><\/div>\n<p>&nbsp;<\/p>\n<div class=\"wpb_text_column wpb_content_element \"><\/div>\n","protected":false},"excerpt":{"rendered":"<p>CATAL\u00c0\u00a0| El diumenge 29 d&#8217;abril a les 19h, podeu veure\u00a0\u201cLa Librer\u00eda\u201d,\u00a0dirigida per\u00a0Isabel Coixet a l\u2019Auditori Salb\u00e0 del CMC.\u00a0 FITXA\u00a0T\u00c8CNICA Direcci\u00f3:\u00a0Isabel Coixet \u00a0Gui\u00f3:\u00a0Isabel Coixet\u00a0(basat en la novel.la \u201cThe Bookshop\u201d de Penelope &hellip; <a href=\"https:\/\/bisbalpenedes.com\/web\/2018\/04\/05\/el-diumenge-29-dabril-podreu-veure-la-libreria-disabel-coixet-a-lauditori-salba-del-cmc\/\" class=\"more-link\">Read More<\/a><\/p>\n","protected":false},"author":4,"featured_media":5321,"comment_status":"closed","ping_status":"closed","sticky":false,"template":"","format":"standard","meta":[],"categories":[13],"tags":[1525,1568,307,869,1458,752,1570,1567,771,1569],"_links":{"self":[{"href":"https:\/\/bisbalpenedes.com\/web\/wp-json\/wp\/v2\/posts\/5320"}],"collection":[{"href":"https:\/\/bisbalpenedes.com\/web\/wp-json\/wp\/v2\/posts"}],"about":[{"href":"https:\/\/bisbalpenedes.com\/web\/wp-json\/wp\/v2\/types\/post"}],"author":[{"embeddable":true,"href":"https:\/\/bisbalpenedes.com\/web\/wp-json\/wp\/v2\/users\/4"}],"replies":[{"embeddable":true,"href":"https:\/\/bisbalpenedes.com\/web\/wp-json\/wp\/v2\/comments?post=5320"}],"version-history":[{"count":3,"href":"https:\/\/bisbalpenedes.com\/web\/wp-json\/wp\/v2\/posts\/5320\/revisions"}],"predecessor-version":[{"id":5491,"href":"https:\/\/bisbalpenedes.com\/web\/wp-json\/wp\/v2\/posts\/5320\/revisions\/5491"}],"wp:featuredmedia":[{"embeddable":true,"href":"https:\/\/bisbalpenedes.com\/web\/wp-json\/wp\/v2\/media\/5321"}],"wp:attachment":[{"href":"https:\/\/bisbalpenedes.com\/web\/wp-json\/wp\/v2\/media?parent=5320"}],"wp:term":[{"taxonomy":"category","embeddable":true,"href":"https:\/\/bisbalpenedes.com\/web\/wp-json\/wp\/v2\/categories?post=5320"},{"taxonomy":"post_tag","embeddable":true,"href":"https:\/\/bisbalpenedes.com\/web\/wp-json\/wp\/v2\/tags?post=5320"}],"curies":[{"name":"wp","href":"https:\/\/api.w.org\/{rel}","templated":true}]}}