{"id":5254,"date":"2018-03-27T11:57:30","date_gmt":"2018-03-27T10:57:30","guid":{"rendered":"http:\/\/bisbalpenedes.com\/web\/?p=5254"},"modified":"2018-03-28T19:04:39","modified_gmt":"2018-03-28T18:04:39","slug":"el-som-bisbal-segueix-apostant-per-la-formacio-i-la-millora-de-les-aptituds-dels-seus-usuaris","status":"publish","type":"post","link":"https:\/\/bisbalpenedes.com\/web\/2018\/03\/27\/el-som-bisbal-segueix-apostant-per-la-formacio-i-la-millora-de-les-aptituds-dels-seus-usuaris\/","title":{"rendered":"El SOM Bisbal segueix apostant per la formaci\u00f3 i la millora de les aptituds dels seus usuaris"},"content":{"rendered":"<p><a href=\"http:\/\/bisbalpenedes.com\/web\/wp-content\/uploads\/2018\/03\/cursos-2018a.jpg\"><img loading=\"lazy\" class=\"aligncenter size-large wp-image-5278\" src=\"http:\/\/bisbalpenedes.com\/web\/wp-content\/uploads\/2018\/03\/cursos-2018a-724x1024.jpg\" alt=\"cursos-2018a som bisbal\" width=\"630\" height=\"891\" srcset=\"https:\/\/bisbalpenedes.com\/web\/wp-content\/uploads\/2018\/03\/cursos-2018a-724x1024.jpg 724w, https:\/\/bisbalpenedes.com\/web\/wp-content\/uploads\/2018\/03\/cursos-2018a-600x848.jpg 600w, https:\/\/bisbalpenedes.com\/web\/wp-content\/uploads\/2018\/03\/cursos-2018a-212x300.jpg 212w, https:\/\/bisbalpenedes.com\/web\/wp-content\/uploads\/2018\/03\/cursos-2018a-768x1086.jpg 768w, https:\/\/bisbalpenedes.com\/web\/wp-content\/uploads\/2018\/03\/cursos-2018a.jpg 827w\" sizes=\"(max-width: 630px) 100vw, 630px\" \/><\/a><\/p>\n<p><span style=\"color: #000000;\"><strong>CATAL\u00c0 | El SOM Bisbal segueix apostant per la formaci\u00f3 i la millora de les aptituds dels seus usuaris<\/strong><\/span><\/p>\n<p><span style=\"color: #000000;\">El SOM Bisbal ha programat diversos cursos destinats a aut\u00f2noms, persones aturades i persones ocupades, unes activitats de formaci\u00f3 que seran possibles gr\u00e0cies al conveni de col\u00b7laboraci\u00f3 que l\u2019Ajuntament de la Bisbal ha signat amb l\u2019empresa Centre d\u2019Estudis Vilafranca Excellens per a la realitzaci\u00f3 de cinc cursos a la Bisbal durant l\u2019any 2018.<\/span><\/p>\n<p><span style=\"color: #000000;\">La tria dels cursos s\u2019ha fet en funci\u00f3 de la demanda que han fet els usuaris, tot i que tamb\u00e9 se n\u2019han afegit aquells que, des del Servei d\u2019Ocupaci\u00f3 Municipal, s\u2019han considerat positius per al creixement professional dels usuaris. Les formacions estaran subvencionades al 50% per l\u2019Ajuntament. Aix\u00ed, si el preu de la formaci\u00f3 per hora \u00e9s de 6\u20ac, l\u2019usuari nom\u00e9s pagar\u00e0 3\u20ac.<\/span><\/p>\n<p><span style=\"color: #000000;\">Properament comen\u00e7aran dos cursos, el d\u2019ortografia catalana (nivel II) i el de Coaching (nivel II). Les inscripcions ja estan obertes i es poden fer presencialment al SOM Bisbal o per internet, havent-vos registrat pr\u00e8viament al portal del SOM Bisbal: <a style=\"color: #000000;\" href=\"http:\/\/bisbalpenedes.com\/web\/som-online\/\">http:\/\/bisbalpenedes.com\/web\/som-online\/<\/a><\/span><\/p>\n<p style=\"padding-left: 30px;\"><span style=\"color: #000000;\"><strong>-Curs d\u2019ortografia catalana, nivell II.<\/strong> El 2017 es va organitzar un primer curs b\u00e0sic d\u2019ortografia catalana amb molt bona d\u2019acollida. \u00c9s per aix\u00f2 que es vol repetir l\u2019experi\u00e8ncia. El curs va adre\u00e7at als bisbalencs i les bisbalenques que vulguin millorar l\u2019ortografia del catal\u00e0 i adquirir eines per aprendre estrat\u00e8gies amb la finalitat d\u2019evitar errades ortogr\u00e0fiques en l\u2019escriptura. Aix\u00ed, aquest curs s\u2019adre\u00e7a sobretot a les persones que empren el catal\u00e0 de forma oral per\u00f2 que presenten mancances en l\u2019expressi\u00f3 escrita.<\/span><\/p>\n<p style=\"padding-left: 30px;\"><span style=\"color: #000000;\">El curs \u00e9s de 40h, que es distribuiran en quatre hores a la setmana en dues sessions de dues hores cadascuna. La formaci\u00f3 es far\u00e0 els dimarts i els divendres de 9:15h a 11:15h, del 13 d\u2019abril al 22 de juny, i hi podran participar un m\u00e0xim de 15 persones.<\/span><\/p>\n<p style=\"padding-left: 30px;\"><span style=\"color: #000000;\"><strong>-Coaching nivell II.<\/strong> Es tracta del segon nivell de coaching, ja que al 2017 es va oferir el nivell I. L\u2019objectiu d\u2019aquest curs \u00e9s millorar el lideratge personal i d\u2019equips a trav\u00e9s de la metodologia del coaching i aprendre diverses t\u00e8cniques de coaching \u00fatils per a la comunicaci\u00f3. Els horaris son dimarts i dijous\u00a0 de 20h a 21:15h. Es dur\u00e0 a terme del 17 d\u2019abril al 26 de juny.<\/span><\/p>\n<p style=\"padding-left: 30px;\"><span style=\"color: #000000;\">El curs \u00e9s de 30h hores que es distribuiran en dues sessions setmanals d\u2019una hora i mitja cadascuna. El curs podr\u00e0 comptar amb un m\u00e0xim de 15 participants.<\/span><\/p>\n<p><span style=\"color: #000000;\">A m\u00e9s, a partir de l\u2019octubre est\u00e0 previst que es tirin endavant tres propostes formatives m\u00e9s:<\/span><\/p>\n<p style=\"padding-left: 30px;\"><span style=\"color: #000000;\"><strong>-Curs d\u2019iniciaci\u00f3 a la inform\u00e0tica:<\/strong> Es tracta d\u2019un curs adre\u00e7at als bisbalencs i les bisbalenques que vulguin aprendre el funcionament de la inform\u00e0tica i d\u2019internet i que no tinguin amplis coneixements en aquest camp. Es treballar\u00e0 el sistema operatiu, el tractament de textos, el full de c\u00e0lcul i internet (buscar informaci\u00f3 al navegador, consultar i enviar correus electr\u00f2nics&#8230;). El curs ser\u00e0 de 40 hores dividides en dues sessions setmanals de dues hores \u00a0cadascuna, els dimarts i divendres de 9.15h a 11.15h. Hi podran participar un m\u00e0xim de 15 persones.<\/span><\/p>\n<p style=\"padding-left: 30px;\"><span style=\"color: #000000;\"><strong>-Gesti\u00f3 del temps: <\/strong>Aquest curs est\u00e0 destinat a aut\u00f2noms i treballadors per compte d\u2019altri. L\u2019objectiu \u00e9s millorar la gesti\u00f3 del temps laboral i la planificaci\u00f3 de tasques, reduir la sensaci\u00f3 de \u2018no tenir temps\u2019 en l\u2019\u00e0mbit laboral i optimitzar els recursos disponibles per augmentar la productivitat. El curs ser\u00e0 de 30 hores que es distribuiran en tres hores a la setmana, fent dues sessions setmanals d\u2019una hora i mitja cadascuna, els dimarts i els dijous de 20.00h a 21.30h. Hi podran participar un m\u00e0xim de 15 persones.<\/span><\/p>\n<p style=\"padding-left: 30px;\"><span style=\"color: #000000;\"><strong>-Estimulaci\u00f3 cognitiva, curs de mem\u00f2ria per a menors de 65 anys: <\/strong>Aquest curs va destinat a menors de 65 anys, aturats o ocupats, que vulguin adquirir coneixements, eines i estrat\u00e8gies per aprendre a exercitar les funcions cognitives. El curs ser\u00e0 de 30 hores distribu\u00efdes en dues sessions setmanals d\u2019una hora i mitja cadascuna, els dilluns i els dimecres de 20.00h a 21.30h.<\/span><\/p>\n<hr \/>\n<p><span style=\"color: #000000;\"><strong>CASTELLANO |\u00a0<\/strong><strong>El SOM Bisbal sigue apostando por la formaci\u00f3n y la mejora de las aptitudes de sus usuarios<\/strong><\/span><\/p>\n<p><span style=\"color: #000000;\">El SOM Bisbal ha programado varios cursos destinados a aut\u00f3nomos, personas paradas y personas ocupadas, unas actividades de formaci\u00f3n que ser\u00e1n posibles gracias al convenio de colaboraci\u00f3n que el Ayuntamiento de la Bisbal ha firmado con la empresa Centre d\u2019Estudis Vilafranca Excellens para la realizaci\u00f3n de cinco cursos en la Bisbal durante el a\u00f1o 2018.<\/span><\/p>\n<p><span style=\"color: #000000;\">La selecci\u00f3n de cursos se ha hecho en funci\u00f3n de la demanda que han hecho los usuarios, aunque tambi\u00e9n se han a\u00f1adido aquellos que, desde el Servei d\u2019Ocupaci\u00f3 Municipal, se han considerado positivos para el crecimiento profesional de los usuarios. Las formaciones estar\u00e1n subvencionadas al 50% por el Ayuntamiento. As\u00ed, si el precio de la formaci\u00f3n por hora es de 6\u20ac, el usuario solo paragar\u00e1 3\u20ac.<\/span><\/p>\n<p><span style=\"color: #000000;\">Pr\u00f3ximamente empezar\u00e1n dos cursos, el de ortograf\u00eda catalana (nivel II) y el de Coaching (nivel II). Las inscripciones ya est\u00e1n abiertas y se pueden realizar presencialmente en el SOM Bisbal o por internet, registr\u00e1ndoos en el portal SOM Bisbal: <a style=\"color: #000000;\" href=\"http:\/\/bisbalpenedes.com\/web\/som-online\/\">http:\/\/bisbalpenedes.com\/web\/som-online\/<\/a><\/span><\/p>\n<p style=\"padding-left: 30px;\"><span style=\"color: #000000;\"><strong>-Curso de ortograf\u00eda catalana, nivel II:<\/strong> El 2017 se organiz\u00f3 un primer curso b\u00e1sico de ortograf\u00eda catalana i tubo una buena acogida. Es por este motivo que se quiere repetir la experiencia. El curso se dirige a los bisbalenses que quieran mejorar la ortograf\u00eda del catal\u00e1n y adquirir herramientas para aprender estrategias con la finalidad de evitar errores ortogr\u00e1ficos en la escritura. As\u00ed, este curso va dirigido sobretodo a las personas que utilizan el catal\u00e1n de forma oral pero que presentan carencias en la expresi\u00f3n escrita.<\/span><\/p>\n<p style=\"padding-left: 30px;\"><span style=\"color: #000000;\">El curso es de 40h, que se distribuir\u00e1n en cuatro horas a la semana en dos sesiones de dos horas cada una. La formaci\u00f3n se har\u00e1 los martes y los viernes de 9.15h a 11.15h, del 13 de abril al 22 de junio, y podr\u00e1n participar un m\u00e1ximo de 15 personas.<\/span><\/p>\n<p style=\"padding-left: 30px;\"><span style=\"color: #000000;\"><strong>-Coaching nivel II:<\/strong> Se trata del segundo nivel de coaching, ya que en el 2017 se ofreci\u00f3 en nivel I. El objetivo de este curso es mejorar el lideraje personal y de equipos a trav\u00e9s de la metodolog\u00eda del coaching y aprender varias t\u00e9cnicas de coaching \u00fatiles para la comunicaci\u00f3n. Los horarios son martes y jueves de 20h a 21.15h. Se realizar\u00e1 del 17 de abril al 26 de junio. El curso es de 30 horas que se distribuir\u00e1n en dos sesiones semanales de\u00a0 hora y media. El curso podr\u00e1 contar con un m\u00e1ximo de 15 participantes.<\/span><\/p>\n<p><span style=\"color: #000000;\">Adem\u00e1s, a partir del mes de octubre est\u00e1 previsto que se lleven a cabo tres propuestas formativas m\u00e1s:<\/span><\/p>\n<p style=\"padding-left: 30px;\"><span style=\"color: #000000;\"><strong>-Curso de iniciaci\u00f3n a la inform\u00e1tica: <\/strong>Se trata de un curso dirigido a los bisbalenses que quieran aprender el funcionamiento de la inform\u00e1tica y de internet y que no tengan amplios conocimientos en este campo. Se trabajar\u00e1 el sistema operativo, el tratamiento de textos, la hoja de c\u00e1lculo e internet (buscar informaci\u00f3n en el navegador, consultar y mandar correos electr\u00f3nicos&#8230;). El curso ser\u00e1 de 40 hores divididas en dos sesiones semanales de dos horas cada una, los martes y los viernes de 9.15h a 11.15h. Podr\u00e1n participar un m\u00e1ximo de 15 personas.<\/span><\/p>\n<p style=\"padding-left: 30px;\"><span style=\"color: #000000;\"><strong>-Gesti\u00f3n del tiempo: <\/strong>Este curso va dirigido a los aut\u00f3nomos y los trabajadores por cuenta de otro. El objetivo es mejorar la gesti\u00f3n del tiempo laboral y la planificaci\u00f3n de tareas, reducir la sensaci\u00f3n de \u2018no tener tiempo\u2019 en el \u00e1mbito laboral y optimizar los recursos disponibles para aumentar la productividad. El curso ser\u00e1 de 30 horas que se distribuir\u00e1n en tres horas a la semana, haciendo dos sesiones semanales de una hora y media cada una, los martes y los jueves de 20.00h a 21.30h. Podr\u00e1n participar un m\u00e1ximo de 15 personas.<\/span><\/p>\n<p style=\"padding-left: 30px;\"><span style=\"color: #000000;\"><strong>-Estimulaci\u00f3n cognitiva, curso de memoria para menores de 65 a\u00f1os. <\/strong>Este curso va destinado a menores de 65 a\u00f1os, parados o ocupados, que quieran adquirir conocimientos, herramientas y estrategias para aprender a ejercitar las funciones cognitivas. El curso ser\u00e1 de 30 horas distribuidas en dos sesiones semanales de una hora y media cada una, los lunes y los mi\u00e9rcoles de 20.00h a 21.30h.<\/span><\/p>\n","protected":false},"excerpt":{"rendered":"<p>CATAL\u00c0 | El SOM Bisbal segueix apostant per la formaci\u00f3 i la millora de les aptituds dels seus usuaris El SOM Bisbal ha programat diversos cursos destinats a aut\u00f2noms, persones &hellip; <a href=\"https:\/\/bisbalpenedes.com\/web\/2018\/03\/27\/el-som-bisbal-segueix-apostant-per-la-formacio-i-la-millora-de-les-aptituds-dels-seus-usuaris\/\" class=\"more-link\">Read More<\/a><\/p>\n","protected":false},"author":4,"featured_media":5255,"comment_status":"closed","ping_status":"closed","sticky":false,"template":"","format":"standard","meta":[],"categories":[9],"tags":[1129,62,1309,1529,12,1530,1532,1531,271],"_links":{"self":[{"href":"https:\/\/bisbalpenedes.com\/web\/wp-json\/wp\/v2\/posts\/5254"}],"collection":[{"href":"https:\/\/bisbalpenedes.com\/web\/wp-json\/wp\/v2\/posts"}],"about":[{"href":"https:\/\/bisbalpenedes.com\/web\/wp-json\/wp\/v2\/types\/post"}],"author":[{"embeddable":true,"href":"https:\/\/bisbalpenedes.com\/web\/wp-json\/wp\/v2\/users\/4"}],"replies":[{"embeddable":true,"href":"https:\/\/bisbalpenedes.com\/web\/wp-json\/wp\/v2\/comments?post=5254"}],"version-history":[{"count":2,"href":"https:\/\/bisbalpenedes.com\/web\/wp-json\/wp\/v2\/posts\/5254\/revisions"}],"predecessor-version":[{"id":5279,"href":"https:\/\/bisbalpenedes.com\/web\/wp-json\/wp\/v2\/posts\/5254\/revisions\/5279"}],"wp:featuredmedia":[{"embeddable":true,"href":"https:\/\/bisbalpenedes.com\/web\/wp-json\/wp\/v2\/media\/5255"}],"wp:attachment":[{"href":"https:\/\/bisbalpenedes.com\/web\/wp-json\/wp\/v2\/media?parent=5254"}],"wp:term":[{"taxonomy":"category","embeddable":true,"href":"https:\/\/bisbalpenedes.com\/web\/wp-json\/wp\/v2\/categories?post=5254"},{"taxonomy":"post_tag","embeddable":true,"href":"https:\/\/bisbalpenedes.com\/web\/wp-json\/wp\/v2\/tags?post=5254"}],"curies":[{"name":"wp","href":"https:\/\/api.w.org\/{rel}","templated":true}]}}