{"id":5243,"date":"2018-03-27T10:43:58","date_gmt":"2018-03-27T09:43:58","guid":{"rendered":"http:\/\/bisbalpenedes.com\/web\/?p=5243"},"modified":"2018-03-27T10:57:13","modified_gmt":"2018-03-27T09:57:13","slug":"el-diumenge-1-dabril-a-les-22h-es-representara-una-estranya-parella-a-la-societat-cultural-i-recreativa-bisbalenca","status":"publish","type":"post","link":"https:\/\/bisbalpenedes.com\/web\/2018\/03\/27\/el-diumenge-1-dabril-a-les-22h-es-representara-una-estranya-parella-a-la-societat-cultural-i-recreativa-bisbalenca\/","title":{"rendered":"El diumenge 1 d&#8217;abril a les 22h es representar\u00e0 &#8216;Una estranya parella&#8217; a la Societat Cultural i Recreativa Bisbalenca"},"content":{"rendered":"<p>&nbsp;<\/p>\n<p style=\"text-align: justify;\"><span style=\"color: #000000;\"><span data-offset-key=\"dcrgp-0-0\"><span data-text=\"true\"><strong>CATAL\u00c0<\/strong> | El diumenge 1 d&#8217;abril a les 22h es representar\u00e0 &#8216;Una estranya parella&#8217; a la\u00a0<\/span><\/span><span class=\"_247o\" spellcheck=\"false\" data-offset-key=\"dcrgp-1-0\"><span data-offset-key=\"dcrgp-1-0\"><span data-text=\"true\">Societat Cultural i Recreativa Bisbalenca. L&#8217;obra ser\u00e0 interpretada per Otger Guasch, Pau Mir\u00f3, Ramon Rovira, Arlette Poch, Joanet Banach, Rat Cabr\u00e9, Josep Pallar\u00e8s, Nona Catal\u00e0, Marc Ferr\u00e9 i Vinyet Poch i compta amb la participaci\u00f3 d&#8217;Esther Vives, \u00c0ngels Carnicero, Jordi Ferran, Jordi Ferran M., Joanjo Vidal, Rafel Vidal, M. Montserrat Ca\u00f1ellas, Roser Ferr\u00e9, Yolanda Poch, Neus Montero, S\u00edlvia Ferr\u00e9 i la Junta de la Societat.<\/span><\/span><\/span><\/span><\/p>\n<p style=\"text-align: justify;\"><span style=\"color: #000000;\"><strong>CASTELLANO |<\/strong> El domingo 1 de abril a las 22h se representar\u00e1 &#8216;Una estranya parella&#8217; en la Societat Cultural i Recreativa Bisbalenca. La obra ser\u00e1 interpretada por Otger Guasch, Pau Mir\u00f3, Ramon Rovira, Arlette Poch, Joanet Banach, Rat Cabr\u00e9, Josep Pallar\u00e8s, Nona Catal\u00e0 Marc Ferr\u00e9 y Vinyet Poch y cuenta con la participaci\u00f3n de Esther Vives, \u00c0ngels Carnicero, Jordi Ferran, Jordi Ferran M., Joanjo Vidal, Rafel Vidal, M. Montserrat Ca\u00f1ellas, Roser Ferr\u00e9, Yolanda Poch, Neus Montero, S\u00edlvia Ferr\u00e9 y la Junta de la Societat.<\/span><\/p>\n<p style=\"text-align: justify;\"><a href=\"http:\/\/bisbalpenedes.com\/web\/wp-content\/uploads\/2018\/03\/poster_extrana_pareja_socidust.jpg\"><img loading=\"lazy\" class=\"aligncenter size-large wp-image-5218\" src=\"http:\/\/bisbalpenedes.com\/web\/wp-content\/uploads\/2018\/03\/poster_extrana_pareja_socidust-724x1024.jpg\" alt=\"poster_extrana_pareja_socidust\" width=\"630\" height=\"891\" srcset=\"https:\/\/bisbalpenedes.com\/web\/wp-content\/uploads\/2018\/03\/poster_extrana_pareja_socidust-724x1024.jpg 724w, https:\/\/bisbalpenedes.com\/web\/wp-content\/uploads\/2018\/03\/poster_extrana_pareja_socidust-600x849.jpg 600w, https:\/\/bisbalpenedes.com\/web\/wp-content\/uploads\/2018\/03\/poster_extrana_pareja_socidust-212x300.jpg 212w, https:\/\/bisbalpenedes.com\/web\/wp-content\/uploads\/2018\/03\/poster_extrana_pareja_socidust-768x1087.jpg 768w, https:\/\/bisbalpenedes.com\/web\/wp-content\/uploads\/2018\/03\/poster_extrana_pareja_socidust.jpg 1169w\" sizes=\"(max-width: 630px) 100vw, 630px\" \/><\/a><\/p>\n","protected":false},"excerpt":{"rendered":"<p>&nbsp; CATAL\u00c0 | El diumenge 1 d&#8217;abril a les 22h es representar\u00e0 &#8216;Una estranya parella&#8217; a la\u00a0Societat Cultural i Recreativa Bisbalenca. L&#8217;obra ser\u00e0 interpretada per Otger Guasch, Pau Mir\u00f3, Ramon &hellip; <a href=\"https:\/\/bisbalpenedes.com\/web\/2018\/03\/27\/el-diumenge-1-dabril-a-les-22h-es-representara-una-estranya-parella-a-la-societat-cultural-i-recreativa-bisbalenca\/\" class=\"more-link\">Read More<\/a><\/p>\n","protected":false},"author":4,"featured_media":5218,"comment_status":"closed","ping_status":"closed","sticky":false,"template":"","format":"standard","meta":[],"categories":[13],"tags":[890,1525,642,1523,1524,301,285],"_links":{"self":[{"href":"https:\/\/bisbalpenedes.com\/web\/wp-json\/wp\/v2\/posts\/5243"}],"collection":[{"href":"https:\/\/bisbalpenedes.com\/web\/wp-json\/wp\/v2\/posts"}],"about":[{"href":"https:\/\/bisbalpenedes.com\/web\/wp-json\/wp\/v2\/types\/post"}],"author":[{"embeddable":true,"href":"https:\/\/bisbalpenedes.com\/web\/wp-json\/wp\/v2\/users\/4"}],"replies":[{"embeddable":true,"href":"https:\/\/bisbalpenedes.com\/web\/wp-json\/wp\/v2\/comments?post=5243"}],"version-history":[{"count":1,"href":"https:\/\/bisbalpenedes.com\/web\/wp-json\/wp\/v2\/posts\/5243\/revisions"}],"predecessor-version":[{"id":5244,"href":"https:\/\/bisbalpenedes.com\/web\/wp-json\/wp\/v2\/posts\/5243\/revisions\/5244"}],"wp:featuredmedia":[{"embeddable":true,"href":"https:\/\/bisbalpenedes.com\/web\/wp-json\/wp\/v2\/media\/5218"}],"wp:attachment":[{"href":"https:\/\/bisbalpenedes.com\/web\/wp-json\/wp\/v2\/media?parent=5243"}],"wp:term":[{"taxonomy":"category","embeddable":true,"href":"https:\/\/bisbalpenedes.com\/web\/wp-json\/wp\/v2\/categories?post=5243"},{"taxonomy":"post_tag","embeddable":true,"href":"https:\/\/bisbalpenedes.com\/web\/wp-json\/wp\/v2\/tags?post=5243"}],"curies":[{"name":"wp","href":"https:\/\/api.w.org\/{rel}","templated":true}]}}