{"id":5238,"date":"2018-03-27T11:00:17","date_gmt":"2018-03-27T10:00:17","guid":{"rendered":"http:\/\/bisbalpenedes.com\/web\/?p=5238"},"modified":"2018-03-27T11:10:33","modified_gmt":"2018-03-27T10:10:33","slug":"la-regidoria-de-territori-ha-arranjat-les-escales-de-la-part-del-darrere-del-cmc","status":"publish","type":"post","link":"https:\/\/bisbalpenedes.com\/web\/2018\/03\/27\/la-regidoria-de-territori-ha-arranjat-les-escales-de-la-part-del-darrere-del-cmc\/","title":{"rendered":"La Regidoria de Territori ha arranjat les escales de la part del darrere del CMC"},"content":{"rendered":"<p><a href=\"http:\/\/bisbalpenedes.com\/web\/wp-content\/uploads\/2018\/03\/2018-03-27-PHOTO-00011310.jpg\"><img loading=\"lazy\" class=\"aligncenter size-medium wp-image-5250\" src=\"http:\/\/bisbalpenedes.com\/web\/wp-content\/uploads\/2018\/03\/2018-03-27-PHOTO-00011310-300x225.jpg\" alt=\"ESCALES DARRERE CMC\" width=\"300\" height=\"225\" srcset=\"https:\/\/bisbalpenedes.com\/web\/wp-content\/uploads\/2018\/03\/2018-03-27-PHOTO-00011310-300x225.jpg 300w, https:\/\/bisbalpenedes.com\/web\/wp-content\/uploads\/2018\/03\/2018-03-27-PHOTO-00011310-600x450.jpg 600w, https:\/\/bisbalpenedes.com\/web\/wp-content\/uploads\/2018\/03\/2018-03-27-PHOTO-00011310-768x576.jpg 768w, https:\/\/bisbalpenedes.com\/web\/wp-content\/uploads\/2018\/03\/2018-03-27-PHOTO-00011310-1024x768.jpg 1024w, https:\/\/bisbalpenedes.com\/web\/wp-content\/uploads\/2018\/03\/2018-03-27-PHOTO-00011310.jpg 1600w\" sizes=\"(max-width: 300px) 100vw, 300px\" \/><\/a><\/p>\n<p style=\"text-align: justify;\"><span style=\"color: #000000;\"><strong>CATAL\u00c0<\/strong> | La Regidoria de Territori ha arranjat les escales de la part del darrere de l\u2019Auditori Salb\u00e0 del CMC, en concret ha rehabilitat el mur de pedra, els contraforts de pedra i l\u2019escala que abans donava acc\u00e9s al portal. Els arranjaments s\u2019han fet sobre els murs originals que corresponen a l\u2019antic Castell de la Bisbal, tamb\u00e9 conegut com a castell dels Salb\u00e0, una edificaci\u00f3 que es va ensorrar a finals del segle XIX de la qual resten murs antics que han estat aprofitats per construir les cases que s\u2019hi han fet posteriorment.<\/span><\/p>\n<p style=\"text-align: justify;\"><span style=\"color: #000000;\">Aquestes accions tamb\u00e9 han incl\u00f2s l\u2019arranjament de la vorera d\u2019aquella part de l\u2019antic castell.<\/span><\/p>\n<p style=\"text-align: justify;\"><span style=\"color: #000000;\">Coneixeu la hist\u00f2ria del castell de la Bisbal? Podeu llegir-la a l\u2019enlla\u00e7: <a style=\"color: #000000;\" href=\"http:\/\/bisbalpenedes.com\/web\/monuments-i-edificis\/\">http:\/\/bisbalpenedes.com\/web\/monuments-i-edificis\/<\/a><\/span><\/p>\n<p style=\"text-align: justify;\"><a href=\"http:\/\/bisbalpenedes.com\/web\/wp-content\/uploads\/2018\/03\/2018-03-27-PHOTO-00011311.jpg\"><img loading=\"lazy\" class=\"aligncenter size-medium wp-image-5248\" src=\"http:\/\/bisbalpenedes.com\/web\/wp-content\/uploads\/2018\/03\/2018-03-27-PHOTO-00011311-300x225.jpg\" alt=\"2018-03-27-PHOTO-00011311\" width=\"300\" height=\"225\" srcset=\"https:\/\/bisbalpenedes.com\/web\/wp-content\/uploads\/2018\/03\/2018-03-27-PHOTO-00011311-300x225.jpg 300w, https:\/\/bisbalpenedes.com\/web\/wp-content\/uploads\/2018\/03\/2018-03-27-PHOTO-00011311-600x450.jpg 600w, https:\/\/bisbalpenedes.com\/web\/wp-content\/uploads\/2018\/03\/2018-03-27-PHOTO-00011311-768x576.jpg 768w, https:\/\/bisbalpenedes.com\/web\/wp-content\/uploads\/2018\/03\/2018-03-27-PHOTO-00011311-1024x768.jpg 1024w, https:\/\/bisbalpenedes.com\/web\/wp-content\/uploads\/2018\/03\/2018-03-27-PHOTO-00011311.jpg 1600w\" sizes=\"(max-width: 300px) 100vw, 300px\" \/><\/a><\/p>\n<p style=\"text-align: justify;\"><span style=\"color: #000000;\"><strong>CASTELL\u00c0<\/strong> | La Regidoria de Territori ha arreglado las escaleras de la parte de detr\u00e1s del Auditori Salb\u00e0 del CMC, en concreto ha rehabilitado el muro de piedra, los contrafuertes de piedra y la escalera que antes daba acceso al portal. Las acciones se han realizado sobre los muros originales que corresponden al antiguo Castillo de la Bisbal, tambi\u00e9n conocido como castillo de los Salb\u00e0, una edificaci\u00f3n que se derrumb\u00f3 a finales del siglo XIX de la cual quedan muros antiguos que han sido aprovechados para levantar las casas que se han construido posteriormente.<\/span><\/p>\n<p style=\"text-align: justify;\"><span style=\"color: #000000;\">Estas acciones tambi\u00e9n han incluido el arreglo de la acera de esta parte del antiguo castillo.<\/span><\/p>\n<p style=\"text-align: justify;\"><span style=\"color: #000000;\">Conoc\u00e9is la historia del castillo de la Bisbal? Pod\u00e9is leerla en el enlace:<\/span><\/p>\n<p style=\"text-align: justify;\"><span style=\"color: #000000;\"><a style=\"color: #000000;\" href=\"http:\/\/bisbalpenedes.com\/web\/monuments-i-edificis\/\">http:\/\/bisbalpenedes.com\/web\/monuments-i-edificis\/<\/a><\/span><\/p>\n<p><a href=\"http:\/\/bisbalpenedes.com\/web\/wp-content\/uploads\/2018\/03\/2018-03-27-PHOTO-00011308.jpg\"><img loading=\"lazy\" class=\"aligncenter size-medium wp-image-5249\" src=\"http:\/\/bisbalpenedes.com\/web\/wp-content\/uploads\/2018\/03\/2018-03-27-PHOTO-00011308-300x225.jpg\" alt=\"2018-03-27-PHOTO-00011308\" width=\"300\" height=\"225\" srcset=\"https:\/\/bisbalpenedes.com\/web\/wp-content\/uploads\/2018\/03\/2018-03-27-PHOTO-00011308-300x225.jpg 300w, https:\/\/bisbalpenedes.com\/web\/wp-content\/uploads\/2018\/03\/2018-03-27-PHOTO-00011308-600x450.jpg 600w, https:\/\/bisbalpenedes.com\/web\/wp-content\/uploads\/2018\/03\/2018-03-27-PHOTO-00011308-768x576.jpg 768w, https:\/\/bisbalpenedes.com\/web\/wp-content\/uploads\/2018\/03\/2018-03-27-PHOTO-00011308-1024x768.jpg 1024w, https:\/\/bisbalpenedes.com\/web\/wp-content\/uploads\/2018\/03\/2018-03-27-PHOTO-00011308.jpg 1600w\" sizes=\"(max-width: 300px) 100vw, 300px\" \/><\/a><\/p>\n","protected":false},"excerpt":{"rendered":"<p>CATAL\u00c0 | La Regidoria de Territori ha arranjat les escales de la part del darrere de l\u2019Auditori Salb\u00e0 del CMC, en concret ha rehabilitat el mur de pedra, els contraforts &hellip; <a href=\"https:\/\/bisbalpenedes.com\/web\/2018\/03\/27\/la-regidoria-de-territori-ha-arranjat-les-escales-de-la-part-del-darrere-del-cmc\/\" class=\"more-link\">Read More<\/a><\/p>\n","protected":false},"author":4,"featured_media":0,"comment_status":"closed","ping_status":"closed","sticky":false,"template":"","format":"standard","meta":[],"categories":[1377],"tags":[1520,226,1521,1226,386,852,1522,579],"_links":{"self":[{"href":"https:\/\/bisbalpenedes.com\/web\/wp-json\/wp\/v2\/posts\/5238"}],"collection":[{"href":"https:\/\/bisbalpenedes.com\/web\/wp-json\/wp\/v2\/posts"}],"about":[{"href":"https:\/\/bisbalpenedes.com\/web\/wp-json\/wp\/v2\/types\/post"}],"author":[{"embeddable":true,"href":"https:\/\/bisbalpenedes.com\/web\/wp-json\/wp\/v2\/users\/4"}],"replies":[{"embeddable":true,"href":"https:\/\/bisbalpenedes.com\/web\/wp-json\/wp\/v2\/comments?post=5238"}],"version-history":[{"count":4,"href":"https:\/\/bisbalpenedes.com\/web\/wp-json\/wp\/v2\/posts\/5238\/revisions"}],"predecessor-version":[{"id":5253,"href":"https:\/\/bisbalpenedes.com\/web\/wp-json\/wp\/v2\/posts\/5238\/revisions\/5253"}],"wp:attachment":[{"href":"https:\/\/bisbalpenedes.com\/web\/wp-json\/wp\/v2\/media?parent=5238"}],"wp:term":[{"taxonomy":"category","embeddable":true,"href":"https:\/\/bisbalpenedes.com\/web\/wp-json\/wp\/v2\/categories?post=5238"},{"taxonomy":"post_tag","embeddable":true,"href":"https:\/\/bisbalpenedes.com\/web\/wp-json\/wp\/v2\/tags?post=5238"}],"curies":[{"name":"wp","href":"https:\/\/api.w.org\/{rel}","templated":true}]}}