{"id":5197,"date":"2018-03-26T07:13:45","date_gmt":"2018-03-26T06:13:45","guid":{"rendered":"http:\/\/bisbalpenedes.com\/web\/?p=5197"},"modified":"2018-03-26T07:29:09","modified_gmt":"2018-03-26T06:29:09","slug":"vine-a-la-biblioteca-per-setmana-santa","status":"publish","type":"post","link":"https:\/\/bisbalpenedes.com\/web\/2018\/03\/26\/vine-a-la-biblioteca-per-setmana-santa\/","title":{"rendered":"Vine a la Biblioteca per Setmana Santa!"},"content":{"rendered":"<p><a href=\"http:\/\/bisbalpenedes.com\/web\/wp-content\/uploads\/2018\/03\/cartell-BIBLIOTECA-SETMANA-SANTA-1.jpg\"><img loading=\"lazy\" class=\"aligncenter size-large wp-image-5198\" src=\"http:\/\/bisbalpenedes.com\/web\/wp-content\/uploads\/2018\/03\/cartell-BIBLIOTECA-SETMANA-SANTA-1-724x1024.jpg\" alt=\"cartell BIBLIOTECA SETMANA SANTA-1\" width=\"630\" height=\"891\" srcset=\"https:\/\/bisbalpenedes.com\/web\/wp-content\/uploads\/2018\/03\/cartell-BIBLIOTECA-SETMANA-SANTA-1-724x1024.jpg 724w, https:\/\/bisbalpenedes.com\/web\/wp-content\/uploads\/2018\/03\/cartell-BIBLIOTECA-SETMANA-SANTA-1-600x849.jpg 600w, https:\/\/bisbalpenedes.com\/web\/wp-content\/uploads\/2018\/03\/cartell-BIBLIOTECA-SETMANA-SANTA-1-212x300.jpg 212w, https:\/\/bisbalpenedes.com\/web\/wp-content\/uploads\/2018\/03\/cartell-BIBLIOTECA-SETMANA-SANTA-1-768x1087.jpg 768w, https:\/\/bisbalpenedes.com\/web\/wp-content\/uploads\/2018\/03\/cartell-BIBLIOTECA-SETMANA-SANTA-1.jpg 1653w\" sizes=\"(max-width: 630px) 100vw, 630px\" \/><\/a><\/p>\n<p><span style=\"color: #000000;\">CATAL\u00c0 | No et perdis les activitats que t&#8217;ofereix la Biblioteca P\u00fablica per Setmana Santa!<\/span><\/p>\n<ul>\n<li><span style=\"color: #000000;\"><strong>Dilluns 26 de mar\u00e7 a les 17.30h:<\/strong> Taller de &#8216;Pasqua a la Biblioteca&#8217;. Pinta, crea i llegeix amb els teus propis ous i conills de Pasqua.<\/span><\/li>\n<li><span style=\"color: #000000;\"><strong>Dimecres 28 de mar\u00e7 a les 17.30h:<\/strong> Taller de &#8220;Benvinguda Primavera&#8221;. Realitzaci\u00f3 d&#8217;insectes i plantes amb productes reciclats (cal portar rotlles buits de paper de cuina i v\u00e0ter de casa)<\/span><\/li>\n<li><span style=\"color: #000000;\"><strong>Dissabte 31 de mar\u00e7 a les 17.00h:<\/strong> Contacontes infantil i berenar saludable.<\/span><\/li>\n<\/ul>\n<p><span style=\"color: #000000;\">En totes les activitats cal que els menors de 6 anys vinguin acompanyats d&#8217;un adult. L&#8217;acc\u00e9s a totes les activitats \u00e9s gratu\u00eft.<\/span><\/p>\n<p>&nbsp;<\/p>\n<p><span style=\"color: #000000;\">CASTELLANO | No te pierdas las actividades que te ofrece la Biblioteca P\u00fablica por Semana Santa!<\/span><\/p>\n<ul>\n<li><span style=\"color: #000000;\"><strong>Lunes 26 de marzo a las 17.30h:<\/strong> Taller de &#8216;Pascua en la Biblioteca&#8217;. Pinta, crea y lee con tus propios huevos y conejos de Pascua.<\/span><\/li>\n<li><span style=\"color: #000000;\"><strong>Mi\u00e9rcoles 28 de marzo a las 17.30h:<\/strong> Taller de &#8216;Bienvenida Primavera&#8217;. Realizaci\u00f3n de insectos y plantas con productos reciclados (hay que traer rollos vac\u00edos de papel de cocina y wc de casa).<\/span><\/li>\n<li><span style=\"color: #000000;\"><strong>S\u00e1bado 31 de marzo a las 17:00h:<\/strong> Cuentacuentos infantil y merienda saludable.<\/span><\/li>\n<\/ul>\n<p><span style=\"color: #000000;\">En todas las actividades los menores de 6 a\u00f1os deben ir acompa\u00f1ados de un adulto. El acceso a todas las actividades es gratuito.<\/span><\/p>\n","protected":false},"excerpt":{"rendered":"<p>CATAL\u00c0 | No et perdis les activitats que t&#8217;ofereix la Biblioteca P\u00fablica per Setmana Santa! Dilluns 26 de mar\u00e7 a les 17.30h: Taller de &#8216;Pasqua a la Biblioteca&#8217;. Pinta, crea &hellip; <a href=\"https:\/\/bisbalpenedes.com\/web\/2018\/03\/26\/vine-a-la-biblioteca-per-setmana-santa\/\" class=\"more-link\">Read More<\/a><\/p>\n","protected":false},"author":4,"featured_media":5198,"comment_status":"closed","ping_status":"closed","sticky":false,"template":"","format":"standard","meta":[],"categories":[13],"tags":[230,180,181,414,301,288,508],"_links":{"self":[{"href":"https:\/\/bisbalpenedes.com\/web\/wp-json\/wp\/v2\/posts\/5197"}],"collection":[{"href":"https:\/\/bisbalpenedes.com\/web\/wp-json\/wp\/v2\/posts"}],"about":[{"href":"https:\/\/bisbalpenedes.com\/web\/wp-json\/wp\/v2\/types\/post"}],"author":[{"embeddable":true,"href":"https:\/\/bisbalpenedes.com\/web\/wp-json\/wp\/v2\/users\/4"}],"replies":[{"embeddable":true,"href":"https:\/\/bisbalpenedes.com\/web\/wp-json\/wp\/v2\/comments?post=5197"}],"version-history":[{"count":2,"href":"https:\/\/bisbalpenedes.com\/web\/wp-json\/wp\/v2\/posts\/5197\/revisions"}],"predecessor-version":[{"id":5200,"href":"https:\/\/bisbalpenedes.com\/web\/wp-json\/wp\/v2\/posts\/5197\/revisions\/5200"}],"wp:featuredmedia":[{"embeddable":true,"href":"https:\/\/bisbalpenedes.com\/web\/wp-json\/wp\/v2\/media\/5198"}],"wp:attachment":[{"href":"https:\/\/bisbalpenedes.com\/web\/wp-json\/wp\/v2\/media?parent=5197"}],"wp:term":[{"taxonomy":"category","embeddable":true,"href":"https:\/\/bisbalpenedes.com\/web\/wp-json\/wp\/v2\/categories?post=5197"},{"taxonomy":"post_tag","embeddable":true,"href":"https:\/\/bisbalpenedes.com\/web\/wp-json\/wp\/v2\/tags?post=5197"}],"curies":[{"name":"wp","href":"https:\/\/api.w.org\/{rel}","templated":true}]}}