{"id":5171,"date":"2018-03-22T22:23:50","date_gmt":"2018-03-22T21:23:50","guid":{"rendered":"http:\/\/bisbalpenedes.com\/web\/?p=5171"},"modified":"2018-03-22T22:59:35","modified_gmt":"2018-03-22T21:59:35","slug":"la-directora-general-dindustria-de-la-generalitat-de-catalunya-ha-visitat-aquest-dijous-lajuntament-i-els-poligons-industrials-de-la-bisbal","status":"publish","type":"post","link":"https:\/\/bisbalpenedes.com\/web\/2018\/03\/22\/la-directora-general-dindustria-de-la-generalitat-de-catalunya-ha-visitat-aquest-dijous-lajuntament-i-els-poligons-industrials-de-la-bisbal\/","title":{"rendered":"La Directora General d\u2019Ind\u00fastria de la Generalitat de Catalunya ha visitat aquest dijous l&#8217;Ajuntament i els pol\u00edgons industrials de la Bisbal"},"content":{"rendered":"<p><a href=\"http:\/\/bisbalpenedes.com\/web\/wp-content\/uploads\/2018\/03\/IMG_3285.jpg\"><img loading=\"lazy\" class=\"aligncenter size-large wp-image-5173\" src=\"http:\/\/bisbalpenedes.com\/web\/wp-content\/uploads\/2018\/03\/IMG_3285-1024x683.jpg\" alt=\"INDUSTRIA BISBAL REUNI\u00d3 2 ALCALDES\" width=\"630\" height=\"420\" srcset=\"https:\/\/bisbalpenedes.com\/web\/wp-content\/uploads\/2018\/03\/IMG_3285-1024x683.jpg 1024w, https:\/\/bisbalpenedes.com\/web\/wp-content\/uploads\/2018\/03\/IMG_3285-600x400.jpg 600w, https:\/\/bisbalpenedes.com\/web\/wp-content\/uploads\/2018\/03\/IMG_3285-300x200.jpg 300w, https:\/\/bisbalpenedes.com\/web\/wp-content\/uploads\/2018\/03\/IMG_3285-768x512.jpg 768w\" sizes=\"(max-width: 630px) 100vw, 630px\" \/><\/a><\/p>\n<p><span style=\"color: #000000;\"><strong>CATAL\u00c0<\/strong> | L\u2019Ajuntament de la Bisbal del Pened\u00e8s ha rebut, aquest dijous, la visita de la Directora General d\u2019Ind\u00fastria de la Generalitat de Catalunya, \u00c0ngels Chac\u00f3n acompanyada per la directora dels Serveis Territorials EMC a Tarragona, Carme Mansilla; la delegada d\u2019ACCI\u00d3 a Tarragona, M\u00f2nica Boquera; i el cap de servei d\u2019empresa ST Tarragona, Sime\u00f3 Farr\u00e0s.<\/span><\/p>\n<p><span style=\"color: #000000;\">Despr\u00e9s de la rebuda per part de l\u2019equip de govern al despatx d\u2019alcaldia, la Sala de Plens ha acollit una reuni\u00f3 amb els alcaldes de la comarca que ha servit per abordar q\u00fcestions relacionades amb\u00a0 la ind\u00fastria centrades, sobretot, en tres grans pilars: la formaci\u00f3 de professionals per treballar en la ind\u00fastria, la fibra \u00f2ptica i la tecnologia i la pot\u00e8ncia el\u00e8ctrica de les zones industrials. La trobada ha comptat amb els alcaldes i les alcaldesses (i en algun cas els regidors delegats per alcaldia) de Banyeres del Pened\u00e8s, Sant Jaume dels Domenys, El Montmell, l\u2019Arbo\u00e7, Cunit, Bellvei, El Vendrell i Santa Oliva i ha servit per posar en com\u00fa les necessitats del territori quant a ind\u00fastria.<\/span><\/p>\n<p><span style=\"color: #000000;\">Quan ha finalitzat la reuni\u00f3 amb els alcaldes, la Directora General d\u2019Ind\u00fastria de la Generalitat de Catalunya i els seus acompanyants han visitat les empreses bisbalenques Neutral Bugaderia Industrial i GCR Group juntament amb l\u2019alcaldessa de la Bisbal, Agn\u00e8s Ferr\u00e9, i la primera tinent d\u2019alcalde, Maguy Antol\u00edn.<\/span><\/p>\n<p><span style=\"color: #000000;\">En acabar, la Directora General d\u2019Ind\u00fastria i els seus acompanyants han dinat amb l\u2019equip de govern de l\u2019Ajuntament de la Bisbal i representants de les empreses diverses empreses dels pol\u00edgons industrials de la Bisbal: GCR Group, Neutral Bugaderia, ID-Log\u00edstics, El Corte Ingl\u00e9s, Idiada i Industrias Jijonencas.<\/span><\/p>\n<p><span style=\"color: #000000;\"><a style=\"color: #000000;\" href=\"http:\/\/bisbalpenedes.com\/web\/wp-content\/uploads\/2018\/03\/IMG_3270.jpg\"><img loading=\"lazy\" class=\"aligncenter size-large wp-image-5172\" src=\"http:\/\/bisbalpenedes.com\/web\/wp-content\/uploads\/2018\/03\/IMG_3270-1024x683.jpg\" alt=\"INDUSTRIA BISBAL REUNI\u00d3 1\" width=\"630\" height=\"420\" srcset=\"https:\/\/bisbalpenedes.com\/web\/wp-content\/uploads\/2018\/03\/IMG_3270-1024x683.jpg 1024w, https:\/\/bisbalpenedes.com\/web\/wp-content\/uploads\/2018\/03\/IMG_3270-600x400.jpg 600w, https:\/\/bisbalpenedes.com\/web\/wp-content\/uploads\/2018\/03\/IMG_3270-300x200.jpg 300w, https:\/\/bisbalpenedes.com\/web\/wp-content\/uploads\/2018\/03\/IMG_3270-768x512.jpg 768w\" sizes=\"(max-width: 630px) 100vw, 630px\" \/><\/a><\/span><\/p>\n<p><span style=\"color: #000000;\"><strong>CASTELLANO |<\/strong> El Ayuntamiento de la Bisbal del Pened\u00e8s ha recibido, este jueves, la visita de la Directora General d\u2019Ind\u00fastria de la Generalitat de Catalunya, \u00c0ngels Chacon, acompa\u00f1ada por la directora de Servicios Territoriales EMC en Tarragona, Carme Mansilla, la delegada de ACCI\u00d3 en Tarragona, M\u00f2nica Boquera; y el jefe de servicio de empresa ST Tarragona, Sime\u00f3 Farr\u00e0s.<\/span><\/p>\n<p><span style=\"color: #000000;\">Despu\u00e9s de la recepci\u00f3n del equipo de gobierno en el despacho de alcad\u00eda, la Sala de Plenos ha acogido una reuni\u00f3n con los alcaldes de la comarca que ha servido para abordar cuestiones relacionadas con la industria centradas, sobretodo, en tres grandes pilares: la formaci\u00f3n de profesionales para trabajar en la industria, la fibra \u00f3ptica y la tecnolog\u00eda y la potencia el\u00e9ctrica de las zonas industriales. El encuentro ha contado con los alcaldes y alcaldesas ( y en alg\u00fan caso los concejales delegados por alcald\u00eda) de Banyeres del Pened\u00e8s, Sant Jaume dels Domenys, El Montmell, l\u2019Arbo\u00e7, Cunit, Bellvei, El Vendrell y Santa Oliva y ha servido para poner en com\u00fan las necesidades del territorio en cuanto a industria.<\/span><\/p>\n<p><span style=\"color: #000000;\">Cuando ha finalizado la reuni\u00f3n con los alcaldes, la Directora General de Industria de la Generalitat de Catalunya y sus acompa\u00f1antes han visitado las empresas de la Bisbal Neutral Bugaderia Industrial y GCR Group junto con la alcaldesa de la Bisbal, Agn\u00e8s Ferr\u00e9, y la primera teniente de alcalde, Maguy Antol\u00edn.<\/span><\/p>\n<p><span style=\"color: #000000;\">En finalizar, la Directora General de Industria y sus acompa\u00f1antes han comido junto con el equipo de gobierno del Ayuntamiento de la Bisbal y representantes de varias empresas de los pol\u00edgonos industriales de la Bisbal: GCR Group, Neutral Bugaderia, ID-Log\u00edstics, El Corte Ingl\u00e9s, Idiada e Industrias Jijonencas.<\/span><\/p>\n<p><span style=\"color: #000000;\"><a style=\"color: #000000;\" href=\"http:\/\/bisbalpenedes.com\/web\/wp-content\/uploads\/2018\/03\/IMG_3304.jpg\"><img loading=\"lazy\" class=\"aligncenter size-large wp-image-5174\" src=\"http:\/\/bisbalpenedes.com\/web\/wp-content\/uploads\/2018\/03\/IMG_3304-1024x683.jpg\" alt=\"INDUSTRIA BISBAL REUNI\u00d3 3 NEUTRAL\" width=\"630\" height=\"420\" srcset=\"https:\/\/bisbalpenedes.com\/web\/wp-content\/uploads\/2018\/03\/IMG_3304-1024x683.jpg 1024w, https:\/\/bisbalpenedes.com\/web\/wp-content\/uploads\/2018\/03\/IMG_3304-600x400.jpg 600w, https:\/\/bisbalpenedes.com\/web\/wp-content\/uploads\/2018\/03\/IMG_3304-300x200.jpg 300w, https:\/\/bisbalpenedes.com\/web\/wp-content\/uploads\/2018\/03\/IMG_3304-768x512.jpg 768w\" sizes=\"(max-width: 630px) 100vw, 630px\" \/><\/a><\/span><\/p>\n<p>&nbsp;<\/p>\n","protected":false},"excerpt":{"rendered":"<p>CATAL\u00c0 | L\u2019Ajuntament de la Bisbal del Pened\u00e8s ha rebut, aquest dijous, la visita de la Directora General d\u2019Ind\u00fastria de la Generalitat de Catalunya, \u00c0ngels Chac\u00f3n acompanyada per la directora &hellip; <a href=\"https:\/\/bisbalpenedes.com\/web\/2018\/03\/22\/la-directora-general-dindustria-de-la-generalitat-de-catalunya-ha-visitat-aquest-dijous-lajuntament-i-els-poligons-industrials-de-la-bisbal\/\" class=\"more-link\">Read More<\/a><\/p>\n","protected":false},"author":4,"featured_media":5172,"comment_status":"closed","ping_status":"closed","sticky":false,"template":"","format":"standard","meta":[],"categories":[4],"tags":[1511,1512,1513,162,327,318,1514,446,1515,603],"_links":{"self":[{"href":"https:\/\/bisbalpenedes.com\/web\/wp-json\/wp\/v2\/posts\/5171"}],"collection":[{"href":"https:\/\/bisbalpenedes.com\/web\/wp-json\/wp\/v2\/posts"}],"about":[{"href":"https:\/\/bisbalpenedes.com\/web\/wp-json\/wp\/v2\/types\/post"}],"author":[{"embeddable":true,"href":"https:\/\/bisbalpenedes.com\/web\/wp-json\/wp\/v2\/users\/4"}],"replies":[{"embeddable":true,"href":"https:\/\/bisbalpenedes.com\/web\/wp-json\/wp\/v2\/comments?post=5171"}],"version-history":[{"count":3,"href":"https:\/\/bisbalpenedes.com\/web\/wp-json\/wp\/v2\/posts\/5171\/revisions"}],"predecessor-version":[{"id":5179,"href":"https:\/\/bisbalpenedes.com\/web\/wp-json\/wp\/v2\/posts\/5171\/revisions\/5179"}],"wp:featuredmedia":[{"embeddable":true,"href":"https:\/\/bisbalpenedes.com\/web\/wp-json\/wp\/v2\/media\/5172"}],"wp:attachment":[{"href":"https:\/\/bisbalpenedes.com\/web\/wp-json\/wp\/v2\/media?parent=5171"}],"wp:term":[{"taxonomy":"category","embeddable":true,"href":"https:\/\/bisbalpenedes.com\/web\/wp-json\/wp\/v2\/categories?post=5171"},{"taxonomy":"post_tag","embeddable":true,"href":"https:\/\/bisbalpenedes.com\/web\/wp-json\/wp\/v2\/tags?post=5171"}],"curies":[{"name":"wp","href":"https:\/\/api.w.org\/{rel}","templated":true}]}}