{"id":5159,"date":"2018-03-21T14:34:14","date_gmt":"2018-03-21T13:34:14","guid":{"rendered":"http:\/\/bisbalpenedes.com\/web\/?p=5159"},"modified":"2018-03-21T14:34:32","modified_gmt":"2018-03-21T13:34:32","slug":"aquest-dimecres-sha-muntat-una-carpa-informativa-de-jove-baix-penedes-a-linstitut-coster-de-la-torre","status":"publish","type":"post","link":"https:\/\/bisbalpenedes.com\/web\/2018\/03\/21\/aquest-dimecres-sha-muntat-una-carpa-informativa-de-jove-baix-penedes-a-linstitut-coster-de-la-torre\/","title":{"rendered":"Aquest dimecres s&#8217;ha muntat una carpa informativa de Jove Baix Pened\u00e8s a l&#8217;Institut Coster de la Torre"},"content":{"rendered":"<div class=\"\" data-block=\"true\" data-editor=\"bs24l\" data-offset-key=\"b0l1g-0-0\">\n<div class=\"_1mf _1mj\" data-offset-key=\"b0l1g-0-0\"><a href=\"http:\/\/bisbalpenedes.com\/web\/wp-content\/uploads\/2018\/03\/CARPA-1.jpg\"><img loading=\"lazy\" class=\"aligncenter size-large wp-image-5160\" src=\"http:\/\/bisbalpenedes.com\/web\/wp-content\/uploads\/2018\/03\/CARPA-1-1024x576.jpg\" alt=\"CARPA joventut institut\" width=\"630\" height=\"354\" srcset=\"https:\/\/bisbalpenedes.com\/web\/wp-content\/uploads\/2018\/03\/CARPA-1-1024x576.jpg 1024w, https:\/\/bisbalpenedes.com\/web\/wp-content\/uploads\/2018\/03\/CARPA-1-600x338.jpg 600w, https:\/\/bisbalpenedes.com\/web\/wp-content\/uploads\/2018\/03\/CARPA-1-300x169.jpg 300w, https:\/\/bisbalpenedes.com\/web\/wp-content\/uploads\/2018\/03\/CARPA-1-768x432.jpg 768w, https:\/\/bisbalpenedes.com\/web\/wp-content\/uploads\/2018\/03\/CARPA-1.jpg 1600w\" sizes=\"(max-width: 630px) 100vw, 630px\" \/><\/a><\/div>\n<div class=\"_1mf _1mj\" data-offset-key=\"b0l1g-0-0\"><span style=\"color: #000000;\"><span data-offset-key=\"96ci-0-0\"><span data-text=\"true\">CATAL\u00c0 | L&#8217;<\/span><\/span><span class=\"_247o\" spellcheck=\"false\" data-offset-key=\"96ci-1-0\"><span data-offset-key=\"96ci-1-0\"><span data-text=\"true\">Institut Coster de la Torre<\/span><\/span><\/span><span data-offset-key=\"96ci-2-0\"><span data-text=\"true\"> acull joves de diversos pobles de la comarca. Avui els t\u00e8cnics i dinamitzadors de joventut han muntat una carpa de <\/span><\/span><span class=\"_247o\" spellcheck=\"false\" data-offset-key=\"96ci-3-0\"><span data-offset-key=\"96ci-3-0\"><span data-text=\"true\">Jove Baix Pened\u00e8s<\/span><\/span><\/span><span data-offset-key=\"96ci-4-0\"><span data-text=\"true\"> per facilitar-los informaci\u00f3 i orientaci\u00f3 acad\u00e8mica durant l&#8217;hora del pati. La carpa ha comptat amb la pres\u00e8ncia dels t\u00e8cnics i dinamitzadors juvenils de Sant Jaume dels Domenys, Albinyana i la Bisbal.<\/span><\/span><\/span><\/div>\n<\/div>\n<div class=\"\" data-block=\"true\" data-editor=\"bs24l\" data-offset-key=\"2t6u9-0-0\">\n<div class=\"_1mf _1mj\" data-offset-key=\"2t6u9-0-0\"><span style=\"color: #000000;\" data-offset-key=\"2t6u9-0-0\"><span data-text=\"true\">Els t\u00e8cnics i els dinamitzadors tamb\u00e9 han aprofitat l&#8217;ocasi\u00f3 per fer inscripcions per les activitats previstes per divendres en el marc de la inauguraci\u00f3 de &#8216;La cova jove&#8217;, un espai que tamb\u00e9 oferir\u00e0 aquest tipus d&#8217;informaci\u00f3 al jovent: <a style=\"color: #000000;\" href=\"http:\/\/bisbalpenedes.com\/web\/2018\/03\/17\/lajuntament-de-la-bisbal-del-penedes-inaugurara-el-proper-divendres-23-de-marc-la-cova-jove\/\">http:\/\/bisbalpenedes.com\/web\/2018\/03\/17\/lajuntament-de-la-bisbal-del-penedes-inaugurara-el-proper-divendres-23-de-marc-la-cova-jove\/<\/a><\/span><\/span><\/div>\n<\/div>\n<div class=\"\" data-block=\"true\" data-editor=\"bs24l\" data-offset-key=\"9kgpa-0-0\">\n<div class=\"_1mf _1mj\" data-offset-key=\"9kgpa-0-0\">\n<hr \/>\n<p><span style=\"color: #000000;\" data-offset-key=\"9kgpa-0-0\">\u00a0<\/span><\/p>\n<\/div>\n<\/div>\n<div class=\"\" data-block=\"true\" data-editor=\"bs24l\" data-offset-key=\"23a3o-0-0\">\n<div class=\"_1mf _1mj\" data-offset-key=\"23a3o-0-0\"><span style=\"color: #000000;\" data-offset-key=\"23a3o-0-0\"><span data-text=\"true\">CASTELLANO | El instituto Coster de la Torre acoge j\u00f3venes de varios pueblos de la comarca. Hoy los t\u00e9cnicos y dinamizadores de juventud han montado una carpa para facilitarles informaci\u00f3n y orientaci\u00f3n acad\u00e9mica durante la hora del recreo. La carpa ha contado con la presencia de los t\u00e9cnicos y dinamizadores juveniles de Sant Jaume dels Domenys, Albinyana y la Bisbal.<\/span><\/span><\/div>\n<\/div>\n<div class=\"\" data-block=\"true\" data-editor=\"bs24l\" data-offset-key=\"9q2hq-0-0\">\n<div class=\"_1mf _1mj\" data-offset-key=\"9q2hq-0-0\"><span style=\"color: #000000;\" data-offset-key=\"9q2hq-0-0\"><span data-text=\"true\">Los t\u00e9cnicos y los dinamizadores tambi\u00e9n se ha aprovechado la ocasi\u00f3n para hacer inscripciones para las actividades previstas para el viernes en el marco de la inauguraci\u00f3n de &#8216;La cova jove&#8217;, un espacio que tambi\u00e9n ofrecer\u00e1 este tipo de informaci\u00f3n a los j\u00f3venes: <a style=\"color: #000000;\" href=\"http:\/\/bisbalpenedes.com\/web\/2018\/03\/17\/lajuntament-de-la-bisbal-del-penedes-inaugurara-el-proper-divendres-23-de-marc-la-cova-jove\/\">http:\/\/bisbalpenedes.com\/web\/2018\/03\/17\/lajuntament-de-la-bisbal-del-penedes-inaugurara-el-proper-divendres-23-de-marc-la-cova-jove\/<\/a><\/span><\/span><\/div>\n<\/div>\n","protected":false},"excerpt":{"rendered":"<p>CATAL\u00c0 | L&#8217;Institut Coster de la Torre acull joves de diversos pobles de la comarca. Avui els t\u00e8cnics i dinamitzadors de joventut han muntat una carpa de Jove Baix Pened\u00e8s &hellip; <a href=\"https:\/\/bisbalpenedes.com\/web\/2018\/03\/21\/aquest-dimecres-sha-muntat-una-carpa-informativa-de-jove-baix-penedes-a-linstitut-coster-de-la-torre\/\" class=\"more-link\">Read More<\/a><\/p>\n","protected":false},"author":4,"featured_media":5161,"comment_status":"closed","ping_status":"closed","sticky":false,"template":"","format":"standard","meta":[],"categories":[1486],"tags":[1508,1507,1057,210,505,1509,173],"_links":{"self":[{"href":"https:\/\/bisbalpenedes.com\/web\/wp-json\/wp\/v2\/posts\/5159"}],"collection":[{"href":"https:\/\/bisbalpenedes.com\/web\/wp-json\/wp\/v2\/posts"}],"about":[{"href":"https:\/\/bisbalpenedes.com\/web\/wp-json\/wp\/v2\/types\/post"}],"author":[{"embeddable":true,"href":"https:\/\/bisbalpenedes.com\/web\/wp-json\/wp\/v2\/users\/4"}],"replies":[{"embeddable":true,"href":"https:\/\/bisbalpenedes.com\/web\/wp-json\/wp\/v2\/comments?post=5159"}],"version-history":[{"count":2,"href":"https:\/\/bisbalpenedes.com\/web\/wp-json\/wp\/v2\/posts\/5159\/revisions"}],"predecessor-version":[{"id":5163,"href":"https:\/\/bisbalpenedes.com\/web\/wp-json\/wp\/v2\/posts\/5159\/revisions\/5163"}],"wp:featuredmedia":[{"embeddable":true,"href":"https:\/\/bisbalpenedes.com\/web\/wp-json\/wp\/v2\/media\/5161"}],"wp:attachment":[{"href":"https:\/\/bisbalpenedes.com\/web\/wp-json\/wp\/v2\/media?parent=5159"}],"wp:term":[{"taxonomy":"category","embeddable":true,"href":"https:\/\/bisbalpenedes.com\/web\/wp-json\/wp\/v2\/categories?post=5159"},{"taxonomy":"post_tag","embeddable":true,"href":"https:\/\/bisbalpenedes.com\/web\/wp-json\/wp\/v2\/tags?post=5159"}],"curies":[{"name":"wp","href":"https:\/\/api.w.org\/{rel}","templated":true}]}}