{"id":5152,"date":"2018-03-21T11:34:32","date_gmt":"2018-03-21T10:34:32","guid":{"rendered":"http:\/\/bisbalpenedes.com\/web\/?p=5152"},"modified":"2018-03-21T11:50:33","modified_gmt":"2018-03-21T10:50:33","slug":"resum-dels-punts-tractats-al-ple-ordinari-de-19-de-marc-de-2018","status":"publish","type":"post","link":"https:\/\/bisbalpenedes.com\/web\/2018\/03\/21\/resum-dels-punts-tractats-al-ple-ordinari-de-19-de-marc-de-2018\/","title":{"rendered":"Resum dels punts tractats al Ple Ordinari de 19 de mar\u00e7 de 2018"},"content":{"rendered":"<p style=\"text-align: center;\"><iframe loading=\"lazy\" src=\"https:\/\/www.youtube.com\/embed\/4Dx1vmi_lN4\" width=\"560\" height=\"315\" frameborder=\"0\" allowfullscreen=\"allowfullscreen\"><\/iframe>\n<\/p>\n<p style=\"text-align: justify;\"><span style=\"color: #000000;\"><strong>CATAL\u00c0 |<\/strong>\u00a0<\/span><\/p>\n<p style=\"text-align: justify;\"><span style=\"color: #000000;\"><strong><u>RESUM DELS PUNTS TRACTATS AL PLE ORDINARI DEL 19 DE MAR\u00c7 DE 2018<\/u><\/strong><\/span><\/p>\n<p style=\"text-align: justify;\"><span style=\"color: #000000;\"><strong>Punt 1 \u2013 Aprovaci\u00f3 de l\u2019acta anterior<\/strong><\/span><\/p>\n<p style=\"text-align: justify;\"><span style=\"color: #000000;\"><u>S\u2019aprova per unanimitat<\/u> l\u2019acta del Ple Ordinari del mes de desembre.<\/span><\/p>\n<p style=\"text-align: justify;\"><span style=\"color: #000000;\"><strong>Punt 2 \u2013 Margarita Barber\u00e0 Cuesta pren possessi\u00f3 del c\u00e0rrec de regidora d\u2019ERC-AM<\/strong><\/span><\/p>\n<p style=\"text-align: justify;\"><span style=\"color: #000000;\"><strong><a style=\"color: #000000;\" href=\"http:\/\/bisbalpenedes.com\/web\/wp-content\/uploads\/2018\/03\/MARGARITA-BARBERA-CUESTA-ERC-AM.jpg\"><img loading=\"lazy\" class=\"size-thumbnail wp-image-5155 alignnone\" src=\"http:\/\/bisbalpenedes.com\/web\/wp-content\/uploads\/2018\/03\/MARGARITA-BARBERA-CUESTA-ERC-AM-150x150.jpg\" alt=\"MARGARITA BARBERA CUESTA - ERC-AM\" width=\"150\" height=\"150\" srcset=\"https:\/\/bisbalpenedes.com\/web\/wp-content\/uploads\/2018\/03\/MARGARITA-BARBERA-CUESTA-ERC-AM-150x150.jpg 150w, https:\/\/bisbalpenedes.com\/web\/wp-content\/uploads\/2018\/03\/MARGARITA-BARBERA-CUESTA-ERC-AM-300x300.jpg 300w, https:\/\/bisbalpenedes.com\/web\/wp-content\/uploads\/2018\/03\/MARGARITA-BARBERA-CUESTA-ERC-AM-100x100.jpg 100w\" sizes=\"(max-width: 150px) 100vw, 150px\" \/><\/a><\/strong><strong><br \/>\nPunt 3 \u2013 Modificaci\u00f3 dels drets reconeguts d\u2019anys anteriors. <\/strong><u>S\u2019aprova per unanimitat<\/u>. Es tracta d\u2019una modificaci\u00f3 mitjan\u00e7ant la qual es donen de baixa els drets reconeguts, \u00e9s a dir, es donen de baixa ingressos pendents de rebre, a conseq\u00fc\u00e8ncia d\u2019errades des del 2012 fins al 2016 (ingressos duplicats que consten pendents d\u2019ingressar o ingressos pendents de cobrar d\u2019activitats municipals on l\u2019usuari va donar-se de baixa per\u00f2 no es va anul\u00b7lar el rebut). Aquests rebuts ascendien a un total de 14.098,66\u20ac.<\/span><\/p>\n<p style=\"text-align: justify;\"><span style=\"color: #000000;\"><strong>Punt 4 \u2013 Modificaci\u00f3 d\u2019obligacions reconegudes d\u2019anys anteriors<\/strong><\/span><\/p>\n<p style=\"text-align: justify;\"><span style=\"color: #000000;\"><u>S\u2019aprova per unanimitat.<\/u> Es tracta d\u2019una modificaci\u00f3 mitjan\u00e7ant la qual es donen de baixa els pagaments pendents de realitzar a conseq\u00fc\u00e8ncia d\u2019errades que van tenir lloc entre 2012 fins al 2016 (c\u00e0rrecs pendents que no tenen factura que correspongui per\u00f2 que es van entrar a la comptabilitat o c\u00e0rrecs duplicats, que compten com a pendents de pagament per\u00f2 ja estan pagats). La suma total d\u2019aquestes obligacions ascendia a 7.353,07\u20ac.<\/span><\/p>\n<p style=\"text-align: justify;\"><span style=\"color: #000000;\"><strong>Punt 5 \u2013 Aprovaci\u00f3 de la instrucci\u00f3 de la fiscalitzaci\u00f3 limitada pr\u00e8via de la despesa<\/strong><\/span><\/p>\n<p style=\"text-align: justify;\"><span style=\"color: #000000;\"><u>S\u2019aprova per unanimitat<\/u>. S\u2019aprova la instauraci\u00f3 d\u2019un sistema de control intern per part de l\u2019interventor municipal, complint el Reial Decret 424\/2017, de 28 d\u2019abril, pel qual es regula el r\u00e8gim jur\u00eddic del control intern de les entitats del sector p\u00fablic local.<\/span><\/p>\n<p style=\"text-align: justify;\"><span style=\"color: #000000;\"><strong>Punt 6 \u2013 Conveni de col\u00b7laboraci\u00f3 amb el Consell Comarcal del Baix Pened\u00e8s i altres Ajuntaments del\u00a0 Baix Pened\u00e8s pel desenvolupament del programa \u2018Xarxa d\u2019Ocupaci\u00f3 del Baix Pened\u00e8s\u2019, en el marc dels programes innovadors i experimentals que promou el SOC.<\/strong><\/span><\/p>\n<p style=\"text-align: justify;\"><span style=\"color: #000000;\"><u>S\u2019aprova per unanimitat.<\/u> En el Consell d\u2019Alcaldes del 13\/09\/17 es va aprovar l\u2019acord estrat\u00e8gic pel desenvolupament i l\u2019ocupaci\u00f3 al Baix Pened\u00e8s. Aquest acord tamb\u00e9 contempla definir conjuntament estrat\u00e8gies d\u2019actuacions en l\u2019ocupaci\u00f3. Per aquest motiu l\u2019ajuntament del Vendrell va demanar subvenci\u00f3 al SOC (Servei d\u2019Ocupaci\u00f3 de Catalunya) pels programes comarcals d\u2019innovaci\u00f3 en l\u2019ocupaci\u00f3 i d\u2019innovaci\u00f3 en el teixit proactiu. Aquestes subvencions s\u00f3n per crear la \u2018Xarxa d\u2019ocupaci\u00f3 del Baix Pened\u00e8s\u2019. A finals del 2017 es va rebre la resoluci\u00f3 favorable, per part del SOC, atorgant una subvenci\u00f3 de 148.051,13\u20ac (el cost total del projecte \u00e9s de 197.401,51\u20ac). Amb aquesta aprovaci\u00f3, que suposa un cost de 3.500\u20ac per a l\u2019Ajuntament de la Bisbal, s\u2019entrar\u00e0 a formar part de la creaci\u00f3 de la \u2018Xarxa d\u2019ocupaci\u00f3 del Baix Pened\u00e8s\u2019, una xarxa que pret\u00e9n incrementar l\u2019ocupaci\u00f3 a la comarca. L\u2019organitzaci\u00f3 interna de la \u2018Xarxa d\u2019Ocupaci\u00f3 del Baix Pened\u00e8s \u00e9s la seg\u00fcent:<\/span><\/p>\n<p style=\"text-align: justify;\"><span style=\"color: #000000;\">-Nivell institucional: Consell d\u2019alcaldes del Baix Pened\u00e8s.<\/span><\/p>\n<p style=\"text-align: justify;\"><span style=\"color: #000000;\">-Equip directiu: format per set persones: el director de l\u2019oficina del SOC, una persona representant del CCBP i una persona representant dels ajuntaments que compten amb un servei d\u2019ocupaci\u00f3 (El Vendrell, Cunit, Calafell, l\u2019Arbo\u00e7 i la Bisbal).<\/span><\/p>\n<p style=\"text-align: justify;\"><span style=\"color: #000000;\">-Grup de treball: t\u00e8cnics d\u2019ocupaci\u00f3 de cinc municipis amb servei d\u2019ocupaci\u00f3 i el t\u00e8cnic d\u2019ocupaci\u00f3 del CCBP. Aquest grup de treball es reuneix un dia a la setmana.<\/span><\/p>\n<p style=\"text-align: justify;\"><span style=\"color: #000000;\"><strong>Punt 7 \u2013 Conveni entre el Departament de Territori i Sostenibilitat de la Generalitat i els ajuntaments del Vendrell, Sant Jaume dels Domenys, Lloren\u00e7 del Pened\u00e8s, Banyeres del Pened\u00e8s, la Bisbal del Pened\u00e8s, Santa Oliva, Albinyana, El Montmell, l\u2019Arbo\u00e7, Bonastre, el Consorci del Transport P\u00fablic de Tarragona (autoritat territorial de la mobilitat al Camp de Tarragona) i l\u2019empresa d\u2019autocars POCH SAU, per a la millora dels serveis de transport de viatgers per carretera a la comarca del Baix Pened\u00e8s.<\/strong><\/span><\/p>\n<p style=\"text-align: justify;\"><span style=\"color: #000000;\"><u>S\u2019aprova per unanimitat<\/u>. Mitjan\u00e7ant aquest punt s\u2019aprova l\u2019actualitzaci\u00f3 del conveni i s\u2019inclou l\u2019Autoritat de la Mobilitat del Camp de Tarragona que, el 2001, quan es va aprovar el conveni que est\u00e0 vigent en l\u2019actualitat, no va formar-ne part perqu\u00e8 no estava constitu\u00efda.<\/span><\/p>\n<p style=\"text-align: justify;\"><span style=\"color: #000000;\">El conveni del 2001 tenia per objecte definir les actuacions per millorar el servei de bus comarcal al Baix Pened\u00e8s. En el conveni que s\u2019ha aprovat en el ple s\u2019inclou un pla de millora del servei que s\u2019aplicava per\u00f2 que no constava en el conveni anterior. En refer\u00e8ncia a la Bisbal, el servei seguir\u00e0 fent expedicions de dilluns a dissabte cap al Vendrell. Les tarifes dels tiquets no varien i seran aplicables els t\u00edtols de transport del sistema tarifari integrat que anualment aprova l\u2019ATM del Camp de Tarragona. El cost per a l\u2019Ajuntament de la Bisbal \u00e9s de 4.435,56\u20ac (+IVA) amb pagaments quadrimestrals.<\/span><\/p>\n<p style=\"text-align: justify;\"><span style=\"color: #000000;\"><strong>Punt 8. Aprovaci\u00f3 de l\u2019expedient de delimitaci\u00f3 del terme municipal de La Bisbal del Pened\u00e8s i nomenament dels membres de la comissi\u00f3 municipal de delimitaci\u00f3.<\/strong><\/span><\/p>\n<p style=\"text-align: justify;\"><span style=\"color: #000000;\"><u>S\u2019aprova amb els vots a favor del PDeCAT (5) i el PSC (1) i els vots en contra d\u2019ERC-AM (5).<\/u><\/span><\/p>\n<p style=\"text-align: justify;\"><span style=\"color: #000000;\">Com que la Comissi\u00f3 de Delimitaci\u00f3 Territorial de la Direcci\u00f3 General de l\u2019Administraci\u00f3 Local del Departament de Governaci\u00f3, Administracions P\u00fabliques i Habitatge de la Generalitat de Catalunya ha informat que s\u2019inicien diversos expedients de delimitaci\u00f3 de termes municipals en el marc de l\u2019elaboraci\u00f3 del Mapa Municipal de Catalunya, l\u2019Ajuntament de la Bisbal ha de crear una Comissi\u00f3 de Delimitaci\u00f3 municipal i enviar la documentaci\u00f3 al Departament d\u2019Administraci\u00f3 Local per quan inici\u00efn l\u2019expedient. Des de la Generalitat han aprovat iniciar 65 expedients de delimitaci\u00f3 a Catalunya, un dels quals \u00e9s entre la Bisbal del Pened\u00e8s i Maslloren\u00e7.<\/span><\/p>\n<p style=\"text-align: justify;\"><span style=\"color: #000000;\">La Comissi\u00f3 de Delimitaci\u00f3 de la Bisbal estar\u00e0 formada pel secretari, l\u2019arquitecte municipal, l\u2019alcaldessa de la Bisbal, Agn\u00e8s Ferr\u00e9 i els regidors Maguy Antol\u00edn i Pere Saumoy.<\/span><\/p>\n<p style=\"text-align: justify;\"><span style=\"color: #000000;\">En el Ple ordinari de setembre de 2017 ja es va aprovar una altra Comissi\u00f3 de Delimitaci\u00f3 de terme, per\u00f2 en aquell cas era amb el municipi de Rodony\u00e0.<\/span><\/p>\n<p style=\"text-align: justify;\"><span style=\"color: #000000;\"><strong>Punt 9 \u2013 Revocar i deixar sense efecte l\u2019acord del Ple extraordinari de 03\/08\/16 de modificaci\u00f3 de l\u2019ordenan\u00e7a fiscal reguladora de la taxa per a la prestaci\u00f3 del servei de transport col\u00b7lectiu de viatgers. <\/strong><\/span><\/p>\n<p style=\"text-align: justify;\"><span style=\"color: #000000;\"><u>S\u2019aprova per unanimitat.<\/u> La Junta de Govern local ha desestimat la proposta d\u2019allargar la concessi\u00f3 del servei de bus urb\u00e0 que havia fet l\u2019empresa concession\u00e0ria del servei de transport urb\u00e0. L\u2019empresa va fer aquesta proposta perqu\u00e8 considerava que l\u2019abonament mensual de 5 euros que s\u2019havia creat com a mesura per potenciar l\u2019\u00fas del bus per part dels bisbalencs podia suposar una baixada d\u2019ingressos per a l\u2019empresa i, per aix\u00f2, va proposar allargar la concessi\u00f3 per per\u00edodes de cinc anys, per compensar la hipot\u00e8tica p\u00e8rdua d\u2019ingressos.<\/span><\/p>\n<p style=\"text-align: justify;\"><span style=\"color: #000000;\">La Junta de Govern Local va desestimar la proposta i, per tant, la concessi\u00f3 acaba al mes de juny i, durant els mesos de juliol a octubre, hi haur\u00e0 un nou servei de bus a demanada amb el qual es pret\u00e9n millorar el servei, l\u2019horari i la sostenibilitat del transport urb\u00e0. El servei comen\u00e7ar\u00e0 amb un contracte menor amb una empresa que ofereix aquest servei i, a l\u2019estiu, es prepararan els plecs de cl\u00e0usules per licitar aquest servei.<\/span><\/p>\n<p style=\"text-align: justify;\"><span style=\"color: #000000;\">Es decideix revocar i deixar sense efecte aquesta modificaci\u00f3 de l\u2019ordenan\u00e7a fiscal perqu\u00e8 el preu del tiquet va lligat al preu que es paga per la concessi\u00f3 o el servei i, per tant, ara s\u2019haur\u00e0 d\u2019esperar a licitar la concessi\u00f3 i el servei per poder fixar de nou els preus.<\/span><\/p>\n<p style=\"text-align: justify;\"><span style=\"color: #000000;\"><strong>Punt 10 \u2013 Addenda al contracte de data 06\/06\/2017 de subministrament el\u00e8ctric entre els promotors i Endesa Distribuci\u00f3n El\u00e9ctrica SLU.<\/strong><\/span><\/p>\n<p style=\"text-align: justify;\"><span style=\"color: #000000;\"><u>S\u2019aprova per unanimitat<\/u>. Aquest punt fa refer\u00e8ncia a la infraestructura el\u00e8ctrica dels pol\u00edgons industrials de la Bisbal del Pened\u00e8s.<\/span><\/p>\n<p style=\"text-align: justify;\"><span style=\"color: #000000;\">El 29 de maig de 2017 es va aprovar per ple el conveni amb Endesa Distribuci\u00f3n El\u00e9ctrica (EDE) per dur a terme la tramitaci\u00f3 legal per al desenvolupament de les actuacions urban\u00edstiques previstes en l\u2019ordenament urban\u00edstic de diversos municipis, entre ells la Bisbal del Pened\u00e8s, per a la realitzaci\u00f3 d\u2019infraestructures d\u2019energia el\u00e8ctrica que permetin que els promotors dels pol\u00edgons disposin de l\u2019increment de pot\u00e8ncia el\u00e8ctrica sol\u00b7licitat en el seu moment. Aquesta infraestructura de qu\u00e0druple circuit i d\u2019ampliaci\u00f3 de transformaci\u00f3 de SE Castellet s\u2019inicia a l\u2019estaci\u00f3 SE Castellet i la xarxa arriba al terme de Banyeres, passant despr\u00e9s per Santa Oliva i acabant a la Bisbal del Pened\u00e8s, amb un cost total superior als 4 milions d\u2019euros. El nou conveni suposa ampliar la SE Castellet. Cada pol\u00edgon assumeix el cost de manera proporcional a la seva participaci\u00f3 i pot pagar la quantitat en diversos pagaments.<\/span><\/p>\n<p style=\"text-align: justify;\"><span style=\"color: #000000;\">El Pol\u00edgon Industrial Les planes es va executar entre el 2002 i el 2005 a iniciativa de l\u2019Ajuntament de la Bisbal del Pened\u00e8s. El 2004 ja es va signar un primer conveni amb la companyia el\u00e8ctrica per incrementar la pot\u00e8ncia el\u00e8ctrica i arribar a la pot\u00e8ncia necess\u00e0ria per a les ind\u00fastries (la pot\u00e8ncia que fixava el projecte d\u2019urbanitzaci\u00f3 del pol\u00edgon) que s\u00f3n 17.843,60Kw d\u2019increment de pot\u00e8ncia. Aix\u00ed, el pol\u00edgon Les Planes ja es va recepcionar, estant les obres executades, per\u00f2 quedava pendent aquesta connexi\u00f3 d\u2019alimentaci\u00f3 externa.<\/span><\/p>\n<p style=\"text-align: justify;\"><span style=\"color: #000000;\">Els propietaris de les parcel\u00b7les ja van fer un primer pagament d\u2019aquest projecte d\u2019infraestructura d\u2019energia sense que s\u2019inici\u00e9s el projecte. Tot i que l\u2019Ajuntament va ser el promotor del pol\u00edgon, s\u00f3n els propietaris de cada parcel\u00b7la els que han de fer front als costos d\u2019aquesta infraestructura i per aix\u00f2 ja est\u00e0 aprovada l\u2019operaci\u00f3 jur\u00eddica complement\u00e0ria per repercutir els costos als propietaris adjudicataris de finques.<\/span><\/p>\n<p style=\"text-align: justify;\"><span style=\"color: #000000;\">Fa uns mesos Fecsa-Endesa va convocar a tots els signants del conveni a una reuni\u00f3 per explicar la situaci\u00f3 actual de la instal\u00b7laci\u00f3 el\u00e8ctrica i aquest projecte d\u2019ampliaci\u00f3 de la pot\u00e8ncia el\u00e8ctrica. Ara, ja tenen totes les actes dels propietaris signades i nom\u00e9s els falta l\u2019aprovaci\u00f3 de l\u2019Ajuntament de Banyeres del Pened\u00e8s (segons ens consta) per les obres que passen pel seu municipi. L\u2019Ajuntament de Banyeres, a finals del 2015, va aprovar aquest projecte. Ara manifesta que la l\u00ednia ha de ser soterrada al seu pas per Saifores (al projecte que van aprovar la l\u00ednia era a\u00e8ria).<\/span><\/p>\n<p style=\"text-align: justify;\"><span style=\"color: #000000;\">El cost total \u00e9s de 363.801,72 (IVA incl\u00f3s) i l\u2019han d\u2019assumir entre tots els signants del conveni (EDE, l\u2019Ajuntament com a promotor del pol\u00edgon Les Planes, el promotor del pol\u00edgon de Les Planes Baixes, el promotor del pol\u00edgon de Banyeres, el promotor del Pol\u00edgon de Santa Oliva i dues empreses). La part de pagament que ha d\u2019assumir el 78.400,55\u20ac.<\/span><\/p>\n<p style=\"text-align: justify;\"><span style=\"color: #000000;\"><strong>Punt 11 \u2013 Modificaci\u00f3 de l\u2019ordenan\u00e7a fiscal reguladora de la taxa per a la realitzaci\u00f3 de cursos al CMC.<\/strong><\/span><\/p>\n<p style=\"text-align: justify;\"><span style=\"color: #000000;\"><u>S\u2019aprova amb els vots a favor del PDeCAT (5) i el PSC (1) i l\u2019abstenci\u00f3 d\u2019ERC-AM (5).<\/u><\/span><\/p>\n<p style=\"text-align: justify;\"><span style=\"color: #000000;\">S\u2019aprova la modificaci\u00f3 de l\u2019article 4 de l\u2019ordenan\u00e7a fiscal que regula el preu dels cursos que es realitzen al CMC, amb la seg\u00fcent modificaci\u00f3:<\/span><\/p>\n<p style=\"text-align: justify;\"><span style=\"color: #000000;\">\u00a0\u00a0\u00a0\u00a0\u00a0\u00a0\u00a0 -El preu dels cursos de formaci\u00f3 ocupacional que s\u2019hi realitzin ser\u00e0 de 3\u20ac l\u2019hora.<\/span><\/p>\n<p style=\"text-align: justify;\"><span style=\"color: #000000;\">El cost de l\u2019hora per curs \u00e9s de 6\u20ac de mitjana, per tant, l\u2019usuari paga el 50%.<\/span><\/p>\n<p style=\"text-align: justify;\"><span style=\"color: #000000;\">Des del servei del SOM Bisbal s\u2019oferiran diversos cursos destinats a diferents col\u00b7lectius: aut\u00f2noms, persones aturades, persones ocupades&#8230; Es tracta de cursos que han demandat els usuaris del SOM Bisbal i de cursos que des de la Regidoria d\u2019Ocupaci\u00f3 es pensa que poden ser positius per al creixement professional dels usuaris.<\/span><\/p>\n<p style=\"text-align: justify;\"><span style=\"color: #000000;\"><strong>Punt 12 \u2013 Modificaci\u00f3 del reglament que regula les prestacions econ\u00f2miques d\u2019urg\u00e8ncia social, que tenen la finalitat d\u2019atendre situacions de necessitats puntuals, urgents i b\u00e0siques de subsist\u00e8ncia i el seu procediment de concessi\u00f3.<\/strong><\/span><\/p>\n<p style=\"text-align: justify;\"><span style=\"color: #000000;\"><u>S\u2019aprova per unanimitat. <\/u><\/span><\/p>\n<p style=\"text-align: justify;\"><span style=\"color: #000000;\">El 2017 es va aprovar un reglament que regula l\u2019atorgament d\u2019ajuts puntuals per pagar els rebuts d\u2019aigua i llum i la instal\u00b7laci\u00f3 de comptadors d\u2019aigua solidaris a les fam\u00edlies desfavorides. Es tracta d\u2019un reglament que s\u2019ha anat aplicant des que es va aprovar fins ara i que, en portar-lo a la pr\u00e0ctica, s\u2019ha comprovat que s\u2019havien de canviar alguns punts i anar-los adaptant a les diferents casu\u00edstiques en qu\u00e8 l\u2019Ajuntament es va trobant.<\/span><\/p>\n<p style=\"text-align: justify;\"><span style=\"color: #000000;\">Les modificacions m\u00e9s rellevants s\u00f3n:<\/span><\/p>\n<p style=\"text-align: justify;\"><span style=\"color: #000000;\">-Crear una comissi\u00f3 t\u00e8cnica de valoraci\u00f3, que valorar\u00e0 cada sol\u00b7licitud i que estar\u00e0 formada per:<\/span><\/p>\n<p style=\"text-align: justify;\"><span style=\"color: #000000;\">\u00a0 \u00a0 \u00a0 \u00a0 \u00a0 \u00a0 \u00a0 \u00a0 Vocals: regidora de Benestar Social, secretari de l\u2019Ajuntament, Treballadora Social del Consell Comarcal i la T\u00e8cnica d\u2019Ocupaci\u00f3 del SOM Bisbal.<\/span><\/p>\n<p style=\"text-align: justify;\"><span style=\"color: #000000;\">\u00a0\u00a0\u00a0\u00a0\u00a0\u00a0\u00a0\u00a0\u00a0\u00a0\u00a0\u00a0\u00a0\u00a0\u00a0 Secretari: un funcionari de l\u2019Ajuntament.<\/span><\/p>\n<p style=\"text-align: justify;\"><span style=\"color: #000000;\">Aquesta comissi\u00f3 es reunir\u00e0 el primer dimecres de cada mes i avaluar\u00e0 el seguiment i la quantitat de cada cas:<\/span><\/p>\n<p style=\"text-align: justify;\"><span style=\"color: #000000;\">-Definir les mesures d\u2019ajuda en el cas del subministrament el\u00e8ctric, sobretot pel que fa al consum b\u00e0sic, que ser\u00e0 el que ens podr\u00e0 abonar.<\/span><\/p>\n<p style=\"text-align: justify;\"><span style=\"color: #000000;\">-Modificar els terminis de la instal\u00b7laci\u00f3 de comptadors solidaris, que passa de 6 a 12 mesos, amb una pr\u00f2rroga de 6 mesos.<\/span><\/p>\n<p style=\"text-align: justify;\"><span style=\"color: #000000;\">-En tots aquests casos es valorar\u00e0 que l\u2019usuari sigui actiu en la recerca de feina o de formaci\u00f3 per poder accedir a les ajudes, aix\u00ed com que consumeixi els consums b\u00e0sics que estableix la llei de consum.<\/span><\/p>\n<p style=\"text-align: justify;\"><span style=\"color: #000000;\"><strong>Punt 13 \u2013 Reglament de r\u00e8gim intern de l\u2019espai la Cova Jove.<\/strong><\/span><\/p>\n<p style=\"text-align: justify;\"><span style=\"color: #000000;\"><u>S\u2019aprova per unanimitat.<\/u><\/span><\/p>\n<p style=\"text-align: justify;\"><span style=\"color: #000000;\">Aquest divendres s\u2019inaugura l\u2019espai \u2018La Cova Jove\u2019 en una sala del Centre Municipal de Cultura (CMC) i \u00e9s per aix\u00f2 que s\u2019aprova el seu reglament de funcionament, que cont\u00e9 normes de conviv\u00e8ncia, de funcionament i el r\u00e8gim sancionador.<\/span><\/p>\n<p style=\"text-align: justify;\"><span style=\"color: #000000;\">Dins de les pol\u00edtiques de joventut de la Bisbal, l\u2019any passat es va contractar una persona dins del programa de Garantia Juvenil per promoure entre els joves el civisme i la col\u00b7laboraci\u00f3 amb el teixit associatiu, creant espais dotats d\u2019infraestructures i recursos per a la participaci\u00f3, activitats l\u00fadiques, culturals i formatives juvenils. Fruit d\u2019aquesta contractaci\u00f3 s\u2019ha creat \u2018La Cova Jove\u2019, un espai adre\u00e7at als joves que obrir\u00e0 les tardes de dilluns a divendres.<\/span><\/p>\n<p style=\"text-align: justify;\"><span style=\"color: #000000;\"><strong>Punt 14 \u2013 Es d\u00f3na compte de l\u2019informe de secretaria d\u2019intervenci\u00f3 del Per\u00edode Mig de Pagament del 4t trimestre del 2017.<\/strong><\/span><\/p>\n<p style=\"text-align: justify;\"><span style=\"color: #000000;\"><u>Aquest punt no es vota.<\/u><\/span><\/p>\n<p style=\"text-align: justify;\"><span style=\"color: #000000;\">La r\u00e0tio \u00e9s de 28,28 dies, que s\u00f3n els dies que es triga, de mitjana, en pagar als prove\u00efdors. Aix\u00ed, l\u2019Ajuntament compleix la normativa que estableix la llei, d\u2019un m\u00e0xim de 30 dies.<\/span><\/p>\n<p style=\"text-align: justify;\"><span style=\"color: #000000;\">Nota: El 2n trimestre del 2015 el Per\u00edode mig de pagament va ser de 75,54 dies.<\/span><\/p>\n<p style=\"text-align: justify;\"><span style=\"color: #000000;\"><strong>Punt 15 \u2013 Es d\u00f3na compte del Decret d\u2019alcaldia 2017\/593 de data 29\/12\/2017.<\/strong><\/span><\/p>\n<p style=\"text-align: justify;\"><span style=\"color: #000000;\"><u>Aquest punt no es vota.<\/u><\/span><\/p>\n<p style=\"text-align: justify;\"><span style=\"color: #000000;\">Es d\u00f3na compte del decret de modificaci\u00f3 de cr\u00e8dit 7\/2007 de 29\/12\/2017 de transfer\u00e8ncia de cr\u00e8dit entre aplicacions pressupost\u00e0ries de la mateixa \u00e0rea de despesa per 116.000\u20ac.<\/span><\/p>\n<p style=\"text-align: justify;\"><span style=\"color: #000000;\"><strong>Punt 16 \u2013 Es d\u00f3na compte del Decret d\u2019alcaldia 2017\/592 de data 29\/12\/2017<\/strong>.<\/span><\/p>\n<p style=\"text-align: justify;\"><span style=\"color: #000000;\"><u>Aquest punt no es vota.<\/u><\/span><\/p>\n<p style=\"text-align: justify;\"><span style=\"color: #000000;\">Es d\u00f3na compte del decret de modificaci\u00f3 de cr\u00e8dit 6\/2017 de 29\/12\/17, de transfer\u00e8ncia de cr\u00e8dit entre aplicacions pressupost\u00e0ries que afecta a baixes i altes d\u2019aplicacions de personal per 101.000\u20ac. Es donen de baixa llocs de treball no coberts i es traspassen a les partides de convenis de col\u00b7laboracions socials de l\u2019any passat i per a la pr\u00f2rroga de dos contractes de Garantia Juvenil.<\/span><\/p>\n<p style=\"text-align: justify;\"><span style=\"color: #000000;\"><strong>Punt 17 \u2013 Es d\u00f3na compte del Decret d\u2019alcaldia 2017\/590 de data 27\/12\/2017.<\/strong><\/span><\/p>\n<p style=\"text-align: justify;\"><span style=\"color: #000000;\"><u>Aquest punt no es vota.<\/u><\/span><\/p>\n<p style=\"text-align: justify;\"><span style=\"color: #000000;\">Es d\u00f3na compte del decret de modificaci\u00f3 de cr\u00e8dit 5\/2017 de 27\/12\/17 de generaci\u00f3 de cr\u00e8dit. S\u2019incrementa la partida d\u2019adequaci\u00f3 de quadres de llum i llumin\u00e0ries en 6.951,50\u20ac (de 19.000\u20ac a 25.951,50\u20ac) per la subvenci\u00f3 concedida de la Diputaci\u00f3 de Tarragona PEXI de 6.951,50\u20ac.<\/span><\/p>\n<p style=\"text-align: justify;\"><span style=\"color: #000000;\">A la Junta de Govern del 23 de novembre de 2017 es va aprovar l\u2019informe per a les obres d\u2019adequaci\u00f3 de les instal\u00b7lacions d\u2019enllumenat p\u00fablic de l\u2019Esplai i Can Gordei. L\u2019import de la inversi\u00f3 \u00e9s de 25.951,50\u20ac (IVA incl\u00f2s) i es va demanar subvenci\u00f3 a la Diputaci\u00f3 de Tarragona en l\u2019\u00e0mbit de les Actuacions Integrals al Territori i Cooperaci\u00f3, en el Servei d\u2019Assist\u00e8ncia Municipal, a trav\u00e9s de la subvenci\u00f3 PEXI que subvenciona 24.654,01\u20ac.<\/span><\/p>\n<p style=\"text-align: justify;\"><span style=\"color: #000000;\"><strong>Punt 18 \u2013 Es d\u00f3na compte del Decret d\u2019alcaldia 2018\/099 de data 07\/03\/2018.<\/strong><\/span><\/p>\n<p style=\"text-align: justify;\"><span style=\"color: #000000;\"><u>Aquest punt no es vota.<\/u><\/span><\/p>\n<p style=\"text-align: justify;\"><span style=\"color: #000000;\">Es d\u00f3na compte del Decret d\u2019aprovaci\u00f3 del pla pressupostari a mig termini.<\/span><\/p>\n<p style=\"text-align: justify;\"><span style=\"color: #000000;\">Complint amb la Llei d\u2019Estabilitat Pressupost\u00e0ria i Sostenibilitat Financera, l\u2019Ajuntament ha d\u2019elaborar un pla pressupostari a mig termini, on s\u2019ha de garantir una programaci\u00f3 pressupost\u00e0ria coherent amb els objectius d\u2019estabilitat pressupost\u00e0ria, deute p\u00fablic i regla de la despesa.<\/span><\/p>\n<p style=\"text-align: justify;\"><span style=\"color: #000000;\">L\u2019endeutament a comen\u00e7aments de legislatura era del 113%, sense complir cap dels objectius. El 2016 es van comen\u00e7ar a complir els objectius i, per tant, es va comen\u00e7ar a poder fer inversi\u00f3. Enguany s\u2019arribar\u00e0 al 37,63% i l\u2019objectiu per al 2012 \u00e9s arribar al 15,32%.<\/span><\/p>\n<p style=\"text-align: justify;\"><span style=\"color: #000000;\"><strong>Punt 19 \u2013 Es d\u00f3na compte i es ratifica el decret d\u2019alcaldia 2018\/0028 de 24\/01\/2018.<\/strong><\/span><\/p>\n<p style=\"text-align: justify;\"><span style=\"color: #000000;\"><u>S\u2019aprova amb els vots a favor del PDeCAT (5) i el PSC (1) i l\u2019abstenci\u00f3 d\u2019ERC-AM (5).<\/u><\/span><\/p>\n<p style=\"text-align: justify;\"><span style=\"color: #000000;\">Es d\u00f3na compte del decret d\u2019aprovaci\u00f3 del Conveni de Col\u00b7laboraci\u00f3 interadministratiu per a l\u2019execuci\u00f3 del programa Treball i Formaci\u00f3 (TREFO) 2017.<\/span><\/p>\n<p style=\"text-align: justify;\"><span style=\"color: #000000;\">Es d\u00f3na compte del decret d\u2019alcaldia signat el 24\/01\/18 entre l\u2019Ajuntament de la Bisbal i el Consell Comarcal.<\/span><\/p>\n<p style=\"text-align: justify;\"><span style=\"color: #000000;\">Es tracta d\u2019un conveni entre diversos ajuntaments del Baix Pened\u00e8s i el Consell Comarcal pel conveni del TREFO del 2017. \u00c9s un conveni que es fa a trav\u00e9s del Consell Comarcal perqu\u00e8 la majoria de municipis no hi podem accedir individualment per\u00f2 s\u00ed de forma comarcal.<\/span><\/p>\n<p style=\"text-align: justify;\"><span style=\"color: #000000;\">Es tracta d\u2019un conveni subvencionat per la Generalitat de Catalunya on l\u2019aportaci\u00f3 de l\u2019Ajuntament de la Bisbal del Pened\u00e8s \u00e9s de 3.856,99\u20ac. El conveni persegueix l\u2019objectiu de formar i contractar persones aturades no perceptores d\u2019atur, preferentment majors de 45 anys.<\/span><\/p>\n<p style=\"text-align: justify;\"><span style=\"color: #000000;\">Des del Consell Comarcal s\u2019han demanat dos programes per a aquesta subvenci\u00f3: educaci\u00f3 ambiental i neteja forestal.<\/span><\/p>\n<p style=\"text-align: justify;\"><span style=\"color: #000000;\">A la Bisbal hi ha quatre persones d\u2019educadores ambientals (3 persones durant sis mesos i 1 persona durant 1 any) i una persona que entra en el programa de neteja forestal, que forma part d\u2019una brigada comarcal que fa diverses actuacions en municipis de la comarca.<\/span><\/p>\n<p style=\"text-align: justify;\"><span style=\"color: #000000;\"><strong>Punt 20 \u2013 Es d\u00f3na compte dels Decrets d\u2019alcaldia signats entre el ple ordinari de desembre i fins ara.<\/strong><\/span><\/p>\n<p style=\"text-align: justify;\"><span style=\"color: #000000;\"><u>Aquest punt no es vota.<\/u><\/span><\/p>\n<p style=\"text-align: justify;\"><span style=\"color: #000000;\"><strong>Punt 21 \u2013 Precs i Preguntes.<\/strong><\/span><\/p>\n<hr \/>\n<p style=\"text-align: justify;\"><span style=\"color: #000000;\"><strong>CASTELLANO |\u00a0<\/strong><\/span><\/p>\n<p style=\"text-align: justify;\"><span style=\"color: #000000;\"><strong><u>RESUMEN DE LOS PUNTOS TRATADOS EN EL PLENO ORDINARIO DEL 19 DE MARZO DEL 2018<\/u><\/strong><\/span><\/p>\n<p style=\"text-align: justify;\"><span style=\"color: #000000;\"><strong>Punto 1 \u2013 Aprobaci\u00f3n del acta anterior<\/strong><\/span><\/p>\n<p style=\"text-align: justify;\"><span style=\"color: #000000;\"><u>Se aprueba por unanimidad<\/u> el acta del Pleno Ordinario del mes de diciembre.<\/span><\/p>\n<p style=\"text-align: justify;\"><span style=\"color: #000000;\"><strong>Punto 2 \u2013 Margarita Barber\u00e0 Cuesta toma posesi\u00f3n del cargo de concejal de ERC-AM<\/strong><\/span><\/p>\n<p style=\"text-align: justify;\"><span style=\"color: #000000;\"><a style=\"color: #000000;\" href=\"http:\/\/bisbalpenedes.com\/web\/wp-content\/uploads\/2018\/03\/MARGARITA-BARBERA-CUESTA-ERC-AM.jpg\"><img loading=\"lazy\" class=\"size-thumbnail wp-image-5155 alignnone\" src=\"http:\/\/bisbalpenedes.com\/web\/wp-content\/uploads\/2018\/03\/MARGARITA-BARBERA-CUESTA-ERC-AM-150x150.jpg\" alt=\"MARGARITA BARBERA CUESTA - ERC-AM\" width=\"150\" height=\"150\" srcset=\"https:\/\/bisbalpenedes.com\/web\/wp-content\/uploads\/2018\/03\/MARGARITA-BARBERA-CUESTA-ERC-AM-150x150.jpg 150w, https:\/\/bisbalpenedes.com\/web\/wp-content\/uploads\/2018\/03\/MARGARITA-BARBERA-CUESTA-ERC-AM-300x300.jpg 300w, https:\/\/bisbalpenedes.com\/web\/wp-content\/uploads\/2018\/03\/MARGARITA-BARBERA-CUESTA-ERC-AM-100x100.jpg 100w\" sizes=\"(max-width: 150px) 100vw, 150px\" \/><\/a><\/span><\/p>\n<p style=\"text-align: justify;\"><span style=\"color: #000000;\"><strong>Punto 3 \u2013 Modificaci\u00f3n de los derechos reconocidos de a\u00f1os anteriores <\/strong><\/span><\/p>\n<p style=\"text-align: justify;\"><span style=\"color: #000000;\">Se aprueba por unanimidad. Se trata de una modificaci\u00f3n mediante la cual se dan de baja los derechos reconocidos, es decir, se dan de baja los ingresos pendientes de recibir, a consecuencia de errores desde el 2012 hasta el 2016 (ingresos duplicados que constan pendientes de ingresar o ingresos pendientes de cobrar de actividades municipales de las que el usuario se dio de baja pero no se anul\u00f3 el recibo). Estos recibos ascienden a un total de 14.098,66\u20ac.<\/span><\/p>\n<p style=\"text-align: justify;\"><span style=\"color: #000000;\"><strong>Punto 4 \u2013 Modificaci\u00f3n de obligaciones reconocidas de a\u00f1os anteriores<\/strong><\/span><\/p>\n<p style=\"text-align: justify;\"><span style=\"color: #000000;\"><u>Se aprueba por unanimidad.<\/u> Se trata de una modificaci\u00f3n mediante la cual se dan de baja los pagos pendientes de realizar a consecuencia de errores que tuvieron lugar entre el 2012 y el 2016 (cargos pendientes que no tienen factura que corresponda pero que entraron en la contabilidad o cargos duplicados, que cuentan como pendientes de pago pero que ya est\u00e1n pagados). La suma total de estas obligaciones ascend\u00eda a 7.353,07\u20ac<\/span><\/p>\n<p style=\"text-align: justify;\"><span style=\"color: #000000;\"><strong><u>Punto 5 \u2013 Aprobaci\u00f3n de la instrucci\u00f3n de la fiscalizaci\u00f3n limitada previa al gasto<\/u><\/strong><\/span><\/p>\n<p style=\"text-align: justify;\"><span style=\"color: #000000;\"><u>Se aprueba por unanimidad.<\/u> Se aprueba la instauraci\u00f3n de un sistema de control interno por parte del interventor municipal, cumpliendo el Real Decreto 424\/2017, de 28 de abril, por el cual se regula el r\u00e9gimen jur\u00eddico del control interno de las entidades del sector p\u00fablico.<\/span><\/p>\n<p style=\"text-align: justify;\"><span style=\"color: #000000;\"><strong>Punto 6 \u2013 Convenio de colaboraci\u00f3n con el Consell Comarcal del Baix Pened\u00e8s i otros Ayuntamientos del Baix Pened\u00e8s para el desarrollo del programa \u201cXarxa d\u2019Ocupaci\u00f3 del Baix Pened\u00e8s\u201d, en el marco de los programas innovadores y experimentales que promueve el SOC.<\/strong><\/span><\/p>\n<p style=\"text-align: justify;\"><span style=\"color: #000000;\"><u>Se aprueba por unanimidad.<\/u> En el Consell d\u2019Alcaldes del 13\/09\/17 se aprob\u00f3 el acuerdo estrat\u00e9gico para el desarrollo y la ocupaci\u00f3n en el Baix Pened\u00e8s. Este acuerdo tambi\u00e9n contempla definir conjuntamente estrategias de actuaciones en ocupaci\u00f3n. Por este motivo el Ayuntamiento del Vendrell pidi\u00f3 una subvenci\u00f3n al SOC (Servei d\u2019Ocupaci\u00f3 de Catalunya) para los programas comarcales de innovaci\u00f3n en ocupaci\u00f3n e innovaci\u00f3n en el tejido proactivo. Estas subvenciones son para crear la \u201cXarxa d\u2019ocupaci\u00f3 del Baix Pened\u00e8s\u201d. A finales del 2017 se recibi\u00f3 la resoluci\u00f3n favorable, por parte del SOC, otorgando una subvenci\u00f3n de 148.061,13\u20ac (el coste total del proyecto es de 197.401,51\u20ac). Coon esta aprovrovaci\u00f3n, que supone un coste de 3.500\u20ac para el Ayuntamiento de la Bisbal, se entrar\u00e1 a formar parte de la creaci\u00f3n de la \u201cXarxa d\u2019ocupaci\u00f3 del Baix Pened\u00e8s\u201d, una red que pretende incrementar la ocupaci\u00f3n en la comarca. La organizaci\u00f3n interna de la \u201cXarxa d\u2019Ocupaci\u00f3 del Baix Pened\u00e8s\u201d es la siguiente:<\/span><\/p>\n<p style=\"text-align: justify;\"><span style=\"color: #000000;\">-Nivel institucional: Consell d\u2019Alcaldes del Baix Pened\u00e8s<\/span><\/p>\n<p style=\"text-align: justify;\"><span style=\"color: #000000;\">-Equipo directivo: formado por siete personas: el director de la oficina del SOC, una persona en representaci\u00f3n del CCBP y una persona representando los ayuntamientos que cuentan con servicio de ocupaci\u00f3n (El Vendrell, Cunit, Calafell, l\u2019Arbo\u00e7 y la Bisbal)<\/span><\/p>\n<p style=\"text-align: justify;\"><span style=\"color: #000000;\">-Grupo de trabajo: t\u00e9cnicos de ocupaci\u00f3n de cinco municipios con servicio de ocupaci\u00f3n y el t\u00e9cnico de ocupaci\u00f3n del CCBP. Este grupo de trabajo se re\u00fane un d\u00eda a la semana.<\/span><\/p>\n<p style=\"text-align: justify;\"><span style=\"color: #000000;\"><strong>Punto 7 \u2013 Convenio entre el Departamento de Territorio y Sostenibilidad de la Generalitat y los ayuntamientos del Vendrell, Sant Jaume dels Domenys, Lloren\u00e7 del Pened\u00e8s, Banyeres del Pened\u00e8s, la Bisbal del Pneed\u00e8s, Santa Oliva, Albinyana, El Montmell, l\u2019Arbo\u00e7, Bonastre, el Consorci del Transport P\u00fablic de Tarragona (autoritat territorial de la movilidad en el Camp de Tarragona) y la empresa de autobuses POCH SAU, para la mejora de los servicios de transporte de viajeros por carretera en la comarca del Baix Pened\u00e8s. <\/strong><\/span><\/p>\n<p style=\"text-align: justify;\"><span style=\"color: #000000;\"><u>Se aprueba por unanimidad.<\/u> Mediante este punto se aprueba la actualizaci\u00f3n del convenio y se incluye la Autoritat de la Mobilitat del Camp de Tarragona que, en el 2001, cuando se aprob\u00f3 el convenio que est\u00e1 vigente en la actualidad, no form\u00f3 parte del mismo porqu\u00e9 no estaba constituida.<\/span><\/p>\n<p style=\"text-align: justify;\"><span style=\"color: #000000;\">El convenio del 2001 ten\u00eda por objeto definir las actuaciones para mejorar el servicio de bus comarcal en el Baix Pened\u00e8s. En el convenio que se ha aprobado en el pleno se incluye un plan de mejora del servicio que se aplicaba pero que no constaba en el convenio anterior. En referencia a la Bisbal, el servicio seguir\u00e1 haciendo expediciones de lunes a s\u00e1bado hacia el Vendrell. Las tarifas de los tiquets no var\u00edan y ser\u00e1n aplicables en los t\u00edtulos de transporte del sistema tarifario integrado que anualmente aprueba la ATM del Camp de Tarragona. El coste para el Ayuntamiento de la Bisbal es de 4.435,56\u20ac (+IVA) con pagos cuatrimestrales.<\/span><\/p>\n<p style=\"text-align: justify;\"><span style=\"color: #000000;\"><strong>Punto 8. Aprobaci\u00f3n del expediente de delimitaci\u00f3n del t\u00e9rmino municipal de la Bisbal del Pened\u00e8s y nombramiento de los miembros de la comisi\u00f3n municipal de delimitaci\u00f3n. <\/strong><\/span><\/p>\n<p style=\"text-align: justify;\"><span style=\"color: #000000;\"><u>Se aprueba con los votos a favor del PDeCAT (5) y el PSC (1) y los votos en contra de ERC-AM (5).<\/u><\/span><\/p>\n<p style=\"text-align: justify;\"><span style=\"color: #000000;\">C\u00f3mo que la Comissi\u00f3 de Delimitaci\u00f3 Territorial de la Direcci\u00f3 General de l\u2019Administraci\u00f3 Local del Departament de Governaci\u00f3, Administracions P\u00fabliques i Habitatge de la Generalitat de Catalunya ha infromado que se inician varios expedientes de delimitaci\u00f3n de t\u00e9rminos municipales en el marco de la elaboraci\u00f3n del Mapa Municipal de Catalunya, el Ayuntamiento de la Bisbal ha de crear una Comissi\u00f3 de Delimitaci\u00f3 Municipal y enviar la documentaci\u00f3n al Departament d\u2019Administraci\u00f3 Local para cuando inicien el expediente. Desde la Generalitat han aprobado iniciar 65 expedientes de delimitaci\u00f3n de Catalunya, uno de los cuales est\u00e1 entre la Bisbal del Pened\u00e8s i Maslloren\u00e7.<\/span><\/p>\n<p style=\"text-align: justify;\"><span style=\"color: #000000;\">La Comisi\u00f3n de Delimitaci\u00f3n de la Bisbal estar\u00e1 formada por el secretario, el arquitecto municipal, la alcaldesa de la Bisbal, Agn\u00e8s Ferr\u00e9 y los concejales Maguy Antol\u00edn y Pere Saumoy.<\/span><\/p>\n<p style=\"text-align: justify;\"><span style=\"color: #000000;\">En el Pleno Ordinario del septiembre del 2017 ya se aprob\u00f3 otra Comissi\u00f3 de Delimitaci\u00f3 de t\u00e9rmino, pero en aquel caso era con el municipio de Rodony\u00e0.<\/span><\/p>\n<p style=\"text-align: justify;\"><span style=\"color: #000000;\"><strong>Punto 9 \u2013 Revocar y dejar sin efecto el acuerdo del Pleno extraordinario del 03\/08\/16 de modificaci\u00f3n de la ordenanza fiscal reguladora de la tasa para la prestaci\u00f3n del servicio de transporte colectivo de viajeros. <\/strong><\/span><\/p>\n<p style=\"text-align: justify;\"><span style=\"color: #000000;\"><u>Se aprueba por unanimidad.<\/u> La Junta de Gobierno Local ha desestimado la propuesta de alargar la concesi\u00f3n del servicio de bus urbano que hab\u00eda hecho la empresa concesionaria del servicio de transporte urbano. La empresa hizo esta propuesta porqu\u00e9 consideraba que el bono mensual de 5 euros que se hab\u00eda creado como medida para potenciar el uso del bus por parte de los bisbalenses pod\u00eda suponer una bajada de ingresos para la empresa y, por eso, propuso alargar la concesi\u00f3n por periodos de cinco a\u00f1os, para compensar la hipot\u00e9tica p\u00e9rdida de ingresos.<\/span><\/p>\n<p style=\"text-align: justify;\"><span style=\"color: #000000;\">La Junta de Gobierno Local desestim\u00f3 la propuesta y, por lo tanto, la concesi\u00f3n acaba en el mes de junio y, durante los meses de julio a octubre, habr\u00e1 un nuevo servicio de bus bajo demanda con el cual se pretende mejorar el servicio, el horario y la sostenibilidad del transporte urbano. El servicio empezar\u00e1 con un contrato menor con una empresa que ofrece este servicio y, en verano, se preparar\u00e1 el pliego de cl\u00e1usulas para licitar este servicio.<\/span><\/p>\n<p style=\"text-align: justify;\"><span style=\"color: #000000;\">Se decide revocar y dejar sin efecto esta modificaci\u00f3n de la ordenanza fiscal porqu\u00e9 el precio del tique va ligado al precio que se paga por la concesi\u00f3n o el servicio y, por lo tanto, se tendr\u00e1 que esperar a licitar la concesi\u00f3n y el servicio para poder fijar de nuevo los precios.<\/span><\/p>\n<p style=\"text-align: justify;\"><span style=\"color: #000000;\"><strong>Punto 10 \u2013 Adenda al contrato de fecha 06\/06\/2017 de suministro el\u00e9ctrico entre los promotores y Endesa Distribuci\u00f3n El\u00e9ctrica SLU.<\/strong><\/span><\/p>\n<p style=\"text-align: justify;\"><span style=\"color: #000000;\"><u>Se aprueba por unanimidad.<\/u> Este punto hace referencia a la infraestructura el\u00e9ctrica de los pol\u00edgonos industriales de la Bisbal del Pened\u00e8s. El 29 de mayo del 2017 se aprob\u00f3 por pleno el convenio con Endesa Distribuci\u00f3n El\u00e9ctrica (EDE) para llevar a cabo la tramitaci\u00f3n legal para el desarrollo de las actuaciones urban\u00edsticas previstas en el ordenamiento urban\u00edstico de varios municipios, entre ellos la Bisbal del Pened\u00e8s, para la realizaci\u00f3n de infraestructuras de energ\u00eda el\u00e9ctrica que permitan que los promotores de los pol\u00edgonos dispongan del incremento de potencia el\u00e9ctrica solicitado en su momento. Esta infraestructura de cu\u00e1druple circuito y de ampliaci\u00f3n de transformaci\u00f3n del SE Castellet se inicia en la estaci\u00f3n SE Castellet y la red llega al t\u00e9rmino de Banyeres, pasando despu\u00e9s por Santa Oliva y finalizando en la Bisbal del Pened\u00e8s, con un coste total superior a los 4 millones de euros. El nuevo convenio supone ampliar la SE Castellet. Cada pol\u00edgono asume el coste de manera proporcional a su participaci\u00f3n y puede pagar la candidad en varios pagos.<\/span><\/p>\n<p style=\"text-align: justify;\"><span style=\"color: #000000;\">El Pol\u00edgono Industrial Les Planes se ejecut\u00f3 entre el 2002 y el 2005 a iniciativa del Ayuntamiento de la Bisbal del Pened\u00e8s. El 2004 ya se firm\u00f3 un primer convenio con la compa\u00f1\u00eda el\u00e9ctrica para incrementar la potencia el\u00e9ctrica y llegar a la potencia necesaria para las industrias (la potencia que fijaba el proyecto de urbanizaci\u00f3n del pol\u00edgono) que son 17.843,60 Kw de incremento de potencia. As\u00ed, el pol\u00edgono Les Planes ya se recepcion\u00f3 estando las obras ejecutadas, pero quedaba pendiente esta conexi\u00f3n de alimentaci\u00f3n externa.<\/span><\/p>\n<p style=\"text-align: justify;\"><span style=\"color: #000000;\">Los propietarios de las parcelas ya hicieron un primer pago de este proyecto de infraestructura de energ\u00eda sin que se iniciase el proyecto. Aunque el Ayuntamiento fue el promotor del pol\u00edgono, son los propietarios de cada parcela los que han de hacer frente a los costes de esta infraestructura y por eso ya est\u00e1 aprobada la operaci\u00f3n jur\u00eddica complementaria para repercutir los costes a los propietarios adjudicatarios de las fincas.<\/span><\/p>\n<p style=\"text-align: justify;\"><span style=\"color: #000000;\">Hace unos meses Fecsa-Endesa convoc\u00f3 a todos los firmantes del convenio a una reuni\u00f3n para explicar la situaci\u00f3n actual de la instalaci\u00f3n el\u00e9ctrica y este proyecto de ampliaci\u00f3n de la potencia el\u00e9ctrica. Ahora ya tienen todas las actas de los propietarios firmadas y solo les queda la aprobaci\u00f3n del Ayuntamiento de Banyeres del Pened\u00e8s (seg\u00fan nos consta) por las obras que pasan por su municipio. El Ayuntamiento de la Banyeres, a finales del 2015, aprob\u00f3 este proyecto. Ahora manifiesta que la l\u00ednea debe ir soterrada a su paso por Saifores (en el proyecto que aprobaron la l\u00ednea era a\u00e9rea).<\/span><\/p>\n<p style=\"text-align: justify;\"><span style=\"color: #000000;\">El coste total es de 363.801,72 (IVA incluido) y lo han de asumir entre todos los firmantes del convenio (EDE, el Ayuntamiento de la Bisbal como promotor del pol\u00edgon Les Planes, el promotor del pol\u00edgono Les Planes Baixes, el promotor del pol\u00edgono de Banyeres, el promotor del pol\u00edgono de Santa Oliva y dos empresas). La parte del pago que debe asumir el ayuntamiento de la Bisbal asciende a 78.400,55\u20ac.<\/span><\/p>\n<p style=\"text-align: justify;\"><span style=\"color: #000000;\"><strong>Punto 11 \u2013 Modificaci\u00f3n de la ordenanza fiscal reguladora de la tasa para la realizaci\u00f3n de cursos en el CMC.<\/strong><\/span><\/p>\n<p style=\"text-align: justify;\"><span style=\"color: #000000;\"><u>Se aprueba con los votos a favor del PDeCAT (5) y el PSC (1) y la abstenci\u00f3n de ERC-AM (5).<\/u><\/span><\/p>\n<p style=\"text-align: justify;\"><span style=\"color: #000000;\">Se aprueba la modificaci\u00f3n del art\u00edculo 4 de la ordenanza fiscal que regula el precio de los cursos que se realizan en el CMC, con la siguiente modificaci\u00f3n.<\/span><\/p>\n<p style=\"text-align: justify;\"><span style=\"color: #000000;\">-El precio de los cursos de formaci\u00f3n ocupacional que se realicen all\u00ed ser\u00e1 de 3\u20ac la hora<\/span><\/p>\n<p style=\"text-align: justify;\"><span style=\"color: #000000;\">El coste de la hora por cuso es de 6\u20ac de mediana, por lo tanto, el usuario paga el 50%.<\/span><\/p>\n<p style=\"text-align: justify;\"><span style=\"color: #000000;\">Desde el servicio del SOM Bisbal se ofrecer\u00e1n varios cursos destinados a varios colectivos: aut\u00f3nomos, personas en paro, personas en activo&#8230; se trata de cursos que han pedido los usuarios del SOM Bisbal y de cursos que des de la Regidoria d\u2019Ocupaci\u00f3 se piensa que pueden ser positivos para el crecimiento profesional de los usuarios.<\/span><\/p>\n<p style=\"text-align: justify;\"><span style=\"color: #000000;\"><strong>Punto 12 \u2013 Modificaci\u00f3n del reglamento que regula las prestaciones econ\u00f3micas de urgencia social, que tienen la finalidad de atender situaciones de necesidades puntuales, urgentes y b\u00e1sicas de subsistencia y su procedimiento de concesi\u00f3n. <\/strong><\/span><\/p>\n<p style=\"text-align: justify;\"><span style=\"color: #000000;\"><u>Se aprueba por unanimidad.<\/u> En el 2017 se aprob\u00f3 un reglamento que regula el otorgamiento de ayudas puntuales para pagar los recibos del agua i la luz y la instalaci\u00f3n de contadores de agua solidarios a las familias desfavorecidas. Se trata de un reglamento que se ha ido aplicando desde que se aprob\u00f3 hasta ahora y que, en llevarlo a la pr\u00e1ctica, se ha comprobado que se ten\u00edan que cambiar algunos puntos e irlos adaptando a las diferentes casu\u00edsticas que el Ayuntamiento se va encontrando.<\/span><\/p>\n<p style=\"text-align: justify;\"><span style=\"color: #000000;\">Las modificaciones m\u00e1s relevantes son:<\/span><\/p>\n<p style=\"text-align: justify;\"><span style=\"color: #000000;\">-Crear una comisi\u00f3n t\u00e9cnica de valoraci\u00f3n, que valorar\u00e1 cada solicitud y que estar\u00e1 formada por:<\/span><\/p>\n<p style=\"text-align: justify;\"><span style=\"color: #000000;\">Vocales: concejal de Benestar Social, secretario del Ayuntamiento, Trabajadora Social del Consell Comarcal y la t\u00e9cnica de Ocupaci\u00f3n del SOM Bisbal.<\/span><\/p>\n<p style=\"text-align: justify;\"><span style=\"color: #000000;\">Secretario: un funcionario del Ayuntamiento.<\/span><\/p>\n<p style=\"text-align: justify;\"><span style=\"color: #000000;\">Esta comisi\u00f3n se reunir\u00e1 el primer mi\u00e9rcoles de cada mes y avaluar\u00e1 el seguimiento y la cantidad de cada caso:<\/span><\/p>\n<p style=\"text-align: justify;\"><span style=\"color: #000000;\">-Definir las medidas de ayuda en el caso de suministro el\u00e9ctrico, sobretodo en referencia al consumo b\u00e1sico, que ser\u00e1 el que nos podr\u00e1 abonar.<\/span><\/p>\n<p style=\"text-align: justify;\"><span style=\"color: #000000;\">-Modificar los plazos de la instalaci\u00f3n de contadores solidarios, que pasa de 6 meses a 12 meses, con una pr\u00f3rroga de 6 meses.<\/span><\/p>\n<p style=\"text-align: justify;\"><span style=\"color: #000000;\">-En todos estos casos se valorar\u00e1 que el usuario sea activo en la b\u00fasqueda de trabajo o de formaci\u00f3n para poder acceder a las ayudas, as\u00ed como que consuma los consumos b\u00e1sicos que establece la ley de consumo.<\/span><\/p>\n<p style=\"text-align: justify;\"><span style=\"color: #000000;\"><strong>Punto 13 \u2013 Reglamento de r\u00e9gimen interno del Espacio \u2018La Cova Jove\u2019.<\/strong><\/span><\/p>\n<p style=\"text-align: justify;\"><span style=\"color: #000000;\"><u>Se aprueba por unanimidad.<\/u><\/span><\/p>\n<p style=\"text-align: justify;\"><span style=\"color: #000000;\">Este viernes se inaugura el espacio \u2018La Cova Jove\u2019 en una sala del Centre Municipal de Cultura (CMC) y es por este motivo que se aprueba su reglamento de funcionamiento, que contiene normas de convivencia, de funcionamiento y el r\u00e9gimen sancionador.<\/span><\/p>\n<p style=\"text-align: justify;\"><span style=\"color: #000000;\">Dentro de las pol\u00edticas de juventud de la Bisbal, el a\u00f1o pasado se contrat\u00f3 una persona dentro del programa de Garant\u00eda Juvenil para promover entre los j\u00f3venes el civismo y la colaboraci\u00f3n con el tejido asociativo, creando espacios dotados de infraestructuras y de recursos para la participaci\u00f3n, actividades l\u00fadicas, culturales y formativas juveniles. Fruto de esta contrataci\u00f3n se ha creado \u201cLa Cova Jove\u201d, un espacio dirigido a los j\u00f3venes que abrir\u00e1 las tardes de lunes a viernes.<\/span><\/p>\n<p style=\"text-align: justify;\"><span style=\"color: #000000;\"><strong>Punto 14 \u2013 Se da cuenta del informe de secretar\u00eda de intervenci\u00f3n del Per\u00edodo medio de pago del 4\u00ba trimestre del 2107.<\/strong><\/span><\/p>\n<p style=\"text-align: justify;\"><span style=\"color: #000000;\"><u>Este punto no se vota<\/u><\/span><\/p>\n<p style=\"text-align: justify;\"><span style=\"color: #000000;\">El ratio es de 28,28 d\u00edas, que son los d\u00edas que se tarda, de media, en pagar a los proveedores. As\u00ed, el Ayuntamiento cumple la normativa que establece la ley, de un m\u00e1ximo de 30 d\u00edas.<\/span><\/p>\n<p style=\"text-align: justify;\"><span style=\"color: #000000;\">Nota: El 2\u00ba trimestre del 2015 el Per\u00edodo medio de pago fue de 75,54 d\u00edas.<\/span><\/p>\n<p style=\"text-align: justify;\"><span style=\"color: #000000;\"><strong>Punto 15 \u2013 Se da cuenta del Decreto de alcald\u00eda 2017\/593 de <u>fecha 29\/12\/2017<\/u><\/strong><\/span><\/p>\n<p style=\"text-align: justify;\"><span style=\"color: #000000;\"><u>Este punto no se vota<\/u><\/span><\/p>\n<p style=\"text-align: justify;\"><span style=\"color: #000000;\">Se da cuenta del decreto de modificaci\u00f3n de cr\u00e9dito 7\/2007 de 29\/12\/2017 de transferencia de cr\u00e9dito entre aplicaciones presupuestarias de la misma \u00e1rea de gastos por 116.000\u20ac.<\/span><\/p>\n<p style=\"text-align: justify;\"><span style=\"color: #000000;\"><strong>Punto 16 \u2013 Se da cuenta del Decreto de alcald\u00eda 2017\/592 de fecha 29\/12\/2017<\/strong><\/span><\/p>\n<p style=\"text-align: justify;\"><span style=\"color: #000000;\"><u>Este punto no se vota.<\/u><\/span><\/p>\n<p style=\"text-align: justify;\"><span style=\"color: #000000;\">Se da cuenta del decreto de modificaci\u00f3n de cr\u00e9dito 6\/2017 de 29\/12\/18 de transferencia de cr\u00e9dito entre aplicaciones presupuestarias que afecta a las bajas y altas de aplicaciones de personal por 101.000\u20ac. Se dan de baja puestos de trabajo no cubiertos y se traspasan a las partidas de convenios de colaboraciones sociales del a\u00f1o pasado y para la pr\u00f3rroga de dos contratos de Garant\u00eda Juvenil.<\/span><\/p>\n<p style=\"text-align: justify;\"><span style=\"color: #000000;\"><strong>Punto 17 \u2013 Se da cuenta del Decreto de alcald\u00eda 2017\/590 de fecha 27\/12\/2017<\/strong><\/span><\/p>\n<p style=\"text-align: justify;\"><span style=\"color: #000000;\"><u>Este punto no se vota<\/u><\/span><\/p>\n<p style=\"text-align: justify;\"><span style=\"color: #000000;\">Se da cuenta del decreto de modificaci\u00f3n de cr\u00e9dito 5\/2017 de 27\/12\/17 de generaci\u00f3n de cr\u00e9dito. Se incrementa la partida de adecuaci\u00f3n de cuadros de luz y luminarias en 6.951,50\u20ac (de 19.000\u20ac a 25.951,50\u20ac) por la subvenci\u00f3n concedida de la Diputaci\u00f3n de Tarragona PEXI de 6.951,50\u20ac.<\/span><\/p>\n<p style=\"text-align: justify;\"><span style=\"color: #000000;\">En la Junta de Gobierno del 23 de noviembre del 2017 se aprob\u00f3 el informe para las obras de adecuaci\u00f3n de las instalaciones de alumbrado p\u00fablico del Esplai y Can Gordei. El importe de la inversi\u00f3n es de 25.951,50\u20ac (IVA incluido) y se pidi\u00f3 subvenci\u00f3n a la Diputaci\u00f3n de Tarragona en el \u00e1mbito de las Actuaciones Integrales en el Territorio y Cooperaci\u00f3n, en el Servei d\u2019Assist\u00e8ncia Municipal, a trav\u00e9s de la subvenci\u00f3n PEXI que subvenciona 24.654,01\u20ac.<\/span><\/p>\n<p style=\"text-align: justify;\"><span style=\"color: #000000;\"><strong>Punto 18 \u2013 Se da cuenta del Decreto de alcald\u00eda 2018\/099 de fecha 07\/03\/2018<\/strong><\/span><\/p>\n<p style=\"text-align: justify;\"><span style=\"color: #000000;\"><u>Este punto no se vota.<\/u><\/span><\/p>\n<p style=\"text-align: justify;\"><span style=\"color: #000000;\">Se da cuenta del Decreto de aprobaci\u00f3n del plan presupuestario a medio plazo.<\/span><\/p>\n<p style=\"text-align: justify;\"><span style=\"color: #000000;\">Cumpliendo con la Ley de Estabilidad Presupostaria y Sostenibilidad Financiera, el Ayuntamiento debe elaborar un plan presupuestario a medio plazo, donde debe garantizarse una programaci\u00f3n presupuestaria coherente con los objetivos de estabilidad presupuestaria, deuda p\u00fablica y regla del gasto.<\/span><\/p>\n<p style=\"text-align: justify;\"><span style=\"color: #000000;\">El endeudamiento al principio de la legislatura era del 113%, sin cumplir ninguno de los objetivos. En el 2016 se empezaron a cumplir los objetivos y, por lo tanto, se empez\u00f3 a poder hacer inversi\u00f3n. Este a\u00f1o se llegar\u00e1 al 37,63% y el objetivo para el 2012 es llegar al 15,32%.<\/span><\/p>\n<p style=\"text-align: justify;\"><span style=\"color: #000000;\"><strong>Punto 19 \u2013 Se da cuenta y se ratifica el decreto de alcald\u00eda 2018\/0028 de 24\/01\/2019.<\/strong><\/span><\/p>\n<p style=\"text-align: justify;\"><span style=\"color: #000000;\"><u>Se aprueba con los votos a favor del PDeCAT (5) y el PSC (1) y la abstenci\u00f3n de ERC-AM (5).<\/u><\/span><\/p>\n<p style=\"text-align: justify;\"><span style=\"color: #000000;\">Se da cuenta del decreto de aprobaci\u00f3n del Convenio de Colaboraci\u00f3n Interadminsitrativo para la ejecuci\u00f3n del programa Treball i Formaci\u00f3 (TREFO) 2017.<\/span><\/p>\n<p style=\"text-align: justify;\"><span style=\"color: #000000;\">Se da cuenta del decreto de alcald\u00eda firmado el 24\/01\/18 entre el Ayuntamiento de la Bisbal y el Consell Comarcal.<\/span><\/p>\n<p style=\"text-align: justify;\"><span style=\"color: #000000;\">Se trata de un convenio entre varios ayuntamientos del Baix Pened\u00e8s y el Consell Comarcal para el convenio TREFO del 2017. Es un convenio que se hace a trav\u00e9s del Consell Comarcal porqu\u00e9 la mayor\u00eda de municipios no pueden acceder individualmente pero si de manera comarcal.<\/span><\/p>\n<p style=\"text-align: justify;\"><span style=\"color: #000000;\">Se trata de un convenio subvencionado por la Generalitat de Catalunya d\u00f3nde la aportaci\u00f3n del Ayuntamiento de la Bisbal es de 3.856,99\u20ac. El convenio persigue el objetivo de formar y contratar personas paradas no perceptoras de paro, preferentemente mayores de 45 a\u00f1os.<\/span><\/p>\n<p style=\"text-align: justify;\"><span style=\"color: #000000;\">Desde el Consell Comarcal se han pedido dos programas para esta subvenci\u00f3n: educaci\u00f3n ambiental y limpieza forestal.<\/span><\/p>\n<p style=\"text-align: justify;\"><span style=\"color: #000000;\">En la Bisbal hay cuatro personas educadoras ambientales (3 personas durante seis meses y una persona durante 1 a\u00f1o) y una persona que entra en el programa de limpieza forestal, que forma parte de una brigada comarcal que hace varias actuaciones en municipios de la comarca.<\/span><\/p>\n<p style=\"text-align: justify;\"><span style=\"color: #000000;\"><strong>Punto 20 \u2013 Se da cuenta de los Decretos de alcald\u00eda firmados entre el pleno ordinario de diciembre hasta ahora.<\/strong><\/span><\/p>\n<p style=\"text-align: justify;\"><span style=\"color: #000000;\"><u>Este punto no se vota.<\/u><\/span><\/p>\n<p style=\"text-align: justify;\"><span style=\"color: #000000;\"><strong>Punto 21 \u2013 Ruegos y preguntas. <\/strong><\/span><\/p>\n<p style=\"text-align: justify;\"><span style=\"color: #000000;\"><u>\u00a0<\/u><\/span><\/p>\n<p>&nbsp;<\/p>\n","protected":false},"excerpt":{"rendered":"<p>CATAL\u00c0 |\u00a0 RESUM DELS PUNTS TRACTATS AL PLE ORDINARI DEL 19 DE MAR\u00c7 DE 2018 Punt 1 \u2013 Aprovaci\u00f3 de l\u2019acta anterior S\u2019aprova per unanimitat l\u2019acta del Ple Ordinari del &hellip; <a href=\"https:\/\/bisbalpenedes.com\/web\/2018\/03\/21\/resum-dels-punts-tractats-al-ple-ordinari-de-19-de-marc-de-2018\/\" class=\"more-link\">Read More<\/a><\/p>\n","protected":false},"author":4,"featured_media":5153,"comment_status":"closed","ping_status":"closed","sticky":false,"template":"","format":"standard","meta":[],"categories":[4],"tags":[111,34,226,396,1481,1309,1503,1501,1497,1499,1496,1498,1502,1506,1495,249,200,445,1504,263,1114,184,825,1505,1500],"_links":{"self":[{"href":"https:\/\/bisbalpenedes.com\/web\/wp-json\/wp\/v2\/posts\/5152"}],"collection":[{"href":"https:\/\/bisbalpenedes.com\/web\/wp-json\/wp\/v2\/posts"}],"about":[{"href":"https:\/\/bisbalpenedes.com\/web\/wp-json\/wp\/v2\/types\/post"}],"author":[{"embeddable":true,"href":"https:\/\/bisbalpenedes.com\/web\/wp-json\/wp\/v2\/users\/4"}],"replies":[{"embeddable":true,"href":"https:\/\/bisbalpenedes.com\/web\/wp-json\/wp\/v2\/comments?post=5152"}],"version-history":[{"count":3,"href":"https:\/\/bisbalpenedes.com\/web\/wp-json\/wp\/v2\/posts\/5152\/revisions"}],"predecessor-version":[{"id":5158,"href":"https:\/\/bisbalpenedes.com\/web\/wp-json\/wp\/v2\/posts\/5152\/revisions\/5158"}],"wp:featuredmedia":[{"embeddable":true,"href":"https:\/\/bisbalpenedes.com\/web\/wp-json\/wp\/v2\/media\/5153"}],"wp:attachment":[{"href":"https:\/\/bisbalpenedes.com\/web\/wp-json\/wp\/v2\/media?parent=5152"}],"wp:term":[{"taxonomy":"category","embeddable":true,"href":"https:\/\/bisbalpenedes.com\/web\/wp-json\/wp\/v2\/categories?post=5152"},{"taxonomy":"post_tag","embeddable":true,"href":"https:\/\/bisbalpenedes.com\/web\/wp-json\/wp\/v2\/tags?post=5152"}],"curies":[{"name":"wp","href":"https:\/\/api.w.org\/{rel}","templated":true}]}}