{"id":5147,"date":"2018-03-20T15:30:47","date_gmt":"2018-03-20T14:30:47","guid":{"rendered":"http:\/\/bisbalpenedes.com\/web\/?p=5147"},"modified":"2018-03-20T15:49:09","modified_gmt":"2018-03-20T14:49:09","slug":"el-cmc-acollira-dissabte-24-de-marc-a-les-11-30h-la-presentacio-del-nou-llibre-de-julio-l-calderon","status":"publish","type":"post","link":"https:\/\/bisbalpenedes.com\/web\/2018\/03\/20\/el-cmc-acollira-dissabte-24-de-marc-a-les-11-30h-la-presentacio-del-nou-llibre-de-julio-l-calderon\/","title":{"rendered":"El CMC acollir\u00e0 dissabte 24 de mar\u00e7 a les 11.30h la presentaci\u00f3 del nou llibre de Julio L. Calder\u00f3n"},"content":{"rendered":"<p style=\"line-height: 14.25pt; background: white;\"><a href=\"http:\/\/bisbalpenedes.com\/web\/wp-content\/uploads\/2018\/03\/LLIBREUNIVERSOs_def.jpg\"><img loading=\"lazy\" class=\"aligncenter size-medium wp-image-5149\" src=\"http:\/\/bisbalpenedes.com\/web\/wp-content\/uploads\/2018\/03\/LLIBREUNIVERSOs_def-212x300.jpg\" alt=\"LLIBREUNIVERSOs_def_calderon\" width=\"212\" height=\"300\" srcset=\"https:\/\/bisbalpenedes.com\/web\/wp-content\/uploads\/2018\/03\/LLIBREUNIVERSOs_def-212x300.jpg 212w, https:\/\/bisbalpenedes.com\/web\/wp-content\/uploads\/2018\/03\/LLIBREUNIVERSOs_def-600x848.jpg 600w, https:\/\/bisbalpenedes.com\/web\/wp-content\/uploads\/2018\/03\/LLIBREUNIVERSOs_def-768x1086.jpg 768w, https:\/\/bisbalpenedes.com\/web\/wp-content\/uploads\/2018\/03\/LLIBREUNIVERSOs_def-724x1024.jpg 724w, https:\/\/bisbalpenedes.com\/web\/wp-content\/uploads\/2018\/03\/LLIBREUNIVERSOs_def.jpg 1169w\" sizes=\"(max-width: 212px) 100vw, 212px\" \/><\/a><\/p>\n<p style=\"line-height: 14.25pt; background: white;\"><span style=\"font-size: 10pt; font-family: Arial, sans-serif; color: #000000;\"><strong>CATAL\u00c0 |<\/strong> Aquest dissabte 24 de mar\u00e7, a les 11.30h, el Centre Municipal de Cultura acollir\u00e0 la presentaci\u00f3 del llibre \u201cNavegando entre universos de colores\u201d de l\u2019autor bisbalenc Julio L. Calder\u00f3n. <\/span><\/p>\n<p style=\"line-height: 14.25pt; background: white;\"><span style=\"font-size: 10pt; font-family: Arial, sans-serif; color: #000000;\">Julio L. Calder\u00f3n (Barcelona, 1968) \u00e9s inform\u00e0tic i escriptor. El 2008 va fer fallida la seva empresa d\u2019inform\u00e0tica i es va trobar amb moltes dificultats a l\u2019hora de trobar feina. Va ser en aquest context quan va decidir iniciar la seva traject\u00f2ria com a escriptor. <\/span><\/p>\n<p style=\"line-height: 14.25pt; background: white;\"><span style=\"font-size: 10pt; font-family: Arial, sans-serif; color: #000000;\">Tot i que t\u00e9 m\u00e9s de sis llibres escrits, \u201cNavegando entre universos de colores\u201d \u00e9s el tercer que publica. El primer va ser \u201cEl caminante peregrino de la libertad\u201d, un llibre basat en la caminada que l\u2019autor va fer, de Montblanc a Madrid, en senyal de protesta social contra les injust\u00edcies i les situacions de pobresa que va generar la crisi econ\u00f2mica. Despr\u00e9s va arribar \u2018Cazador de almas\u2019, una versi\u00f3 de terror de la primera, un llibre que va ser presentat l\u2019any passat al CMC i que l\u2019autor no recomana per a menors de 18 anys, donat que hi ha continguts que poden ferir la sensibilitat.<\/span><\/p>\n<p style=\"line-height: 14.25pt; background: white;\"><span style=\"font-size: 10pt; font-family: Arial, sans-serif; color: #000000;\">Ara Calder\u00f3n presenta \u201cNavegando entre universos de colores\u201d, una obra de g\u00e8nere dram\u00e0tic que versa sobre la vida de cinc artistes de diverses disciplines: un escriptor, una pintora, un escultor, una compositora i un pol\u00edmata. Els i les artistes no tenen res en com\u00fa, m\u00e9s enll\u00e0 d\u2019una reuni\u00f3 anual que fa una fundaci\u00f3 d\u2019artistes en el dia dels esperits, durant la setmana del \u201cSamhain\u201d (una antiga festivitat Druida que actualment coneixem com Halloween).<\/span><\/p>\n<p style=\"line-height: 14.25pt; background: white;\"><span style=\"font-size: 10pt; font-family: Arial, sans-serif; color: #000000;\">\u00a0<\/span><\/p>\n<p style=\"line-height: 14.25pt; background: white;\"><span style=\"font-size: 10pt; font-family: Arial, sans-serif; color: #000000;\"><strong>CASTELLANO<\/strong> | Este s\u00e1bado 24 de marzo, a las 11.30h, el Centre Municipal de Cultura acoger\u00e1 la presentaci\u00f3n del libro \u201cNavegando entre universos de colores\u201d del autor bisbalense Julio L. Calder\u00f3n.<\/span><\/p>\n<p style=\"line-height: 14.25pt; background: white;\"><span style=\"font-size: 10pt; font-family: Arial, sans-serif; color: #000000;\">Julio L. Calder\u00f3n (Barcelona, 1968) es inform\u00e1tico y escritor. El a\u00f1o 2008 quebr\u00f3 su empresa de inform\u00e1tica y se encontr\u00f3 con muchas dificultades para encontrar trabajo. Fue en este contexto en el que decidi\u00f3 iniciar su trayectoria como escritor.<\/span><\/p>\n<p style=\"line-height: 14.25pt; background: white;\"><span style=\"font-size: 10pt; font-family: Arial, sans-serif; color: #000000;\">Aunque tiene m\u00e1s de seis libros escritos, \u201cNavegando entre universos de colores\u201d es el tercero que publica. El primero fue \u201cEl caminante peregrino de la libertad\u201d, un libro basado en la caminada que el autor hizo, de Montblanc a Madrid, en se\u00f1al de protesta social contra las injusticias y las situaciones de pobreza que gener\u00f3 la crisis econ\u00f3mica. Despu\u00e9s lleg\u00f3 \u201cCazador de almas\u2019, una versi\u00f3n de terror de la primera, un libro que se present\u00f3 el a\u00f1o pasado en el CMC y cuyo autor no recomienda para menores de 18 a\u00f1os, puesto que hay contenidos que pueden herir sensibilidades.<\/span><\/p>\n<p style=\"line-height: 14.25pt; background: white;\"><span style=\"font-size: 10pt; font-family: Arial, sans-serif; color: #000000;\">Ahora Calder\u00f3n presenta \u2018Navegando entre universo de colores\u2019, una obra de g\u00e9nero dram\u00e1tico que trata sobre la vida de cinco artistas de varias disciplinas: un escritor, una pintora, un escultor, una compositora i un pol\u00edmata. Los y las artistas no tienen nada en com\u00fan, salvo una reuni\u00f3n anual que hace una fundaci\u00f3n de artistas en el d\u00eda de los esp\u00edritus, durante la semana del \u201cSamhain\u201d (una antigua festividad Druida que actualmente conocemos como Halloween). <\/span><\/p>\n","protected":false},"excerpt":{"rendered":"<p>CATAL\u00c0 | Aquest dissabte 24 de mar\u00e7, a les 11.30h, el Centre Municipal de Cultura acollir\u00e0 la presentaci\u00f3 del llibre \u201cNavegando entre universos de colores\u201d de l\u2019autor bisbalenc Julio L. &hellip; <a href=\"https:\/\/bisbalpenedes.com\/web\/2018\/03\/20\/el-cmc-acollira-dissabte-24-de-marc-a-les-11-30h-la-presentacio-del-nou-llibre-de-julio-l-calderon\/\" class=\"more-link\">Read More<\/a><\/p>\n","protected":false},"author":4,"featured_media":5148,"comment_status":"closed","ping_status":"closed","sticky":false,"template":"","format":"standard","meta":[],"categories":[13],"tags":[1493,1492,414,340,47,1494,48],"_links":{"self":[{"href":"https:\/\/bisbalpenedes.com\/web\/wp-json\/wp\/v2\/posts\/5147"}],"collection":[{"href":"https:\/\/bisbalpenedes.com\/web\/wp-json\/wp\/v2\/posts"}],"about":[{"href":"https:\/\/bisbalpenedes.com\/web\/wp-json\/wp\/v2\/types\/post"}],"author":[{"embeddable":true,"href":"https:\/\/bisbalpenedes.com\/web\/wp-json\/wp\/v2\/users\/4"}],"replies":[{"embeddable":true,"href":"https:\/\/bisbalpenedes.com\/web\/wp-json\/wp\/v2\/comments?post=5147"}],"version-history":[{"count":2,"href":"https:\/\/bisbalpenedes.com\/web\/wp-json\/wp\/v2\/posts\/5147\/revisions"}],"predecessor-version":[{"id":5151,"href":"https:\/\/bisbalpenedes.com\/web\/wp-json\/wp\/v2\/posts\/5147\/revisions\/5151"}],"wp:featuredmedia":[{"embeddable":true,"href":"https:\/\/bisbalpenedes.com\/web\/wp-json\/wp\/v2\/media\/5148"}],"wp:attachment":[{"href":"https:\/\/bisbalpenedes.com\/web\/wp-json\/wp\/v2\/media?parent=5147"}],"wp:term":[{"taxonomy":"category","embeddable":true,"href":"https:\/\/bisbalpenedes.com\/web\/wp-json\/wp\/v2\/categories?post=5147"},{"taxonomy":"post_tag","embeddable":true,"href":"https:\/\/bisbalpenedes.com\/web\/wp-json\/wp\/v2\/tags?post=5147"}],"curies":[{"name":"wp","href":"https:\/\/api.w.org\/{rel}","templated":true}]}}