{"id":5134,"date":"2018-03-17T10:53:53","date_gmt":"2018-03-17T09:53:53","guid":{"rendered":"http:\/\/bisbalpenedes.com\/web\/?p=5134"},"modified":"2018-03-17T10:54:55","modified_gmt":"2018-03-17T09:54:55","slug":"la-regidoria-de-medi-ambient-esta-creant-un-parc-desbarjo-al-darrere-del-local-social-del-priorat-de-la-bisbal","status":"publish","type":"post","link":"https:\/\/bisbalpenedes.com\/web\/2018\/03\/17\/la-regidoria-de-medi-ambient-esta-creant-un-parc-desbarjo-al-darrere-del-local-social-del-priorat-de-la-bisbal\/","title":{"rendered":"La Regidoria de Medi Ambient est\u00e0 creant un parc d&#8217;esbarjo al darrere del Local Social del Priorat de la Bisbal"},"content":{"rendered":"<p><a href=\"http:\/\/bisbalpenedes.com\/web\/wp-content\/uploads\/2018\/03\/TWITTER-2.jpg\"><img loading=\"lazy\" class=\"aligncenter size-medium wp-image-5135\" src=\"http:\/\/bisbalpenedes.com\/web\/wp-content\/uploads\/2018\/03\/TWITTER-2-300x169.jpg\" alt=\"TWITTER 2\" width=\"300\" height=\"169\" srcset=\"https:\/\/bisbalpenedes.com\/web\/wp-content\/uploads\/2018\/03\/TWITTER-2-300x169.jpg 300w, https:\/\/bisbalpenedes.com\/web\/wp-content\/uploads\/2018\/03\/TWITTER-2-600x339.jpg 600w, https:\/\/bisbalpenedes.com\/web\/wp-content\/uploads\/2018\/03\/TWITTER-2-768x433.jpg 768w, https:\/\/bisbalpenedes.com\/web\/wp-content\/uploads\/2018\/03\/TWITTER-2-1024x578.jpg 1024w, https:\/\/bisbalpenedes.com\/web\/wp-content\/uploads\/2018\/03\/TWITTER-2.jpg 1200w\" sizes=\"(max-width: 300px) 100vw, 300px\" \/><\/a><\/p>\n<p><span style=\"color: #000000;\">CATAL\u00c0 | La Regidoria de Medi Ambient est\u00e0 arranjant la part del darrere del Local Social &#8216;Els quatre vents&#8217; del Priorat de la Bisbal. S&#8217;hi han plantat 50 arbres i est\u00e0 previst que m\u00e9s endavant s&#8217;hi instal\u00b7lin bancs i papereres amb la finalitat que aquesta part del terreny esdevingui un parc d&#8217;esbarjo per passejar i fer exercici f\u00edsic. Aquesta zona comptar\u00e0 amb barbacoes i aparells per fer esport, dues propostes que van fer els ve\u00efns de la zona que van partici<span class=\"text_exposed_show\">par en els Pressupostos Participatius.<\/span><\/span><\/p>\n<p><a href=\"http:\/\/bisbalpenedes.com\/web\/wp-content\/uploads\/2018\/03\/IMG_20180314_093904.jpg\"><img loading=\"lazy\" class=\"aligncenter size-medium wp-image-5136\" src=\"http:\/\/bisbalpenedes.com\/web\/wp-content\/uploads\/2018\/03\/IMG_20180314_093904-300x169.jpg\" alt=\"IMG_20180314_093904\" width=\"300\" height=\"169\" srcset=\"https:\/\/bisbalpenedes.com\/web\/wp-content\/uploads\/2018\/03\/IMG_20180314_093904-300x169.jpg 300w, https:\/\/bisbalpenedes.com\/web\/wp-content\/uploads\/2018\/03\/IMG_20180314_093904-600x339.jpg 600w, https:\/\/bisbalpenedes.com\/web\/wp-content\/uploads\/2018\/03\/IMG_20180314_093904-768x433.jpg 768w, https:\/\/bisbalpenedes.com\/web\/wp-content\/uploads\/2018\/03\/IMG_20180314_093904-1024x578.jpg 1024w, https:\/\/bisbalpenedes.com\/web\/wp-content\/uploads\/2018\/03\/IMG_20180314_093904.jpg 1276w\" sizes=\"(max-width: 300px) 100vw, 300px\" \/><\/a><\/p>\n<div class=\"text_exposed_show\">\n<p><span style=\"color: #000000;\">CASTELLANO | La Regidoria de Medi Ambient est\u00e1 arreglando la parte de atr\u00e1s del Local Social &#8216;Els quatre vents&#8217; del Priorato de la Bisbal. Se han plantado 50 \u00e1rboles y est\u00e1 previsto que m\u00e1s adelante se instalen bancos y papeleras con la finalidad de que esta parte del terreno se convierta en un parque de recreo para pasear y hacer ejercicio f\u00edsico. Esta zona contar\u00e1 con barbacoas y aparatos para hacer deporte, dos propuestas que hicieron los vecinos de la zona que participaron en los\u00a0Presupuestos Participativos.<\/span><\/p>\n<p><a href=\"http:\/\/bisbalpenedes.com\/web\/wp-content\/uploads\/2018\/03\/IMG_20180315_111645.jpg\"><img loading=\"lazy\" class=\"aligncenter size-medium wp-image-5137\" src=\"http:\/\/bisbalpenedes.com\/web\/wp-content\/uploads\/2018\/03\/IMG_20180315_111645-300x169.jpg\" alt=\"IMG_20180315_111645\" width=\"300\" height=\"169\" srcset=\"https:\/\/bisbalpenedes.com\/web\/wp-content\/uploads\/2018\/03\/IMG_20180315_111645-300x169.jpg 300w, https:\/\/bisbalpenedes.com\/web\/wp-content\/uploads\/2018\/03\/IMG_20180315_111645-600x339.jpg 600w, https:\/\/bisbalpenedes.com\/web\/wp-content\/uploads\/2018\/03\/IMG_20180315_111645-768x433.jpg 768w, https:\/\/bisbalpenedes.com\/web\/wp-content\/uploads\/2018\/03\/IMG_20180315_111645-1024x578.jpg 1024w, https:\/\/bisbalpenedes.com\/web\/wp-content\/uploads\/2018\/03\/IMG_20180315_111645.jpg 1276w\" sizes=\"(max-width: 300px) 100vw, 300px\" \/><\/a><\/p>\n<\/div>\n","protected":false},"excerpt":{"rendered":"<p>CATAL\u00c0 | La Regidoria de Medi Ambient est\u00e0 arranjant la part del darrere del Local Social &#8216;Els quatre vents&#8217; del Priorat de la Bisbal. S&#8217;hi han plantat 50 arbres i &hellip; <a href=\"https:\/\/bisbalpenedes.com\/web\/2018\/03\/17\/la-regidoria-de-medi-ambient-esta-creant-un-parc-desbarjo-al-darrere-del-local-social-del-priorat-de-la-bisbal\/\" class=\"more-link\">Read More<\/a><\/p>\n","protected":false},"author":4,"featured_media":5138,"comment_status":"closed","ping_status":"closed","sticky":false,"template":"","format":"standard","meta":[],"categories":[32],"tags":[306,121,1228,1487,816,220,144,520],"_links":{"self":[{"href":"https:\/\/bisbalpenedes.com\/web\/wp-json\/wp\/v2\/posts\/5134"}],"collection":[{"href":"https:\/\/bisbalpenedes.com\/web\/wp-json\/wp\/v2\/posts"}],"about":[{"href":"https:\/\/bisbalpenedes.com\/web\/wp-json\/wp\/v2\/types\/post"}],"author":[{"embeddable":true,"href":"https:\/\/bisbalpenedes.com\/web\/wp-json\/wp\/v2\/users\/4"}],"replies":[{"embeddable":true,"href":"https:\/\/bisbalpenedes.com\/web\/wp-json\/wp\/v2\/comments?post=5134"}],"version-history":[{"count":2,"href":"https:\/\/bisbalpenedes.com\/web\/wp-json\/wp\/v2\/posts\/5134\/revisions"}],"predecessor-version":[{"id":5140,"href":"https:\/\/bisbalpenedes.com\/web\/wp-json\/wp\/v2\/posts\/5134\/revisions\/5140"}],"wp:featuredmedia":[{"embeddable":true,"href":"https:\/\/bisbalpenedes.com\/web\/wp-json\/wp\/v2\/media\/5138"}],"wp:attachment":[{"href":"https:\/\/bisbalpenedes.com\/web\/wp-json\/wp\/v2\/media?parent=5134"}],"wp:term":[{"taxonomy":"category","embeddable":true,"href":"https:\/\/bisbalpenedes.com\/web\/wp-json\/wp\/v2\/categories?post=5134"},{"taxonomy":"post_tag","embeddable":true,"href":"https:\/\/bisbalpenedes.com\/web\/wp-json\/wp\/v2\/tags?post=5134"}],"curies":[{"name":"wp","href":"https:\/\/api.w.org\/{rel}","templated":true}]}}