{"id":513,"date":"2013-05-03T18:13:09","date_gmt":"2013-05-03T12:13:09","guid":{"rendered":"http:\/\/bisbalpenedes.com\/web\/?p=513"},"modified":"2013-05-03T18:17:26","modified_gmt":"2013-05-03T12:17:26","slug":"llar-infants-2013-preinscripcions-i-portes-obertes","status":"publish","type":"post","link":"https:\/\/bisbalpenedes.com\/web\/2013\/05\/03\/llar-infants-2013-preinscripcions-i-portes-obertes\/","title":{"rendered":"Llar Infants 2013, preinscripcions i portes obertes"},"content":{"rendered":"<p>La llar d\u2019infants \u00e9s el primer gra\u00f3 del sistema educatiu, acull als infants des dels 4 mesos als 3 anys, \u00e9s un lloc de vida qualificada que  facilita  el desenvolupament integral dels nens i nenes. Tots els que treballem a la llar d\u2019infants no hem considerat mai la nostra feina com una q\u00fcesti\u00f3 assistencial sin\u00f3 com una q\u00fcesti\u00f3 educativa.<\/p>\n<p><strong>Preinscripcions del 6 al 17 de maig de 2013<br \/>\nPortes obertes 2 de maig a partir de les 17:30h<\/strong><\/p>\n<p>m\u00e9s informaci\u00f3<\/p>\n<p>[button url=&#8221;http:\/\/www.bisbalpenedes.com\/web\/pdf\/llarint2013.pdf&#8221; ]PDF informaci\u00f3 escola Bressol 2013[\/button]<br \/>\n[button url=&#8221;http:\/\/www.bisbalpenedes.com\/web\/pdf\/llarpor2013.pdf&#8221; ]PDF portada 2013[\/button]<\/p>\n","protected":false},"excerpt":{"rendered":"<p>La llar d\u2019infants \u00e9s el primer gra\u00f3 del sistema educatiu, acull als infants des dels 4 mesos als 3 anys, \u00e9s un lloc de vida qualificada que facilita el desenvolupament &hellip; <a href=\"https:\/\/bisbalpenedes.com\/web\/2013\/05\/03\/llar-infants-2013-preinscripcions-i-portes-obertes\/\" class=\"more-link\">Read More<\/a><\/p>\n","protected":false},"author":1,"featured_media":514,"comment_status":"closed","ping_status":"open","sticky":false,"template":"","format":"standard","meta":[],"categories":[16],"tags":[66,65,68,67],"_links":{"self":[{"href":"https:\/\/bisbalpenedes.com\/web\/wp-json\/wp\/v2\/posts\/513"}],"collection":[{"href":"https:\/\/bisbalpenedes.com\/web\/wp-json\/wp\/v2\/posts"}],"about":[{"href":"https:\/\/bisbalpenedes.com\/web\/wp-json\/wp\/v2\/types\/post"}],"author":[{"embeddable":true,"href":"https:\/\/bisbalpenedes.com\/web\/wp-json\/wp\/v2\/users\/1"}],"replies":[{"embeddable":true,"href":"https:\/\/bisbalpenedes.com\/web\/wp-json\/wp\/v2\/comments?post=513"}],"version-history":[{"count":4,"href":"https:\/\/bisbalpenedes.com\/web\/wp-json\/wp\/v2\/posts\/513\/revisions"}],"predecessor-version":[{"id":516,"href":"https:\/\/bisbalpenedes.com\/web\/wp-json\/wp\/v2\/posts\/513\/revisions\/516"}],"wp:featuredmedia":[{"embeddable":true,"href":"https:\/\/bisbalpenedes.com\/web\/wp-json\/wp\/v2\/media\/514"}],"wp:attachment":[{"href":"https:\/\/bisbalpenedes.com\/web\/wp-json\/wp\/v2\/media?parent=513"}],"wp:term":[{"taxonomy":"category","embeddable":true,"href":"https:\/\/bisbalpenedes.com\/web\/wp-json\/wp\/v2\/categories?post=513"},{"taxonomy":"post_tag","embeddable":true,"href":"https:\/\/bisbalpenedes.com\/web\/wp-json\/wp\/v2\/tags?post=513"}],"curies":[{"name":"wp","href":"https:\/\/api.w.org\/{rel}","templated":true}]}}