{"id":5127,"date":"2018-03-17T10:03:02","date_gmt":"2018-03-17T09:03:02","guid":{"rendered":"http:\/\/bisbalpenedes.com\/web\/?p=5127"},"modified":"2018-03-20T11:04:09","modified_gmt":"2018-03-20T10:04:09","slug":"lajuntament-de-la-bisbal-del-penedes-inaugurara-el-proper-divendres-23-de-marc-la-cova-jove","status":"publish","type":"post","link":"https:\/\/bisbalpenedes.com\/web\/2018\/03\/17\/lajuntament-de-la-bisbal-del-penedes-inaugurara-el-proper-divendres-23-de-marc-la-cova-jove\/","title":{"rendered":"L\u2019Ajuntament de la Bisbal del Pened\u00e8s inaugurar\u00e0 el proper divendres 23 de mar\u00e7 \u2018La Cova Jove\u2019"},"content":{"rendered":"<p><a href=\"http:\/\/bisbalpenedes.com\/web\/wp-content\/uploads\/2018\/03\/covajove.jpg\"><img loading=\"lazy\" class=\"aligncenter size-medium wp-image-5129\" src=\"http:\/\/bisbalpenedes.com\/web\/wp-content\/uploads\/2018\/03\/covajove-212x300.jpg\" alt=\"covajove\" width=\"212\" height=\"300\" srcset=\"https:\/\/bisbalpenedes.com\/web\/wp-content\/uploads\/2018\/03\/covajove-212x300.jpg 212w, https:\/\/bisbalpenedes.com\/web\/wp-content\/uploads\/2018\/03\/covajove-600x849.jpg 600w, https:\/\/bisbalpenedes.com\/web\/wp-content\/uploads\/2018\/03\/covajove-768x1087.jpg 768w, https:\/\/bisbalpenedes.com\/web\/wp-content\/uploads\/2018\/03\/covajove-724x1024.jpg 724w, https:\/\/bisbalpenedes.com\/web\/wp-content\/uploads\/2018\/03\/covajove.jpg 1169w\" sizes=\"(max-width: 212px) 100vw, 212px\" \/><\/a><\/p>\n<p style=\"text-align: justify;\"><span style=\"color: #000000;\"><strong>CATAL\u00c0<\/strong> | El dia 23 de mar\u00e7 s\u2019inaugura \u2018La Cova Jove\u2019 i est\u00e0 previst que, a partir de les 16h, els joves puguin participar en les activitats que s\u2019hi oferiran durant tota la tarda: Torneig de Fifa18 (EA Sports PS4), Torneig de Clash Royale, taller de maquillatge i jocs de taula. A m\u00e9s, durant tota la tarda es projectaran curtmetratges i hi haur\u00e0 instal\u00b7lades les carpes informatives de Jove Baix Pened\u00e8s. Les inscripcions s\u00f3n limitades. Les podeu fer enviant un missatge a l\u2019Instagram de <a href=\"https:\/\/www.instagram.com\/lacovajovebisbal\/\">@LaCovaJoveBisbal<\/a>, un perfil on tamb\u00e9 s\u2019anir\u00e0 publicant la informaci\u00f3 sobre aquest nou espai i tot all\u00f2 que s\u2019hi faci.<\/span><\/p>\n<p><a href=\"http:\/\/bisbalpenedes.com\/web\/wp-content\/uploads\/2018\/03\/IMG_7098.jpg\"><img loading=\"lazy\" class=\"size-medium wp-image-5144 alignleft\" src=\"http:\/\/bisbalpenedes.com\/web\/wp-content\/uploads\/2018\/03\/IMG_7098-169x300.jpg\" alt=\"jocs local jove\" width=\"169\" height=\"300\" srcset=\"https:\/\/bisbalpenedes.com\/web\/wp-content\/uploads\/2018\/03\/IMG_7098-169x300.jpg 169w, https:\/\/bisbalpenedes.com\/web\/wp-content\/uploads\/2018\/03\/IMG_7098-600x1067.jpg 600w, https:\/\/bisbalpenedes.com\/web\/wp-content\/uploads\/2018\/03\/IMG_7098-768x1366.jpg 768w, https:\/\/bisbalpenedes.com\/web\/wp-content\/uploads\/2018\/03\/IMG_7098-576x1024.jpg 576w, https:\/\/bisbalpenedes.com\/web\/wp-content\/uploads\/2018\/03\/IMG_7098-scaled.jpg 1439w\" sizes=\"(max-width: 169px) 100vw, 169px\" \/><\/a><a href=\"http:\/\/bisbalpenedes.com\/web\/wp-content\/uploads\/2018\/03\/IMG_7086.jpg\"><img loading=\"lazy\" class=\"size-medium wp-image-5145 alignleft\" src=\"http:\/\/bisbalpenedes.com\/web\/wp-content\/uploads\/2018\/03\/IMG_7086-169x300.jpg\" alt=\"magic local jove\" width=\"169\" height=\"300\" srcset=\"https:\/\/bisbalpenedes.com\/web\/wp-content\/uploads\/2018\/03\/IMG_7086-169x300.jpg 169w, https:\/\/bisbalpenedes.com\/web\/wp-content\/uploads\/2018\/03\/IMG_7086-600x1067.jpg 600w, https:\/\/bisbalpenedes.com\/web\/wp-content\/uploads\/2018\/03\/IMG_7086-768x1366.jpg 768w, https:\/\/bisbalpenedes.com\/web\/wp-content\/uploads\/2018\/03\/IMG_7086-576x1024.jpg 576w, https:\/\/bisbalpenedes.com\/web\/wp-content\/uploads\/2018\/03\/IMG_7086-scaled.jpg 1439w\" sizes=\"(max-width: 169px) 100vw, 169px\" \/><\/a><\/p>\n<p style=\"text-align: justify;\"><span style=\"color: #000000;\">La inauguraci\u00f3 institucional de \u2018La Cova Jove\u2019 tindr\u00e0 lloc les 20h del vespre i, en acabar, es sortejaran quatre entrades de cinema.<\/span><\/p>\n<p style=\"text-align: justify;\"><span style=\"color: #000000;\">\u2018La Cova Jove\u2019 \u00e9s un projecte de la Regidoria de Joventut de l\u2019Ajuntament de la Bisbal del Pened\u00e8s. Es tracta d\u2019un espai obert on el jovent podr\u00e0 gaudir de diverses activitats d\u2019oci i tallers. A m\u00e9s, s\u2019hi podr\u00e0 trobar informaci\u00f3 sobre orientaci\u00f3 acad\u00e8mica, emancipaci\u00f3 o lleure, entre altres.<\/span><\/p>\n<p style=\"text-align: justify;\"><span style=\"color: #000000;\">El local, que estar\u00e0 ubicat al CMC, pret\u00e9n convertir-se en un lloc de refer\u00e8ncia per als joves de 12 a 35 anys de la vila i la seva creaci\u00f3 forma part dels objectius que es va marcar l\u2019equip de govern dins del Pla Local de Joventut 2016\/2019, aprovat per Ple Ordinari el 3 d\u2019agost de 2016. Aquest Pla, que es va poder elaborar gr\u00e0cies al conveni amb Jove Baix Pened\u00e8s del Consell Comarcal del Baix Pened\u00e8s, \u00e9s una eina que permet tirar endavant projectes per als joves i demanar subvencions per a poder-los fer realitat. En aquest sentit, l\u2019Ajuntament de la Bisbal del Pened\u00e8s, a trav\u00e9s de la Regidoria d\u2019Ocupaci\u00f3 i mitjan\u00e7ant el Programa de Garantia Juvenil de Catalunya, va contractar la Gemma Mateo, una graduada en Treball Social que, durant els darrers mesos ha estat creant el nou espai \u2018La Cova Jove\u2019 juntament amb la Regidora de Joventut, Leo Uceda.<\/span><\/p>\n<p style=\"text-align: justify;\"><span style=\"color: #000000;\"><strong>CASTELLANO <\/strong>| El d\u00eda 23 de marzo se inaugurar\u00e1 \u2018La Cova Jove\u2019 y est\u00e1 previsto que, a partir de las 16h, los j\u00f3venes puedan participar en las actividades que se ofrecer\u00e1n durante toda la tarde: Torneo de Fifa18 (EA Sports PS4), Torneo de Clash Royale, taller de maquillaje y juegos de mesa. Adem\u00e1s, durante toda la tarde se proyectar\u00e1n cortometrajes y estar\u00e1n instaladas las carpas informativas de Jove Baix Pened\u00e8s. Las inscripciones son limitadas. Las pod\u00e9is hacer mandando un mensaje a <a href=\"https:\/\/www.instagram.com\/lacovajovebisbal\/\">@LaCovaJoveBisbal<\/a> a trav\u00e9s de Instagram, un perfil donde tambi\u00e9n se ir\u00e1 publicando la informaci\u00f3n sobre este nuevo espacio y todo aquello que se haga en \u00e9l.<\/span><\/p>\n<p style=\"text-align: justify;\"><span style=\"color: #000000;\">La inauguraci\u00f3n institucional de \u2018La Cova Jove\u2019 se har\u00e1 a las 20h y, en finalizar, se sortear\u00e1n cuatro entradas para el cine.<\/span><\/p>\n<p style=\"text-align: justify;\"><span style=\"color: #000000;\">\u2018La Cova Jove\u2019 es un proyecto de la Concejal\u00eda de Juventud del Ayuntamiento de la Bisbal del Pened\u00e8s. Se trata de un espacio abierto donde la juventud podr\u00e1 disfrutar de diferentes actividades de ocio y talleres. Adem\u00e1s, se podr\u00e1 encontrar informaci\u00f3n sobre orientaci\u00f3n acad\u00e9mica, emancipaci\u00f3n u ocio, entre otros temas. El local, que estar\u00e1 ubicado en el CMC, pretende convertirse en un lugar de referencia para los j\u00f3venes de 12 a 35 a\u00f1os del pueblo y su creaci\u00f3n forma parte de los objetivos que se marc\u00f3 el equipo de gobierno dentro del Pla Local de Joventut 2016\/2019, aprobado por Pleno Ordinario el 3 de agosto del 2016. Este Plan, que se pudo elaborar gracias al convenio con Jove Baix Pened\u00e8s del Consell Comarcal del Baix Pened\u00e8s, es una herramienta que permite llevar a cabo proyectos para los j\u00f3venes y pedir subvenciones para poderlos hacer realidad.<\/span><\/p>\n<p style=\"text-align: justify;\"><span style=\"color: #000000;\">En ese sentido, el Ayuntamiento de la Bisbal del Pened\u00e8s, a trav\u00e9s de la Regidoria d\u2019Ocupaci\u00f3 y mediante el Programa de Garant\u00eda Juvenil de Catalunya, contrat\u00f3 a Gemma Mateo, una joven graduada en Trabajo Social que, durante los \u00faltimos meses ha estado creando el nuevo espacio \u2018La Cova Jove\u2019 junto con la Concejala de Joventut, Leo Uceda.<\/span><\/p>\n<p>&nbsp;<\/p>\n<p>&nbsp;<\/p>\n","protected":false},"excerpt":{"rendered":"<p>CATAL\u00c0 | El dia 23 de mar\u00e7 s\u2019inaugura \u2018La Cova Jove\u2019 i est\u00e0 previst que, a partir de les 16h, els joves puguin participar en les activitats que s\u2019hi oferiran &hellip; <a href=\"https:\/\/bisbalpenedes.com\/web\/2018\/03\/17\/lajuntament-de-la-bisbal-del-penedes-inaugurara-el-proper-divendres-23-de-marc-la-cova-jove\/\" class=\"more-link\">Read More<\/a><\/p>\n","protected":false},"author":4,"featured_media":5129,"comment_status":"closed","ping_status":"closed","sticky":false,"template":"","format":"standard","meta":[],"categories":[1486],"tags":[230,1481,1485,1482,1484,1480,1071,1069,1483],"_links":{"self":[{"href":"https:\/\/bisbalpenedes.com\/web\/wp-json\/wp\/v2\/posts\/5127"}],"collection":[{"href":"https:\/\/bisbalpenedes.com\/web\/wp-json\/wp\/v2\/posts"}],"about":[{"href":"https:\/\/bisbalpenedes.com\/web\/wp-json\/wp\/v2\/types\/post"}],"author":[{"embeddable":true,"href":"https:\/\/bisbalpenedes.com\/web\/wp-json\/wp\/v2\/users\/4"}],"replies":[{"embeddable":true,"href":"https:\/\/bisbalpenedes.com\/web\/wp-json\/wp\/v2\/comments?post=5127"}],"version-history":[{"count":6,"href":"https:\/\/bisbalpenedes.com\/web\/wp-json\/wp\/v2\/posts\/5127\/revisions"}],"predecessor-version":[{"id":5146,"href":"https:\/\/bisbalpenedes.com\/web\/wp-json\/wp\/v2\/posts\/5127\/revisions\/5146"}],"wp:featuredmedia":[{"embeddable":true,"href":"https:\/\/bisbalpenedes.com\/web\/wp-json\/wp\/v2\/media\/5129"}],"wp:attachment":[{"href":"https:\/\/bisbalpenedes.com\/web\/wp-json\/wp\/v2\/media?parent=5127"}],"wp:term":[{"taxonomy":"category","embeddable":true,"href":"https:\/\/bisbalpenedes.com\/web\/wp-json\/wp\/v2\/categories?post=5127"},{"taxonomy":"post_tag","embeddable":true,"href":"https:\/\/bisbalpenedes.com\/web\/wp-json\/wp\/v2\/tags?post=5127"}],"curies":[{"name":"wp","href":"https:\/\/api.w.org\/{rel}","templated":true}]}}