{"id":5117,"date":"2018-03-16T19:33:49","date_gmt":"2018-03-16T18:33:49","guid":{"rendered":"http:\/\/bisbalpenedes.com\/web\/?p=5117"},"modified":"2018-03-16T20:08:52","modified_gmt":"2018-03-16T19:08:52","slug":"lajuntament-de-la-bisbal-del-penedes-ha-inaugurat-aquest-divendres-16-de-marc-laparcament-dautocars","status":"publish","type":"post","link":"https:\/\/bisbalpenedes.com\/web\/2018\/03\/16\/lajuntament-de-la-bisbal-del-penedes-ha-inaugurat-aquest-divendres-16-de-marc-laparcament-dautocars\/","title":{"rendered":"L\u2019Ajuntament de la Bisbal del Pened\u00e8s ha inaugurat aquest divendres 16 de mar\u00e7 l\u2019aparcament d\u2019autocars"},"content":{"rendered":"<p><strong>\u00a0<\/strong><\/p>\n<p><a href=\"http:\/\/bisbalpenedes.com\/web\/wp-content\/uploads\/2018\/03\/IMG_3038.jpg\"><img loading=\"lazy\" class=\"aligncenter size-large wp-image-5118\" src=\"http:\/\/bisbalpenedes.com\/web\/wp-content\/uploads\/2018\/03\/IMG_3038-1024x683.jpg\" alt=\"PARKING AUTOBUSOS\" width=\"630\" height=\"420\" srcset=\"https:\/\/bisbalpenedes.com\/web\/wp-content\/uploads\/2018\/03\/IMG_3038-1024x683.jpg 1024w, https:\/\/bisbalpenedes.com\/web\/wp-content\/uploads\/2018\/03\/IMG_3038-600x400.jpg 600w, https:\/\/bisbalpenedes.com\/web\/wp-content\/uploads\/2018\/03\/IMG_3038-300x200.jpg 300w, https:\/\/bisbalpenedes.com\/web\/wp-content\/uploads\/2018\/03\/IMG_3038-768x512.jpg 768w\" sizes=\"(max-width: 630px) 100vw, 630px\" \/><\/a><\/p>\n<p><span style=\"color: #000000;\"><strong>La Regidora d\u2019Educaci\u00f3 ha explicat que el projecte era molt necessari per ordenar el tr\u00e0nsit i garantir la seguretat vi\u00e0ria<\/strong><\/span><\/p>\n<p><span style=\"color: #000000;\"><strong>CATAL\u00c0<\/strong> |L\u2019Ajuntament de la Bisbal del Pened\u00e8s ha inaugurat aquest divendres 16 de mar\u00e7 el p\u00e0rquing d\u2019autocars del cam\u00ed del Gosch, a la vora de l\u2019Institut Coster de la Torre. Es tracta d\u2019un projecte de la Regidoria d\u2019Educaci\u00f3 que, segons ha explicat la regidora d\u2019aquesta \u00e0rea, Maguy Antol\u00edn, venia motivat per diversos objectius, entre ells \u201cgarantir la seguretat vi\u00e0ria, agilitzar el tr\u00e0nsit, ja que era ca\u00f2tic en hores punta, i reestructurar les places d\u2019aparcament per a vehicles i motos\u201d.<\/span><\/p>\n<p><span style=\"color: #000000;\">L\u2019obra, segons la Regidora, ha tingut un cost de prop de 200.000 euros tot i que \u201cla xifra exacta la tindrem un cop s\u2019hagin acabat de fer un parell de detalls que queden pendents, com ara posar la gespa, i l\u2019obra es recepcioni de forma definitiva\u201d, unes accions que segons ha comentat la regidora, s\u00f3n imminents. L\u2019obra ha incl\u00f2s, entre altres, el condicionament del terreny, l\u2019asfaltat, la tanca i la pintura amb la qual tamb\u00e9 s\u2019han ubicat dues places perqu\u00e8 s\u2019aturin els dos minubusos que fan servei a la zona, la pla\u00e7a del bus urb\u00e0 i el pas de vianants. A m\u00e9s, s\u2019hi han instal\u00b7lat diferents elements de mobiliari urb\u00e0, com ara papereres, bancs i fanals.<\/span><\/p>\n<p><span style=\"color: #000000;\">Durant el seu parlament la Regidora d\u2019Educaci\u00f3 ha demanat civisme per part de tots perqu\u00e8 els cotxes no s\u2019aturin enmig del carrer i tot quedi ben organitzat, ara que hi ha el p\u00e0rquing d\u2019autobusos. Tot i aix\u00f2, la Regidora d\u2019Educaci\u00f3 confia que l\u2019empresa que fa el servei del transport escolar vetllar\u00e0 per la seguretat dels alumnes i perqu\u00e8 aquests pugin i baixin de l\u2019autocar respectant les normes de circulaci\u00f3.<\/span><\/p>\n<p><span style=\"color: #000000;\">La presidenta del Consell Comarcal del Baix Pened\u00e8s, Eva Maria Serrami\u00e0, ha afirmat durant la seva intervenci\u00f3 que \u201c\u00e9s un dia feli\u00e7 per la Bisbal per\u00f2 tamb\u00e9 per una part de la comarca. Ens agrada que els nostres pobles i ciutats vagin avan\u00e7ant en equipaments, en aquest cas un equipament educatiu important perqu\u00e8 acull m\u00e9s de 650 alumnes, no nom\u00e9s de la Bisbal, tamb\u00e9 de diferents punts de la comarca\u201d.<\/span><\/p>\n<p><span style=\"color: #000000;\">Per la seva banda, l\u2019alcaldessa de la Bisbal, Agn\u00e8s Ferr\u00e9, ha recordat que fa 14 anys l\u2019Ajuntament de la Bisbal va cedir el terreny on avui hi ha l\u2019Institut i ara en fa 12 que va comen\u00e7ar a funcionar amb 1r d\u2019ESO. Ferr\u00e9 ha explicat que l\u2019Institut Coster de la Torre acull els alumnes de La Bisbal, Albinyana, el Montmell, Lloren\u00e7 del Pened\u00e8s, Sant Jaume i el Pla de Manlleu, amb la qual cosa es tracta d\u2019un institut molt gran i \u201cper aix\u00f2 era tan necessari aquest equipament amb la finalitat de vetllar per la seguretat, ordenar el tr\u00e0nsit i desembussar la zona\u201d.<\/span><\/p>\n<p><span style=\"color: #000000;\">L\u2019aparcament, ubicat al costat de l\u2019Institut Coster de la Torre, no nom\u00e9s solucionar\u00e0 els actuals embussos en les hores d\u2019entrada i sortida dels alumnes a l\u2019institut, tamb\u00e9 facilitar\u00e0 el tr\u00e0nsit i l\u2019aparcament d\u2019autobusos en dies de molta aflu\u00e8ncia de gent al municipi, com per exemple, durant la diada castellera del 15 d\u2019agost.<\/span><\/p>\n<p><span style=\"color: #000000;\"><strong>\u00a0<a style=\"color: #000000;\" href=\"http:\/\/bisbalpenedes.com\/web\/wp-content\/uploads\/2018\/03\/INAUGURACIo-AUTOBUSOS-1.jpg\"><img loading=\"lazy\" class=\"aligncenter size-large wp-image-5119\" src=\"http:\/\/bisbalpenedes.com\/web\/wp-content\/uploads\/2018\/03\/INAUGURACIo-AUTOBUSOS-1-1024x683.jpg\" alt=\"INAUGURACIo AUTOBUSOS 1\" width=\"630\" height=\"420\" srcset=\"https:\/\/bisbalpenedes.com\/web\/wp-content\/uploads\/2018\/03\/INAUGURACIo-AUTOBUSOS-1-1024x683.jpg 1024w, https:\/\/bisbalpenedes.com\/web\/wp-content\/uploads\/2018\/03\/INAUGURACIo-AUTOBUSOS-1-600x400.jpg 600w, https:\/\/bisbalpenedes.com\/web\/wp-content\/uploads\/2018\/03\/INAUGURACIo-AUTOBUSOS-1-300x200.jpg 300w, https:\/\/bisbalpenedes.com\/web\/wp-content\/uploads\/2018\/03\/INAUGURACIo-AUTOBUSOS-1-768x512.jpg 768w\" sizes=\"(max-width: 630px) 100vw, 630px\" \/><\/a><\/strong><\/span><\/p>\n<p><span style=\"color: #000000;\"><strong>CASTELLANO<\/strong> | El Ayuntamiento de la Bisbal del Pened\u00e8s ha inaugurado este viernes 16 de marzo el parking de autobuses del cam\u00ed del Gosch, al lado del Instituto Coster de la Torre. Se trata de un proyecto de la Regidoria d\u2019Educaci\u00f3 que, seg\u00fan ha explicado la concejala de esta \u00e1rea, Maguy Antol\u00edn, ven\u00eda motivado por varios objetivos, entre ellos \u201cgarantizar la seguridad vial, agilizar el tr\u00e1fico, ya que era ca\u00f3tico en horas punta, y reestructurar las plazas de aparcamiento para veh\u00edculos y motos\u201d.<\/span><\/p>\n<p><span style=\"color: #000000;\">La obra, seg\u00fan la Regidora de Educaci\u00f3n ha tenido un coste de cerca de 200.000 euros, aunque \u201cla cifra exacta la tendremos una vez se hayan terminado un par de detalles que quedan pendientes, como por ejemplo poner el c\u00e9sped, y la obra se recepcione de forma definitiva\u201d, unas acciones que seg\u00fan ha comentado la concejala, son inminentes. La obra ha incluido, entre otras acciones, acondicionar el terreno, asfaltar, poner la valla y la pintura con la cual tambi\u00e9n se han creado las plazas para que se paren los <em>minib\u00fas <\/em>que hacen servicio en la zona, la plaza de autob\u00fas urbano y el paso de peatones. Adem\u00e1s, se han instalado diferentes elementos de mobiliario urbano, como papeleras, bancos y farolas.<\/span><\/p>\n<p><span style=\"color: #000000;\">Durante su discurso la Concejala de Educaci\u00f3n ha pedido civismo por parte de todos para que los coches no se paren en medio de la calle y que todo quede bien organizado, ahora que ya est\u00e1 listo el parking de autobuses. Aun as\u00ed, la Concejala conf\u00eda en que la empresa que hace el servicio del transporte escolar velar\u00e1 por la seguridad de los alumnos y para que estos suban y bajen del autob\u00fas respetando las normas de circulaci\u00f3n.<\/span><\/p>\n<p><span style=\"color: #000000;\">La presidenta del Consell Comarcal del Baix Pened\u00e8s, Eva Maria Serrami\u00e0, ha afirmado durante su intervenci\u00f3n que \u201ces un d\u00eda feliz para la Bisbal pero tambi\u00e9n para una parte de la comarca. Nos gusta que nuestros pueblos y ciudades vayan avanzando en equipamientos, en este caso un equipamiento educativo importante porque acoge a m\u00e1s de 650 alumnos, no solo de la Bisbal, tambi\u00e9n de varios puntos de la comarca\u201d.<\/span><\/p>\n<p><span style=\"color: #000000;\">La alcaldesa de la Bisbal, Agn\u00e8s Ferr\u00e9, ha recordado que hace 14 a\u00f1os el Ayuntamiento de la Bisbal cedi\u00f3 el terreno d\u00f3nde hoy hay el instituto y ahora hace 12 que este empez\u00f3 a funcionar con 1\u00ba de ESO. Ferr\u00e9 ha explicado que el Institut Coster de la Torre acoge los alumnos de la Bisbal, Albinyana, el Montmell, Lloren\u00e7 del Pened\u00e8s, Sant Jaume dels Domenys y el Pla de Manlleu, con la cual cosa se trata de un instituto muy grande y \u201cpor eso era tan necesario este equipamiento con la finalidad de velar por la seguridad, ordenar el tr\u00e1fico y desatascar la zona\u201d.<\/span><\/p>\n<p><span style=\"color: #000000;\">El aparcamiento, ubicado al lado del Instituto Coster de la Torre, no solo solucionar\u00e1 los actuales atascos en las horas de entrada y salida de los alumnos al instituto, tambi\u00e9n facilitar\u00e1 el tr\u00e1fico y el aparcamiento de autobuses en d\u00edas de mucha afluencia de gente en el municipio, como por ejemplo, durante la diada castellera del 15 de agosto.<\/span><\/p>\n","protected":false},"excerpt":{"rendered":"<p>\u00a0 La Regidora d\u2019Educaci\u00f3 ha explicat que el projecte era molt necessari per ordenar el tr\u00e0nsit i garantir la seguretat vi\u00e0ria CATAL\u00c0 |L\u2019Ajuntament de la Bisbal del Pened\u00e8s ha inaugurat &hellip; <a href=\"https:\/\/bisbalpenedes.com\/web\/2018\/03\/16\/lajuntament-de-la-bisbal-del-penedes-ha-inaugurat-aquest-divendres-16-de-marc-laparcament-dautocars\/\" class=\"more-link\">Read More<\/a><\/p>\n","protected":false},"author":4,"featured_media":5119,"comment_status":"closed","ping_status":"closed","sticky":false,"template":"","format":"standard","meta":[],"categories":[16],"tags":[330,331,274,410,1475,1269,466],"_links":{"self":[{"href":"https:\/\/bisbalpenedes.com\/web\/wp-json\/wp\/v2\/posts\/5117"}],"collection":[{"href":"https:\/\/bisbalpenedes.com\/web\/wp-json\/wp\/v2\/posts"}],"about":[{"href":"https:\/\/bisbalpenedes.com\/web\/wp-json\/wp\/v2\/types\/post"}],"author":[{"embeddable":true,"href":"https:\/\/bisbalpenedes.com\/web\/wp-json\/wp\/v2\/users\/4"}],"replies":[{"embeddable":true,"href":"https:\/\/bisbalpenedes.com\/web\/wp-json\/wp\/v2\/comments?post=5117"}],"version-history":[{"count":3,"href":"https:\/\/bisbalpenedes.com\/web\/wp-json\/wp\/v2\/posts\/5117\/revisions"}],"predecessor-version":[{"id":5126,"href":"https:\/\/bisbalpenedes.com\/web\/wp-json\/wp\/v2\/posts\/5117\/revisions\/5126"}],"wp:featuredmedia":[{"embeddable":true,"href":"https:\/\/bisbalpenedes.com\/web\/wp-json\/wp\/v2\/media\/5119"}],"wp:attachment":[{"href":"https:\/\/bisbalpenedes.com\/web\/wp-json\/wp\/v2\/media?parent=5117"}],"wp:term":[{"taxonomy":"category","embeddable":true,"href":"https:\/\/bisbalpenedes.com\/web\/wp-json\/wp\/v2\/categories?post=5117"},{"taxonomy":"post_tag","embeddable":true,"href":"https:\/\/bisbalpenedes.com\/web\/wp-json\/wp\/v2\/tags?post=5117"}],"curies":[{"name":"wp","href":"https:\/\/api.w.org\/{rel}","templated":true}]}}