{"id":5105,"date":"2018-03-15T17:46:23","date_gmt":"2018-03-15T16:46:23","guid":{"rendered":"http:\/\/bisbalpenedes.com\/web\/?p=5105"},"modified":"2018-03-15T17:54:57","modified_gmt":"2018-03-15T16:54:57","slug":"el-25-de-marc-podeu-veure-la-pel-licula-la-pell-freda-al-cmc-en-el-marc-del-cicle-gaudi","status":"publish","type":"post","link":"https:\/\/bisbalpenedes.com\/web\/2018\/03\/15\/el-25-de-marc-podeu-veure-la-pel-licula-la-pell-freda-al-cmc-en-el-marc-del-cicle-gaudi\/","title":{"rendered":"El 25 de mar\u00e7 podreu veure la pel.l\u00edcula &#8216;La pell freda&#8217; al CMC en el marc del Cicle Gaud\u00ed"},"content":{"rendered":"<p><a href=\"http:\/\/bisbalpenedes.com\/web\/wp-content\/uploads\/2018\/03\/VISUAL_A3_PELL_FREDA_LA_BISBAL_PENEDES.jpg\"><img loading=\"lazy\" class=\"aligncenter size-medium wp-image-5106\" src=\"http:\/\/bisbalpenedes.com\/web\/wp-content\/uploads\/2018\/03\/VISUAL_A3_PELL_FREDA_LA_BISBAL_PENEDES-213x300.jpg\" alt=\"VISUAL_A3_PELL_FREDA_LA_BISBAL_PENEDES\" width=\"213\" height=\"300\" srcset=\"https:\/\/bisbalpenedes.com\/web\/wp-content\/uploads\/2018\/03\/VISUAL_A3_PELL_FREDA_LA_BISBAL_PENEDES-213x300.jpg 213w, https:\/\/bisbalpenedes.com\/web\/wp-content\/uploads\/2018\/03\/VISUAL_A3_PELL_FREDA_LA_BISBAL_PENEDES-600x843.jpg 600w, https:\/\/bisbalpenedes.com\/web\/wp-content\/uploads\/2018\/03\/VISUAL_A3_PELL_FREDA_LA_BISBAL_PENEDES-768x1080.jpg 768w, https:\/\/bisbalpenedes.com\/web\/wp-content\/uploads\/2018\/03\/VISUAL_A3_PELL_FREDA_LA_BISBAL_PENEDES-728x1024.jpg 728w, https:\/\/bisbalpenedes.com\/web\/wp-content\/uploads\/2018\/03\/VISUAL_A3_PELL_FREDA_LA_BISBAL_PENEDES.jpg 1146w\" sizes=\"(max-width: 213px) 100vw, 213px\" \/><\/a><\/p>\n<p><span style=\"color: #000000;\"><strong>CATAL\u00c0<\/strong> | El diumenge 25 de mar\u00e7\u00a0a les 18h, podeu veure\u00a0\u201cLa pell freda\u201d,\u00a0dirigida per Xavier Gens, a l\u2019Auditori Salb\u00e0 del CMC.\u00a0<\/span><\/p>\n<div class=\"wpb_text_column wpb_content_element \">\n<div class=\"wpb_wrapper\">\n<div class=\"wpb_text_column wpb_content_element \">\n<div class=\"wpb_wrapper\">\n<div class=\"wpb_text_column wpb_content_element \">\n<div class=\"wpb_wrapper\">\n<h4><span style=\"color: #000000;\">FITXA\u00a0T\u00c8CNICA<\/span><\/h4>\n<\/div>\n<\/div>\n<div class=\"wpb_text_column wpb_content_element \">\n<div class=\"wpb_wrapper\">\n<p><span style=\"color: #000000;\"><i class=\"qode_icon_font_awesome fa fa-chevron-right qode_icon_element\"><\/i>\u00a0Direcci\u00f3:\u00a0<strong>Xavier Gens<\/strong><\/span><\/p>\n<p><span style=\"color: #000000;\"><i class=\"qode_icon_font_awesome fa fa-chevron-right qode_icon_element\"><\/i>\u00a0Gui\u00f3:\u00a0<strong>ron Sheean, Jes\u00fas Olmo\u00a0<em>(basat en la novel.la d\u2019Albert S\u00e1nchez Pi\u00f1ol)<\/em><\/strong><\/span><\/p>\n<p><span style=\"color: #000000;\"><i class=\"qode_icon_font_awesome fa fa-chevron-right qode_icon_element\"><\/i>\u00a0M\u00fasica:\u00a0<strong>Victor Reyes<\/strong><\/span><\/p>\n<p><span style=\"color: #000000;\"><i class=\"qode_icon_font_awesome fa fa-chevron-right qode_icon_element\"><\/i>\u00a0Estrena:\u00a0<strong>Octubre de 2017<\/strong><\/span><\/p>\n<p><span style=\"color: #000000;\"><i class=\"qode_icon_font_awesome fa fa-chevron-right qode_icon_element\"><\/i>\u00a0Durada:\u00a0<strong>100\u00a0min.<\/strong><\/span><\/p>\n<p><span style=\"color: #000000;\"><i class=\"qode_icon_font_awesome fa fa-chevron-right qode_icon_element\"><\/i>\u00a0G\u00e8nere:\u00a0<strong>Cinema fant\u00e0stic<\/strong><\/span><\/p>\n<p><span style=\"color: #000000;\"><i class=\"qode_icon_font_awesome fa fa-chevron-right qode_icon_element\"><\/i>\u00a0Versi\u00f3:\u00a0<strong>Original angl\u00e8s amb subt\u00edtols en catal\u00e0 \/ Versi\u00f3 doblada al catal\u00e0\u00a0<\/strong><em>(consulteu sales)<\/em><\/span><\/p>\n<p><span style=\"color: #000000;\"><i class=\"qode_icon_font_awesome fa fa-chevron-right qode_icon_element\"><\/i>\u00a0Int\u00e8rprets:<\/span><\/p>\n<p><span style=\"color: #000000;\"><strong>David Oakes, Ray Stevenson, Aura Garrido<\/strong><\/span><\/p>\n<\/div>\n<\/div>\n<\/div>\n<\/div>\n<div class=\"wpb_text_column wpb_content_element \">\n<div class=\"wpb_wrapper\">\n<h4><span style=\"color: #000000;\">SINOPSI<\/span><\/h4>\n<\/div>\n<\/div>\n<div class=\"wpb_text_column wpb_content_element \">\n<div class=\"wpb_wrapper\">\n<p><span style=\"color: #000000;\"><strong>Adaptaci\u00f3 de la novel\u00b7la d\u2019Albert S\u00e1nchez Pi\u00f1ol.<\/strong><\/span><\/p>\n<p><span style=\"color: #000000;\">En una illa perduda al mig de l\u2019oce\u00e0, dos homes es defensen, nit rere nit, resguardats en un far, del setge d\u2019unes estranyes criatures marines. Sotmesos a la m\u00e0xima tensi\u00f3, sense entendre les raons de l\u2019atac, hauran de replantejar-se com enfrontar-se a all\u00f2 desconegut.<\/span><\/p>\n<\/div>\n<\/div>\n<\/div>\n<\/div>\n<div class=\"wpb_text_column wpb_content_element \">\n<p><span style=\"color: #000000;\"><strong>Tr\u00e0iler:<\/strong><\/span><\/p>\n<p><iframe loading=\"lazy\" src=\"https:\/\/www.youtube.com\/embed\/xBmSi1rhLJ0\" width=\"560\" height=\"315\" frameborder=\"0\" allowfullscreen=\"allowfullscreen\"><\/iframe><\/p>\n<p><span style=\"color: #000000;\">El preu general de l\u2019entrada ser\u00e0 de 4,5\u20ac i un preu redu\u00eft de 3\u20ac presentant el carnet de la Biblioteca Municipal de La Bisbal.<\/span><\/p>\n<p><span style=\"color: #000000;\">Quant a la recaptaci\u00f3, aquesta es destinar\u00e0 a l\u2019entitat del poble que s\u2019encarregui de gestionar la taquilla en cadascuna de les projeccions, en aquest cas\u00a0el Ball de Gitanes de la Bisbal.<\/span><\/p>\n<p><span style=\"color: #000000;\">Per a m\u00e9s informaci\u00f3 podeu anar a l&#8217;enlla\u00e7:\u00a0<a style=\"color: #000000;\" href=\"http:\/\/ciclegaudi.cat\/cartellera\/la-pell-freda\/\">http:\/\/ciclegaudi.cat\/cartellera\/la-pell-freda\/<\/a><\/span><\/p>\n<\/div>\n<p>&nbsp;<\/p>\n<p><span style=\"color: #000000;\"><strong>CASTELLANO |<\/strong> El domingo 25 de marzo a las 18h podr\u00e9is ver &#8220;La pell freda&#8221;, dirigda por Xavier Gens, en el Auditorio Salb\u00e0 del CMC.<\/span><\/p>\n<div class=\"wpb_text_column wpb_content_element \">\n<div class=\"wpb_wrapper\">\n<div class=\"wpb_text_column wpb_content_element \">\n<div class=\"wpb_wrapper\">\n<div class=\"wpb_text_column wpb_content_element \">\n<div class=\"wpb_wrapper\">\n<h4><span style=\"color: #000000;\">FICHA T\u00c9CNICA<\/span><\/h4>\n<h4><span style=\"color: #000000;\">\u00a0Direcci\u00f3n:\u00a0<strong>Xavier Gens<\/strong><\/span><\/h4>\n<\/div>\n<\/div>\n<div class=\"wpb_text_column wpb_content_element \">\n<div class=\"wpb_wrapper\">\n<p><span style=\"color: #000000;\"><i class=\"qode_icon_font_awesome fa fa-chevron-right qode_icon_element\"><\/i>\u00a0Gui\u00f3n:\u00a0<strong>ron Sheean, Jes\u00fas Olmo\u00a0<em>(basat en la novel.la d\u2019Albert S\u00e1nchez Pi\u00f1ol)<\/em><\/strong><\/span><\/p>\n<p><span style=\"color: #000000;\"><i class=\"qode_icon_font_awesome fa fa-chevron-right qode_icon_element\"><\/i>\u00a0M\u00fasica:\u00a0<strong>Victor Reyes<\/strong><\/span><\/p>\n<p><span style=\"color: #000000;\"><i class=\"qode_icon_font_awesome fa fa-chevron-right qode_icon_element\"><\/i>\u00a0Estreno:\u00a0<strong>Octubre del 2017<\/strong><\/span><\/p>\n<p><span style=\"color: #000000;\"><i class=\"qode_icon_font_awesome fa fa-chevron-right qode_icon_element\"><\/i>\u00a0Duraci\u00f3n:\u00a0<strong>100\u00a0min.<\/strong><\/span><\/p>\n<p><span style=\"color: #000000;\"><i class=\"qode_icon_font_awesome fa fa-chevron-right qode_icon_element\"><\/i>\u00a0G\u00e9nero:\u00a0<strong>Cine fant\u00e1stico<\/strong><\/span><\/p>\n<p><span style=\"color: #000000;\"><i class=\"qode_icon_font_awesome fa fa-chevron-right qode_icon_element\"><\/i>\u00a0Versi\u00f3n: <strong>Original ingl\u00e9s con subt\u00edtulos en catal\u00e1n \/ Versi\u00f3n doblada en catal\u00e1n (consultad salas)<\/strong><\/span><\/p>\n<p><span style=\"color: #000000;\"><i class=\"qode_icon_font_awesome fa fa-chevron-right qode_icon_element\"><\/i>\u00a0Int\u00e9rpretes:<\/span><\/p>\n<p><span style=\"color: #000000;\"><strong>David Oakes, Ray Stevenson, Aura Garrido<\/strong><\/span><\/p>\n<\/div>\n<\/div>\n<\/div>\n<\/div>\n<div class=\"wpb_text_column wpb_content_element \">\n<div class=\"wpb_wrapper\">\n<h4><span style=\"color: #000000;\">SINOPSIS<\/span><\/h4>\n<\/div>\n<\/div>\n<div class=\"wpb_text_column wpb_content_element \">\n<div class=\"wpb_wrapper\">\n<p><span style=\"color: #000000;\"><strong>Adaptaci\u00f3n de la novela de Albert S\u00e1nchez Pi\u00f1ol\u00a0<\/strong><\/span><\/p>\n<p><span style=\"color: #000000;\">En una isla perdida en medio del oc\u00e9ano, dos hombres se defienden, noche tras noche, resguardados en un faro, del asedio de unas extra\u00f1as criaturas marinas. Sometidos a la m\u00e1xima tensi\u00f3n, sin entender las razones del ataque, deber\u00e1n replantearse c\u00f3mo enfrentarse a lo desconocido.<\/span><\/p>\n<\/div>\n<\/div>\n<\/div>\n<\/div>\n<div class=\"wpb_text_column wpb_content_element \">\n<p><span style=\"color: #000000;\"><strong>Trailer:<\/strong><\/span><br \/>\n<iframe loading=\"lazy\" src=\"https:\/\/www.youtube.com\/embed\/xBmSi1rhLJ0\" width=\"560\" height=\"315\" frameborder=\"0\" allowfullscreen=\"allowfullscreen\"><\/iframe><\/p>\n<p><span style=\"color: #000000;\">El precio general de la entrada ser\u00e1 de 4,5\u20ac y un precio reducido de 3\u20ac presentando el carn\u00e9 de la Biblioteca Municipal de la Bisbal.<\/span><\/p>\n<p><span style=\"color: #000000;\">La recaudaci\u00f3n se destinar\u00e1 a la entidad del pueblo que se encargue de gestionar la taquilla en cada una de las proyecciones, en este caso el beneficio ser\u00e1 para el Ball de Gitanes de la Bisbal.<\/span><\/p>\n<p><span style=\"color: #000000;\">Para m\u00e1s informaci\u00f3n pod\u00e9is ir al enlace:\u00a0<a style=\"color: #000000;\" href=\"http:\/\/ciclegaudi.cat\/cartellera\/la-pell-freda\/\">http:\/\/ciclegaudi.cat\/cartellera\/la-pell-freda\/<\/a><\/span><\/p>\n<\/div>\n","protected":false},"excerpt":{"rendered":"<p>CATAL\u00c0 | El diumenge 25 de mar\u00e7\u00a0a les 18h, podeu veure\u00a0\u201cLa pell freda\u201d,\u00a0dirigida per Xavier Gens, a l\u2019Auditori Salb\u00e0 del CMC.\u00a0 FITXA\u00a0T\u00c8CNICA \u00a0Direcci\u00f3:\u00a0Xavier Gens \u00a0Gui\u00f3:\u00a0ron Sheean, Jes\u00fas Olmo\u00a0(basat en la &hellip; <a href=\"https:\/\/bisbalpenedes.com\/web\/2018\/03\/15\/el-25-de-marc-podeu-veure-la-pel-licula-la-pell-freda-al-cmc-en-el-marc-del-cicle-gaudi\/\" class=\"more-link\">Read More<\/a><\/p>\n","protected":false},"author":4,"featured_media":0,"comment_status":"closed","ping_status":"closed","sticky":false,"template":"","format":"standard","meta":[],"categories":[13],"tags":[1473,308,813,307,761,226,1472,771],"_links":{"self":[{"href":"https:\/\/bisbalpenedes.com\/web\/wp-json\/wp\/v2\/posts\/5105"}],"collection":[{"href":"https:\/\/bisbalpenedes.com\/web\/wp-json\/wp\/v2\/posts"}],"about":[{"href":"https:\/\/bisbalpenedes.com\/web\/wp-json\/wp\/v2\/types\/post"}],"author":[{"embeddable":true,"href":"https:\/\/bisbalpenedes.com\/web\/wp-json\/wp\/v2\/users\/4"}],"replies":[{"embeddable":true,"href":"https:\/\/bisbalpenedes.com\/web\/wp-json\/wp\/v2\/comments?post=5105"}],"version-history":[{"count":6,"href":"https:\/\/bisbalpenedes.com\/web\/wp-json\/wp\/v2\/posts\/5105\/revisions"}],"predecessor-version":[{"id":5112,"href":"https:\/\/bisbalpenedes.com\/web\/wp-json\/wp\/v2\/posts\/5105\/revisions\/5112"}],"wp:attachment":[{"href":"https:\/\/bisbalpenedes.com\/web\/wp-json\/wp\/v2\/media?parent=5105"}],"wp:term":[{"taxonomy":"category","embeddable":true,"href":"https:\/\/bisbalpenedes.com\/web\/wp-json\/wp\/v2\/categories?post=5105"},{"taxonomy":"post_tag","embeddable":true,"href":"https:\/\/bisbalpenedes.com\/web\/wp-json\/wp\/v2\/tags?post=5105"}],"curies":[{"name":"wp","href":"https:\/\/api.w.org\/{rel}","templated":true}]}}