{"id":5090,"date":"2018-03-15T16:50:43","date_gmt":"2018-03-15T15:50:43","guid":{"rendered":"http:\/\/bisbalpenedes.com\/web\/?p=5090"},"modified":"2018-03-15T16:51:56","modified_gmt":"2018-03-15T15:51:56","slug":"el-dia-21-de-marc-celebrarem-el-dia-mundial-de-la-poesia","status":"publish","type":"post","link":"https:\/\/bisbalpenedes.com\/web\/2018\/03\/15\/el-dia-21-de-marc-celebrarem-el-dia-mundial-de-la-poesia\/","title":{"rendered":"El dia 21 de mar\u00e7 celebrarem el Dia Mundial de la Poesia"},"content":{"rendered":"<p><a href=\"http:\/\/bisbalpenedes.com\/web\/wp-content\/uploads\/2018\/03\/POSTER_DIA_POESIA_2018.jpg\"><img loading=\"lazy\" class=\"aligncenter size-large wp-image-5091\" src=\"http:\/\/bisbalpenedes.com\/web\/wp-content\/uploads\/2018\/03\/POSTER_DIA_POESIA_2018-751x1024.jpg\" alt=\"POSTER_DIA_POESIA_2018\" width=\"630\" height=\"859\" srcset=\"https:\/\/bisbalpenedes.com\/web\/wp-content\/uploads\/2018\/03\/POSTER_DIA_POESIA_2018-751x1024.jpg 751w, https:\/\/bisbalpenedes.com\/web\/wp-content\/uploads\/2018\/03\/POSTER_DIA_POESIA_2018-600x818.jpg 600w, https:\/\/bisbalpenedes.com\/web\/wp-content\/uploads\/2018\/03\/POSTER_DIA_POESIA_2018-220x300.jpg 220w, https:\/\/bisbalpenedes.com\/web\/wp-content\/uploads\/2018\/03\/POSTER_DIA_POESIA_2018-768x1047.jpg 768w, https:\/\/bisbalpenedes.com\/web\/wp-content\/uploads\/2018\/03\/POSTER_DIA_POESIA_2018.jpg 1700w\" sizes=\"(max-width: 630px) 100vw, 630px\" \/><\/a><\/p>\n<p>&nbsp;<\/p>\n<p><span style=\"color: #000000;\"><strong>CATAL\u00c0<\/strong> |El dia 21 de mar\u00e7 a les 19.45h celebrarem el Dia Mundial de la Poesia. Enguany el poema proposat \u00e9s &#8220;La poesia&#8221; de Marc Granell i es recitar\u00e0 en diversos idiomes.<\/span><\/p>\n<p><span style=\"color: #000000;\">L&#8217;acte comptar\u00e0 amb la participaci\u00f3 dels membres del Club de Lectura F\u00e0cil de la Bisbal per\u00f2 est\u00e0 obert a la participaci\u00f3 de tothom qui ho vulgui i no cal inscripci\u00f3 pr\u00e8via.<\/span><\/p>\n<p><span style=\"color: #000000;\">Us animem a recitar el poema en la vostra llengua en aquest acte que fa dos anys que s&#8217;organitza des de la Regidoria de Cultura i el Consorci Per a la Normalitzaci\u00f3 Ling\u00fc\u00edstica.<\/span><\/p>\n<p><span style=\"color: #000000;\">Trobareu m\u00e9s informaci\u00f3 sobre l&#8217;autor i podreu llegir el poema en diverses lleng\u00fces en aquest document:\u00a0<a style=\"color: #000000;\" href=\"http:\/\/bisbalpenedes.com\/web\/wp-content\/uploads\/2018\/03\/Fullet-DMP-2018.pdf\">Fullet DMP 2018<\/a><\/span><\/p>\n<p>&nbsp;<\/p>\n<p><span style=\"color: #000000;\"><strong>CASTELLANO<\/strong> | El d\u00eda 21 de marzo a las 19.45h celebraremos el D\u00eda Mundial de la Poes\u00eda. Este a\u00f1o el poema que se propone es &#8220;La poesia&#8221; de Marc Granell y ser recitar\u00e1 en varios idiomas.<\/span><\/p>\n<p><span style=\"color: #000000;\">El acto contar\u00e1 con la participaci\u00f3n de los miembros del Club de Lectura F\u00e0cil de la Bisbal pero est\u00e1 abierto a la participaci\u00f3n de todo aquel al que le apetezca y no es necesaria la inscripci\u00f3n previa.<\/span><\/p>\n<p><span style=\"color: #000000;\">Os animamos a recitar la poes\u00eda en vuestra lengua en este acto que hace dos a\u00f1os que se organiza desde la Regidoria de Cultura y el Consorci Per a la Normalitzaci\u00f3 Ling\u00fc\u00edstica.<\/span><\/p>\n<p><span style=\"color: #000000;\">Encontrar\u00e9is m\u00e1s informaci\u00f3n sobre el autor y podr\u00e9is leer el poema en varias lenguas en este documento:\u00a0<a style=\"color: #000000;\" href=\"http:\/\/bisbalpenedes.com\/web\/wp-content\/uploads\/2018\/03\/Fullet-DMP-2018.pdf\">Fullet DMP 2018<\/a><\/span><\/p>\n<p>&nbsp;<\/p>\n","protected":false},"excerpt":{"rendered":"<p>&nbsp; CATAL\u00c0 |El dia 21 de mar\u00e7 a les 19.45h celebrarem el Dia Mundial de la Poesia. Enguany el poema proposat \u00e9s &#8220;La poesia&#8221; de Marc Granell i es recitar\u00e0 &hellip; <a href=\"https:\/\/bisbalpenedes.com\/web\/2018\/03\/15\/el-dia-21-de-marc-celebrarem-el-dia-mundial-de-la-poesia\/\" class=\"more-link\">Read More<\/a><\/p>\n","protected":false},"author":4,"featured_media":5091,"comment_status":"closed","ping_status":"closed","sticky":false,"template":"","format":"standard","meta":[],"categories":[13],"tags":[225,1462,1465,414,1464,568,1463,342,1466],"_links":{"self":[{"href":"https:\/\/bisbalpenedes.com\/web\/wp-json\/wp\/v2\/posts\/5090"}],"collection":[{"href":"https:\/\/bisbalpenedes.com\/web\/wp-json\/wp\/v2\/posts"}],"about":[{"href":"https:\/\/bisbalpenedes.com\/web\/wp-json\/wp\/v2\/types\/post"}],"author":[{"embeddable":true,"href":"https:\/\/bisbalpenedes.com\/web\/wp-json\/wp\/v2\/users\/4"}],"replies":[{"embeddable":true,"href":"https:\/\/bisbalpenedes.com\/web\/wp-json\/wp\/v2\/comments?post=5090"}],"version-history":[{"count":3,"href":"https:\/\/bisbalpenedes.com\/web\/wp-json\/wp\/v2\/posts\/5090\/revisions"}],"predecessor-version":[{"id":5101,"href":"https:\/\/bisbalpenedes.com\/web\/wp-json\/wp\/v2\/posts\/5090\/revisions\/5101"}],"wp:featuredmedia":[{"embeddable":true,"href":"https:\/\/bisbalpenedes.com\/web\/wp-json\/wp\/v2\/media\/5091"}],"wp:attachment":[{"href":"https:\/\/bisbalpenedes.com\/web\/wp-json\/wp\/v2\/media?parent=5090"}],"wp:term":[{"taxonomy":"category","embeddable":true,"href":"https:\/\/bisbalpenedes.com\/web\/wp-json\/wp\/v2\/categories?post=5090"},{"taxonomy":"post_tag","embeddable":true,"href":"https:\/\/bisbalpenedes.com\/web\/wp-json\/wp\/v2\/tags?post=5090"}],"curies":[{"name":"wp","href":"https:\/\/api.w.org\/{rel}","templated":true}]}}