{"id":5086,"date":"2018-03-15T12:14:32","date_gmt":"2018-03-15T11:14:32","guid":{"rendered":"http:\/\/bisbalpenedes.com\/web\/?p=5086"},"modified":"2018-03-15T12:14:53","modified_gmt":"2018-03-15T11:14:53","slug":"sobre-la-inscripcio-per-als-cursos-trimestrals-de-catala-del-consorci-per-a-la-normalitzacio-linguistica-del-baix-penedes","status":"publish","type":"post","link":"https:\/\/bisbalpenedes.com\/web\/2018\/03\/15\/sobre-la-inscripcio-per-als-cursos-trimestrals-de-catala-del-consorci-per-a-la-normalitzacio-linguistica-del-baix-penedes\/","title":{"rendered":"S&#8217;obre el per\u00edode d&#8217;inscripci\u00f3 per als cursos trimestrals de catal\u00e0 del Consorci per a la Normalitzaci\u00f3 Ling\u00fc\u00edstica del Baix Pened\u00e8s"},"content":{"rendered":"<p>Vols aprendre o millorar el teu catal\u00e0?<\/p>\n<p><a href=\"http:\/\/bisbalpenedes.com\/web\/wp-content\/uploads\/2018\/03\/Difusio_cursos_generica_2018-001-1.jpg\"><img loading=\"lazy\" class=\"aligncenter size-large wp-image-5087\" src=\"http:\/\/bisbalpenedes.com\/web\/wp-content\/uploads\/2018\/03\/Difusio_cursos_generica_2018-001-1-724x1024.jpg\" alt=\"Difusio_cursos_generica_2018-001\" width=\"630\" height=\"891\" srcset=\"https:\/\/bisbalpenedes.com\/web\/wp-content\/uploads\/2018\/03\/Difusio_cursos_generica_2018-001-1-724x1024.jpg 724w, https:\/\/bisbalpenedes.com\/web\/wp-content\/uploads\/2018\/03\/Difusio_cursos_generica_2018-001-1-600x848.jpg 600w, https:\/\/bisbalpenedes.com\/web\/wp-content\/uploads\/2018\/03\/Difusio_cursos_generica_2018-001-1-212x300.jpg 212w, https:\/\/bisbalpenedes.com\/web\/wp-content\/uploads\/2018\/03\/Difusio_cursos_generica_2018-001-1-768x1086.jpg 768w, https:\/\/bisbalpenedes.com\/web\/wp-content\/uploads\/2018\/03\/Difusio_cursos_generica_2018-001-1.jpg 1191w\" sizes=\"(max-width: 630px) 100vw, 630px\" \/><\/a><\/p>\n<p><span style=\"color: #000000;\">CATAL\u00c0 | Del 16 al 22 de mar\u00e7\u00a0us podeu inscriure els cursos trimestrals de catal\u00e0 per a adults que promou el Centre per a la Normalitzaci\u00f3 Ling\u00fc\u00edstica del Baix Pened\u00e8s.\u00a0S&#8217;ofereixen cursos presencials\u00a0que es duran a terme al Vendrell i a Calafell o cursos en l\u00ednia. Per a m\u00e9s informaci\u00f3 us podeu adre\u00e7ar al tel\u00e8fon 977 15 71 75 o al correu electr\u00f2nic baixpenedes@cpnl.cat<\/span><\/p>\n<p>&nbsp;<\/p>\n<p><span style=\"color: #000000;\">CASTELLANO | Del 16 al 22 de marzo os pod\u00e9is inscribir en nos cursos trimestrales de catal\u00e1n para adultos que promueve el Centre per a la Normalitzaci\u00f3 Ling\u00fc\u00edstica del Baix Pened\u00e8s. Se ofrecen cursos presenciales que se efectuar\u00e1n en el Vendrell y en Calafell o cursos en l\u00ednea. Para m\u00e1s informaci\u00f3n os pod\u00e9is dirigir al tel\u00e9fono 977157175 o al correo electr\u00f3nico baixpenedes@cpnl.cat<\/span><\/p>\n","protected":false},"excerpt":{"rendered":"<p>Vols aprendre o millorar el teu catal\u00e0? CATAL\u00c0 | Del 16 al 22 de mar\u00e7\u00a0us podeu inscriure els cursos trimestrals de catal\u00e0 per a adults que promou el Centre per &hellip; <a href=\"https:\/\/bisbalpenedes.com\/web\/2018\/03\/15\/sobre-la-inscripcio-per-als-cursos-trimestrals-de-catala-del-consorci-per-a-la-normalitzacio-linguistica-del-baix-penedes\/\" class=\"more-link\">Read More<\/a><\/p>\n","protected":false},"author":4,"featured_media":5087,"comment_status":"closed","ping_status":"closed","sticky":false,"template":"","format":"standard","meta":[],"categories":[16],"tags":[118,1460,1459,1461],"_links":{"self":[{"href":"https:\/\/bisbalpenedes.com\/web\/wp-json\/wp\/v2\/posts\/5086"}],"collection":[{"href":"https:\/\/bisbalpenedes.com\/web\/wp-json\/wp\/v2\/posts"}],"about":[{"href":"https:\/\/bisbalpenedes.com\/web\/wp-json\/wp\/v2\/types\/post"}],"author":[{"embeddable":true,"href":"https:\/\/bisbalpenedes.com\/web\/wp-json\/wp\/v2\/users\/4"}],"replies":[{"embeddable":true,"href":"https:\/\/bisbalpenedes.com\/web\/wp-json\/wp\/v2\/comments?post=5086"}],"version-history":[{"count":2,"href":"https:\/\/bisbalpenedes.com\/web\/wp-json\/wp\/v2\/posts\/5086\/revisions"}],"predecessor-version":[{"id":5089,"href":"https:\/\/bisbalpenedes.com\/web\/wp-json\/wp\/v2\/posts\/5086\/revisions\/5089"}],"wp:featuredmedia":[{"embeddable":true,"href":"https:\/\/bisbalpenedes.com\/web\/wp-json\/wp\/v2\/media\/5087"}],"wp:attachment":[{"href":"https:\/\/bisbalpenedes.com\/web\/wp-json\/wp\/v2\/media?parent=5086"}],"wp:term":[{"taxonomy":"category","embeddable":true,"href":"https:\/\/bisbalpenedes.com\/web\/wp-json\/wp\/v2\/categories?post=5086"},{"taxonomy":"post_tag","embeddable":true,"href":"https:\/\/bisbalpenedes.com\/web\/wp-json\/wp\/v2\/tags?post=5086"}],"curies":[{"name":"wp","href":"https:\/\/api.w.org\/{rel}","templated":true}]}}