{"id":5066,"date":"2018-03-14T20:28:18","date_gmt":"2018-03-14T19:28:18","guid":{"rendered":"http:\/\/bisbalpenedes.com\/web\/?p=5066"},"modified":"2018-03-15T12:04:29","modified_gmt":"2018-03-15T11:04:29","slug":"ordre-del-dia-del-ple-ordinari-que-tindra-lloc-el-dilluns-19-de-marc-de-2018-a-les-19h","status":"publish","type":"post","link":"https:\/\/bisbalpenedes.com\/web\/2018\/03\/14\/ordre-del-dia-del-ple-ordinari-que-tindra-lloc-el-dilluns-19-de-marc-de-2018-a-les-19h\/","title":{"rendered":"Ordre del dia del Ple Ordinari que tindr\u00e0 lloc el dilluns 19 de mar\u00e7 de 2018 a les 19h"},"content":{"rendered":"<p><span style=\"color: #000000;\">El proper dilluns 19 de mar\u00e7 de 2018, a les 19h, hi ha ple ordinari a l\u2019Ajuntament de La Bisbal del Pened\u00e8s.<\/span><\/p>\n<p><span style=\"color: #000000;\"><strong>ORDRE DEL DIA<\/strong><\/span><\/p>\n<p style=\"padding-left: 30px;\"><span style=\"color: #000000;\"><strong>1<\/strong>. \u00a0Aprovaci\u00f3 de l\u2019acta anterior ordin\u00e0ria del 18 de desembre de 2017<\/span><\/p>\n<p style=\"padding-left: 30px;\"><span style=\"color: #000000;\"><strong>2<\/strong>. Presa de possessi\u00f3 del c\u00e0rrec de regidora d\u2019ERC de l&#8217;Ajuntament de la Bisbal del Pened\u00e8s Sra. Margarita Barbera Cuesta \u00a0<\/span><\/p>\n<p style=\"padding-left: 30px;\"><span style=\"color: #000000;\"><strong>3<\/strong>. Modificaci\u00f3 de drets reconeguts d\u2019anys anteriors<\/span><\/p>\n<p style=\"padding-left: 30px;\"><span style=\"color: #000000;\"><strong>4<\/strong>. Modificaci\u00f3 de saldos inicials d\u2019obligacions reconegudes en exercicis anteriors<\/span><\/p>\n<p style=\"padding-left: 30px;\"><span style=\"color: #000000;\"><strong>5<\/strong>. Aprovaci\u00f3 instrucci\u00f3 de la fiscalitzaci\u00f3 limitada pr\u00e8via de la despesa<\/span><\/p>\n<p style=\"padding-left: 30px;\"><span style=\"color: #000000;\"><strong>6<\/strong>.\u00a0 Aprovaci\u00f3 conveni amb el Consell Comarcal del Baix Pened\u00e8s i altres ajuntaments de la comarca de col\u00b7laboraci\u00f3 pel desenvolupament del programa Xarxa d\u2019ocupaci\u00f3 del Baix Pened\u00e8s.<\/span><\/p>\n<p style=\"padding-left: 30px;\"><span style=\"color: #000000;\"><strong>7<\/strong>. Aprovaci\u00f3 conveni entre el Departament de Territori i Sostenibilitat, diversos Ajuntaments de la comarca, el Consorci de transport p\u00fablic de Tarragona i l\u2019empresa autocars Poch, SAU per a la millora dels serveis de transport de viatgers per carretera a la comarca del Baix Pened\u00e8s.<\/span><\/p>\n<p style=\"padding-left: 30px;\"><span style=\"color: #000000;\"><strong>8<\/strong>. Aprovaci\u00f3 de l\u2019expedient de delimitaci\u00f3 del terme municipal de la Bisbal del Pened\u00e8s i nomenament membres de la Comissi\u00f3 Municipal de delimitaci\u00f3.<\/span><\/p>\n<p style=\"padding-left: 30px;\"><span style=\"color: #000000;\"><strong>9<\/strong>.Revocar i deixar sense efectes l\u2019acord de Ple en sessi\u00f3 extraordin\u00e0ria de data 03\/08\/2016 de modificaci\u00f3 de l\u2019ordenan\u00e7a fiscal reguladora de la taxa per la prestaci\u00f3 del servei de transport col\u00b7lectiu de viatgers.<\/span><\/p>\n<p style=\"padding-left: 30px;\"><span style=\"color: #000000;\"><strong>10<\/strong>. Aprovaci\u00f3 addenda al contracte de data 6 de juny del 2017 de subministrament el\u00e8ctric entre els promotors i Endesa Distribuci\u00f3n El\u00e9ctrica SLU.<\/span><\/p>\n<p style=\"padding-left: 30px;\"><span style=\"color: #000000;\"><strong>11<\/strong>. Aprovaci\u00f3 modificaci\u00f3 ordenan\u00e7a fiscal reguladora de la taxa per la realitzaci\u00f3 de cursos en el Centre Municipal de Cultura.<\/span><\/p>\n<p style=\"padding-left: 30px;\"><span style=\"color: #000000;\"><strong>12<\/strong>. Aprovaci\u00f3 modificaci\u00f3 del Reglament que regula les prestacions econ\u00f2miques d\u2019urg\u00e8ncia social.<\/span><\/p>\n<p style=\"padding-left: 30px;\"><span style=\"color: #000000;\"><strong>13<\/strong>. Aprovaci\u00f3 Reglament de r\u00e8gim intern de l\u2019espai la Cova Jove.<\/span><\/p>\n<p style=\"padding-left: 30px;\"><span style=\"color: #000000;\"><strong>14<\/strong>. Donar compte informe de secretaria intervenci\u00f3 per\u00edode mig de pagament quart trimestre del 2017.<\/span><\/p>\n<p style=\"padding-left: 30px;\"><span style=\"color: #000000;\"><strong>15<\/strong>. Donar compte Decret d\u2019Alcaldia 2017-593 de data 29\/12\/2017.<\/span><\/p>\n<p style=\"padding-left: 30px;\"><span style=\"color: #000000;\"><strong>16<\/strong>. Donar compte Decret d\u2019Alcaldia 2017-592 de data 29\/12\/2017.<\/span><\/p>\n<p style=\"padding-left: 30px;\"><span style=\"color: #000000;\"><strong>17<\/strong>. Donar compte Decret d\u2019Alcaldia 2017-590 de data 27\/12\/2017.<\/span><\/p>\n<p style=\"padding-left: 30px;\"><span style=\"color: #000000;\"><strong>18<\/strong>. Donar compte Decret d\u2019Alcaldia 2018-099 de data 07\/03\/2018.<\/span><\/p>\n<p style=\"padding-left: 30px;\"><span style=\"color: #000000;\"><strong>19<\/strong>. Ratificaci\u00f3 Decret d\u2019Alcaldia 2018-0028 de data 24\/01\/2018<\/span><\/p>\n<p style=\"padding-left: 30px;\"><span style=\"color: #000000;\"><strong>20<\/strong>. Donar compte dels Decrets d\u2019Alcaldia.<\/span><\/p>\n<p style=\"padding-left: 30px;\"><span style=\"color: #000000;\"><strong>21<\/strong>. Precs i preguntes.<\/span><\/p>\n<p><span style=\"color: #000000;\">Us recordem que segons el\u00a0<a style=\"color: #000000;\" href=\"http:\/\/bisbalpenedes.com\/web\/2017\/06\/22\/el-ple-ordinari-del-passat-19-de-juny-va-aprovar-el-primer-rom-de-lajuntament-de-la-bisbal-del-penedes\/\" target=\"_blank\">ROM<\/a>\u00a0aprovat al Ple de l\u2019Ajuntament de la Bisbal el passat 19 de juny de 2017, la ciutadania pot participar als Plens Ordinaris. Tot seguit us detallem el funcionament d\u2019aquest sup\u00f2sit:<\/span><\/p>\n<p><span style=\"color: #000000;\">Totes les persones tenen dret a intervenir en les sessions ordin\u00e0ries del Ple en el punt de l\u2019ordre del dia de \u2018Precs i preguntes\u2019, d\u2019acord amb les prescripcions seg\u00fcents:<\/span><\/p>\n<ul>\n<li><span style=\"color: #000000;\">El prec o pregunta s\u2019haur\u00e0 de sol\u00b7licitar a l\u2019Alcaldia:<\/span>\n<ul>\n<li><span style=\"color: #000000;\">per escrit i entrar-lo\/a al Registre General com a m\u00e0xim 24 hores abans del Ple Ordinari<\/span><\/li>\n<li><span style=\"color: #000000;\">Per Twitter a @BisbalPenedes com a m\u00e0xim 24h abans del Ple Ordinari, complint el protocol d\u2019\u00fas de les xarxes socials que aprovem al punt seg\u00fcent de l\u2019ordre del dia. El format ser\u00e0 emprant l\u2019etiqueta #PleBisbalPened\u00e8s, seguit del prec o pregunta<\/span><\/li>\n<\/ul>\n<\/li>\n<li><span style=\"color: #000000;\">L\u2019assumpte objecte del prec o pregunta haur\u00e0 de ser de compet\u00e8ncia municipal sobre l\u2019acci\u00f3 de govern o estar directament relacionat amb els punts inclosos a l\u2019ordre del dia<\/span><\/li>\n<li><span style=\"color: #000000;\">Cada ciutad\u00e0\/ana\u00a0 pot formular un\u00a0 prec i una pregunta en un mateix Ple. La longitud m\u00e0xima de cada piulada \u00e9s de 140 car\u00e0cters i no es pot continuar la pregunta en un segon \u2018tweet\u2019.<\/span><\/li>\n<li><span style=\"color: #000000;\">L\u2019alcaldia podr\u00e0 no respondre si \u00e9s un assumpte sobre el qual l\u2019Ajuntament no t\u00e9 compet\u00e8ncies o si ja s\u2019ha presentat la mateixa pregunta en una altra sessi\u00f3 plen\u00e0ria en els \u00faltims 6 mesos.<\/span><\/li>\n<li><span style=\"color: #000000;\">L\u2019alcaldia comunicar\u00e0, acabat el termini m\u00e0xim de presentaci\u00f3 de preguntes, a qui vagin dirigides les preguntes o peticions sol\u00b7licitades perqu\u00e8 les pugui respondre<\/span><\/li>\n<li><span style=\"color: #000000;\">L\u2019Alcaldia llegir\u00e0 la pregunta en veu alta<\/span><\/li>\n<li><span style=\"color: #000000;\">L\u2019alcaldia o a qui va adre\u00e7ada la pregunta, la respondr\u00e0 en la mateixa sessi\u00f3 del Ple<\/span><\/li>\n<li><span style=\"color: #000000;\">El p\u00fablic assistent a les sessions no podr\u00e0 efectuar manifestacions de grat o desgrat. Tampoc es podran proferir comentaris que afectin el normal desenvolupament de la sessi\u00f3.<\/span><\/li>\n<\/ul>\n","protected":false},"excerpt":{"rendered":"<p>El proper dilluns 19 de mar\u00e7 de 2018, a les 19h, hi ha ple ordinari a l\u2019Ajuntament de La Bisbal del Pened\u00e8s. ORDRE DEL DIA 1. \u00a0Aprovaci\u00f3 de l\u2019acta anterior &hellip; <a href=\"https:\/\/bisbalpenedes.com\/web\/2018\/03\/14\/ordre-del-dia-del-ple-ordinari-que-tindra-lloc-el-dilluns-19-de-marc-de-2018-a-les-19h\/\" class=\"more-link\">Read More<\/a><\/p>\n","protected":false},"author":4,"featured_media":3991,"comment_status":"closed","ping_status":"closed","sticky":false,"template":"","format":"standard","meta":[],"categories":[4],"tags":[1448,242,139,249],"_links":{"self":[{"href":"https:\/\/bisbalpenedes.com\/web\/wp-json\/wp\/v2\/posts\/5066"}],"collection":[{"href":"https:\/\/bisbalpenedes.com\/web\/wp-json\/wp\/v2\/posts"}],"about":[{"href":"https:\/\/bisbalpenedes.com\/web\/wp-json\/wp\/v2\/types\/post"}],"author":[{"embeddable":true,"href":"https:\/\/bisbalpenedes.com\/web\/wp-json\/wp\/v2\/users\/4"}],"replies":[{"embeddable":true,"href":"https:\/\/bisbalpenedes.com\/web\/wp-json\/wp\/v2\/comments?post=5066"}],"version-history":[{"count":4,"href":"https:\/\/bisbalpenedes.com\/web\/wp-json\/wp\/v2\/posts\/5066\/revisions"}],"predecessor-version":[{"id":5085,"href":"https:\/\/bisbalpenedes.com\/web\/wp-json\/wp\/v2\/posts\/5066\/revisions\/5085"}],"wp:featuredmedia":[{"embeddable":true,"href":"https:\/\/bisbalpenedes.com\/web\/wp-json\/wp\/v2\/media\/3991"}],"wp:attachment":[{"href":"https:\/\/bisbalpenedes.com\/web\/wp-json\/wp\/v2\/media?parent=5066"}],"wp:term":[{"taxonomy":"category","embeddable":true,"href":"https:\/\/bisbalpenedes.com\/web\/wp-json\/wp\/v2\/categories?post=5066"},{"taxonomy":"post_tag","embeddable":true,"href":"https:\/\/bisbalpenedes.com\/web\/wp-json\/wp\/v2\/tags?post=5066"}],"curies":[{"name":"wp","href":"https:\/\/api.w.org\/{rel}","templated":true}]}}