{"id":5062,"date":"2018-03-13T21:11:19","date_gmt":"2018-03-13T20:11:19","guid":{"rendered":"http:\/\/bisbalpenedes.com\/web\/?p=5062"},"modified":"2018-03-13T21:11:19","modified_gmt":"2018-03-13T20:11:19","slug":"la-biblioteca-publica-de-la-bisbal-obrira-els-dissabtes-al-mati","status":"publish","type":"post","link":"https:\/\/bisbalpenedes.com\/web\/2018\/03\/13\/la-biblioteca-publica-de-la-bisbal-obrira-els-dissabtes-al-mati\/","title":{"rendered":"La Biblioteca P\u00fablica de la Bisbal obrir\u00e0 els dissabtes al mat\u00ed"},"content":{"rendered":"<p><a href=\"http:\/\/bisbalpenedes.com\/web\/wp-content\/uploads\/2018\/03\/IMG_1196.jpg\"><img loading=\"lazy\" class=\"aligncenter size-medium wp-image-5063\" src=\"http:\/\/bisbalpenedes.com\/web\/wp-content\/uploads\/2018\/03\/IMG_1196-300x200.jpg\" alt=\"llibres biblioteca\" width=\"300\" height=\"200\" srcset=\"https:\/\/bisbalpenedes.com\/web\/wp-content\/uploads\/2018\/03\/IMG_1196-300x200.jpg 300w, https:\/\/bisbalpenedes.com\/web\/wp-content\/uploads\/2018\/03\/IMG_1196-600x400.jpg 600w, https:\/\/bisbalpenedes.com\/web\/wp-content\/uploads\/2018\/03\/IMG_1196-768x512.jpg 768w, https:\/\/bisbalpenedes.com\/web\/wp-content\/uploads\/2018\/03\/IMG_1196-1024x683.jpg 1024w\" sizes=\"(max-width: 300px) 100vw, 300px\" \/><\/a><\/p>\n<p><strong>CATAL\u00c0<\/strong> | La Biblioteca P\u00fablica de la Bisbal del Pened\u00e8s obrir\u00e0 els dissabtes al mat\u00ed (excepte festius). Amb aquesta ampliaci\u00f3 de l&#8217;horari es pret\u00e9n refor\u00e7ar el servei amb la finalitat d&#8217;arribar a nous p\u00fablics i facilitar l&#8217;acc\u00e9s a la lectura als estudiants o a les persones que durant la setmana no tenen possibilitat d&#8217;anar a la Biblioteca. Tamb\u00e9 es persegueix l&#8217;objectiu que la visita a la Biblioteca i la lectura puguin esdevenir\u00a0activitats\u00a0d&#8217;oci\u00a0familiar durant el cap de setmana.\u00a0Aix\u00ed, l&#8217;horari actual de la Biblioteca P\u00fablica queda de la seg\u00fcent manera:\u00a0<strong>de dilluns a divendres de 16.30h a 20.30h i els dissabtes de 10.00h a 14.00h<\/strong><\/p>\n<p><strong>CASTELLANO<\/strong> |La Biblioteca P\u00fablica de la Bisbal del Pened\u00e8s abrir\u00e1 los s\u00e1bados por la ma\u00f1ana (excepto festivos). Con esta ampliaci\u00f3n del horario se pretende reforzar el servicio con la finalidad de llegar a nuevos p\u00fablicos y facilitar el acceso a la lectura a los estudiantes o a las personas que durante la semana no tienen posibilidad de ir a la Biblioteca. Tambi\u00e9n se persigue el objetivo de que la Biblioteca y la lectura puedan devenir actividades d ocio familiar durante el fin de semana. As\u00ed, el horario actual de la Biblioteca P\u00fablica queda de la siguiente manera:<strong> de lunes a viernes de 16.30h a 20.30h y los s\u00e1bados de 10.00h a 14.00h.<\/strong><\/p>\n","protected":false},"excerpt":{"rendered":"<p>CATAL\u00c0 | La Biblioteca P\u00fablica de la Bisbal del Pened\u00e8s obrir\u00e0 els dissabtes al mat\u00ed (excepte festius). Amb aquesta ampliaci\u00f3 de l&#8217;horari es pret\u00e9n refor\u00e7ar el servei amb la finalitat &hellip; <a href=\"https:\/\/bisbalpenedes.com\/web\/2018\/03\/13\/la-biblioteca-publica-de-la-bisbal-obrira-els-dissabtes-al-mati\/\" class=\"more-link\">Read More<\/a><\/p>\n","protected":false},"author":4,"featured_media":5063,"comment_status":"closed","ping_status":"closed","sticky":false,"template":"","format":"standard","meta":[],"categories":[13],"tags":[180,227,1458,784,414,148,235],"_links":{"self":[{"href":"https:\/\/bisbalpenedes.com\/web\/wp-json\/wp\/v2\/posts\/5062"}],"collection":[{"href":"https:\/\/bisbalpenedes.com\/web\/wp-json\/wp\/v2\/posts"}],"about":[{"href":"https:\/\/bisbalpenedes.com\/web\/wp-json\/wp\/v2\/types\/post"}],"author":[{"embeddable":true,"href":"https:\/\/bisbalpenedes.com\/web\/wp-json\/wp\/v2\/users\/4"}],"replies":[{"embeddable":true,"href":"https:\/\/bisbalpenedes.com\/web\/wp-json\/wp\/v2\/comments?post=5062"}],"version-history":[{"count":1,"href":"https:\/\/bisbalpenedes.com\/web\/wp-json\/wp\/v2\/posts\/5062\/revisions"}],"predecessor-version":[{"id":5064,"href":"https:\/\/bisbalpenedes.com\/web\/wp-json\/wp\/v2\/posts\/5062\/revisions\/5064"}],"wp:featuredmedia":[{"embeddable":true,"href":"https:\/\/bisbalpenedes.com\/web\/wp-json\/wp\/v2\/media\/5063"}],"wp:attachment":[{"href":"https:\/\/bisbalpenedes.com\/web\/wp-json\/wp\/v2\/media?parent=5062"}],"wp:term":[{"taxonomy":"category","embeddable":true,"href":"https:\/\/bisbalpenedes.com\/web\/wp-json\/wp\/v2\/categories?post=5062"},{"taxonomy":"post_tag","embeddable":true,"href":"https:\/\/bisbalpenedes.com\/web\/wp-json\/wp\/v2\/tags?post=5062"}],"curies":[{"name":"wp","href":"https:\/\/api.w.org\/{rel}","templated":true}]}}