{"id":5059,"date":"2018-03-14T11:24:54","date_gmt":"2018-03-14T10:24:54","guid":{"rendered":"http:\/\/bisbalpenedes.com\/web\/?p=5059"},"modified":"2018-03-14T11:24:54","modified_gmt":"2018-03-14T10:24:54","slug":"ultims-dies-per-revisar-gratuitament-les-incidencies-a-la-tdt-ocasionades-per-la-instal-lacio-de-la-telefonia-mobil-4g-a-la-bisbal-2","status":"publish","type":"post","link":"https:\/\/bisbalpenedes.com\/web\/2018\/03\/14\/ultims-dies-per-revisar-gratuitament-les-incidencies-a-la-tdt-ocasionades-per-la-instal-lacio-de-la-telefonia-mobil-4g-a-la-bisbal-2\/","title":{"rendered":"\u00daltims dies per revisar gratu\u00eftament les incid\u00e8ncies a la TDT ocasionades per la instal.laci\u00f3 de la telefonia m\u00f2bil 4G a La Bisbal"},"content":{"rendered":"<p><span style=\"color: #000000;\"><strong>CATAL\u00c0 |<\/strong> Darrerament s\u2019ha instal\u00b7lat a La Bisbal del Pened\u00e8s el servei de telefonia m\u00f2bil de quarta generaci\u00f3, \u00e9s a dir, el 4G (en banda de 800MHz). Aquesta nova instal\u00b7laci\u00f3 podria produir afectacions o incid\u00e8ncies en la recepci\u00f3 de la televisi\u00f3 digital terrestre (TDT). Per tant si heu notat, en les darreres setmanes, problemes en la recepci\u00f3 de la TDT, \u00e9s possible que hagin tingut lloc per aquest motiu.<\/span><\/p>\n<p><span style=\"color: #000000;\">L\u2019entitat\u00a0<em>Llega 800\u00a0<\/em>ha fet les actuacions necess\u00e0ries a les instal\u00b7lacions de recepci\u00f3 d\u2019usuaris de TDT en els darrers mesos per resoldre incid\u00e8ncies i garantir la posada en servei de les estacions de base de telefonia m\u00f2bil sense que afectin la televisi\u00f3 digital terrestre i, recentment, ha tancat el termini de sis mesos que marca la llei (Ordre Ministerial) que es va habilitar per a fer-les de forma gratu\u00efta. Tot i aix\u00f2 han ampliat el termini per sol\u00b7licitar una revisi\u00f3, amb la finalitat de resoldre incid\u00e8ncies en la recepci\u00f3 de la TDT (sense cost pels ciutadans) fins al 31 de mar\u00e7. Val a dir que una vegada passat aquest per\u00edode la despesa ocasionada per la revisi\u00f3 de les possibles incid\u00e8ncies anir\u00e0 a c\u00e0rrec de la persona que la demani.<\/span><\/p>\n<p><span style=\"color: #000000;\">Per tant, si teniu alguna incid\u00e8ncia relacionada amb la TDT i penseu que pot tenir relaci\u00f3 amb la instal\u00b7laci\u00f3 de la telefonia 4G al municipi, us preguem que contacteu amb el tel\u00e8fon gratu\u00eft d\u2019Atenci\u00f3 a l\u2019Usuari 900 833 999.<\/span><\/p>\n<p>&nbsp;<\/p>\n<p><span style=\"color: #000000;\"><strong>CASTELLANO<\/strong> | En los \u00faltimos meses se ha instalado en la Bisbal del Pened\u00e8s el servicio de telefon\u00eda m\u00f3vil de cuarta generaci\u00f3n, es decir, el 4G (en banda de 800MHz). Esta nueva instalaci\u00f3n podr\u00eda producir afectaciones o incidencias en la recepci\u00f3n de la televisi\u00f3n digital terrestre (TDT). Por lo tanto, si hab\u00e9is notado, en las \u00faltimas semanas, que ten\u00e9is problemas en la recepci\u00f3n de la TDT, es posible que hayan tenido lugar por este motivo.<\/span><\/p>\n<p><span style=\"color: #000000;\">La entidad Llega 800 ha hecho las actuaciones necesarias en las instalaciones de recepci\u00f3n de los usuarios de TDT en los \u00faltimos meses para resolver incidencias y garantizar la puesta en servicio de las estaciones de base de telefon\u00eda m\u00f3vil sin que afecten a la televisi\u00f3n digital terrestre y, recientemente, han cerrado el plazo de seis meses que marca la ley (Orden Ministerial) que se habilit\u00f3 para hacerlas de forma gratuita. Aun as\u00ed han ampliado el plazo para solicitar una revisi\u00f3n, con la finalidad de resolver incidencias en la recepci\u00f3n de la TDT (sin coste para los ciudadanos) hasta el 31 de marzo. Cabe decir que, una vez pasado este periodo, el gasto ocasionado por la revisi\u00f3n de las posibles incidencias correr\u00e1 a cargo de la persona que la solicite.<\/span><\/p>\n<p><span style=\"color: #000000;\">Por lo tanto, si ten\u00e9is alguna incidencia relacionada con la TDT y pens\u00e1is que puede tener relaci\u00f3n con la instalaci\u00f3n de la telefon\u00eda 4G en el municipio, os rogamos que contact\u00e9is con el tel\u00e9fono gratuito de Atenci\u00f3n al Usuario 900 833 999.<\/span><\/p>\n<p>&nbsp;<\/p>\n<p>&nbsp;<\/p>\n","protected":false},"excerpt":{"rendered":"<p>CATAL\u00c0 | Darrerament s\u2019ha instal\u00b7lat a La Bisbal del Pened\u00e8s el servei de telefonia m\u00f2bil de quarta generaci\u00f3, \u00e9s a dir, el 4G (en banda de 800MHz). Aquesta nova instal\u00b7laci\u00f3 &hellip; <a href=\"https:\/\/bisbalpenedes.com\/web\/2018\/03\/14\/ultims-dies-per-revisar-gratuitament-les-incidencies-a-la-tdt-ocasionades-per-la-instal-lacio-de-la-telefonia-mobil-4g-a-la-bisbal-2\/\" class=\"more-link\">Read More<\/a><\/p>\n","protected":false},"author":4,"featured_media":2210,"comment_status":"closed","ping_status":"closed","sticky":false,"template":"","format":"standard","meta":[],"categories":[4],"tags":[290,292,1455,289,1456,1100,1457],"_links":{"self":[{"href":"https:\/\/bisbalpenedes.com\/web\/wp-json\/wp\/v2\/posts\/5059"}],"collection":[{"href":"https:\/\/bisbalpenedes.com\/web\/wp-json\/wp\/v2\/posts"}],"about":[{"href":"https:\/\/bisbalpenedes.com\/web\/wp-json\/wp\/v2\/types\/post"}],"author":[{"embeddable":true,"href":"https:\/\/bisbalpenedes.com\/web\/wp-json\/wp\/v2\/users\/4"}],"replies":[{"embeddable":true,"href":"https:\/\/bisbalpenedes.com\/web\/wp-json\/wp\/v2\/comments?post=5059"}],"version-history":[{"count":2,"href":"https:\/\/bisbalpenedes.com\/web\/wp-json\/wp\/v2\/posts\/5059\/revisions"}],"predecessor-version":[{"id":5061,"href":"https:\/\/bisbalpenedes.com\/web\/wp-json\/wp\/v2\/posts\/5059\/revisions\/5061"}],"wp:featuredmedia":[{"embeddable":true,"href":"https:\/\/bisbalpenedes.com\/web\/wp-json\/wp\/v2\/media\/2210"}],"wp:attachment":[{"href":"https:\/\/bisbalpenedes.com\/web\/wp-json\/wp\/v2\/media?parent=5059"}],"wp:term":[{"taxonomy":"category","embeddable":true,"href":"https:\/\/bisbalpenedes.com\/web\/wp-json\/wp\/v2\/categories?post=5059"},{"taxonomy":"post_tag","embeddable":true,"href":"https:\/\/bisbalpenedes.com\/web\/wp-json\/wp\/v2\/tags?post=5059"}],"curies":[{"name":"wp","href":"https:\/\/api.w.org\/{rel}","templated":true}]}}