{"id":5035,"date":"2018-03-13T16:37:28","date_gmt":"2018-03-13T15:37:28","guid":{"rendered":"http:\/\/bisbalpenedes.com\/web\/?p=5035"},"modified":"2018-03-13T19:26:43","modified_gmt":"2018-03-13T18:26:43","slug":"la-taekwondista-bisbalenca-gloria-ruiz-navarro-sha-proclamat-per-tercer-any-consecutiu-campiona-despanya","status":"publish","type":"post","link":"https:\/\/bisbalpenedes.com\/web\/2018\/03\/13\/la-taekwondista-bisbalenca-gloria-ruiz-navarro-sha-proclamat-per-tercer-any-consecutiu-campiona-despanya\/","title":{"rendered":"La taekwondista bisbalenca Gloria Ruiz Navarro s&#8217;ha proclamat per tercer any consecutiu campiona d&#8217;Espanya"},"content":{"rendered":"<p style=\"text-align: justify;\"><span style=\"color: #000000;\"><strong>CATAL\u00c0<\/strong> | La taekwondista bisbalenca Gloria Ruiz Navarro s\u2019ha proclamat per tercer any consecutiu campiona d\u2019Espanya representant la Selecci\u00f3 Catalana de Taekwondo al campionat d\u2019Espanya que es va celebrar a C\u00f2rdova el 24 de febrer. A m\u00e9s, segons hem\u00a0pogut saber aquesta setmana, ha estat seleccionada per participar al Campionat del M\u00f3n de Taekwondo i al Preol\u00edmpic.<\/span><\/p>\n<p style=\"text-align: justify;\"><span style=\"color: #000000;\"><a style=\"color: #000000;\" href=\"http:\/\/bisbalpenedes.com\/web\/wp-content\/uploads\/2018\/03\/18838797_1461405940564481_6826917046316846159_n.jpg\"><img loading=\"lazy\" class=\"aligncenter size-medium wp-image-5036\" src=\"http:\/\/bisbalpenedes.com\/web\/wp-content\/uploads\/2018\/03\/18838797_1461405940564481_6826917046316846159_n-300x199.jpg\" alt=\"gloria ruiz campiona taekwondo\" width=\"300\" height=\"199\" srcset=\"https:\/\/bisbalpenedes.com\/web\/wp-content\/uploads\/2018\/03\/18838797_1461405940564481_6826917046316846159_n-300x199.jpg 300w, https:\/\/bisbalpenedes.com\/web\/wp-content\/uploads\/2018\/03\/18838797_1461405940564481_6826917046316846159_n-600x399.jpg 600w, https:\/\/bisbalpenedes.com\/web\/wp-content\/uploads\/2018\/03\/18838797_1461405940564481_6826917046316846159_n-768x510.jpg 768w, https:\/\/bisbalpenedes.com\/web\/wp-content\/uploads\/2018\/03\/18838797_1461405940564481_6826917046316846159_n.jpg 960w\" sizes=\"(max-width: 300px) 100vw, 300px\" \/><\/a><\/span><\/p>\n<p style=\"text-align: justify;\"><span style=\"color: #000000;\">La Gl\u00f2ria \u00e9s una bisbalenca que va n\u00e9ixer el 15 de desembre de 2001 i que va comen\u00e7ar a practicar taekwondo des de ben petita. Amb nou anys va iniciar-se al Club Taekwondo Ol\u00edmpic del Vendrell, en el qual va iniciar la seva etapa com a competidora i, aquell mateix any, va participar en el Campionat de Catalunya.<\/span><\/p>\n<p style=\"text-align: justify;\"><span style=\"color: #000000;\">La bisbalenca dedica moltes hores als entrenaments i \u00e9s una esportista molt compromesa amb el seu treball, constant, lluitadora i responsable, que alterna l\u2019esport amb la formaci\u00f3 acad\u00e8mica. La seva const\u00e0ncia i la seva gran capacitat han fet que hagi obtingut una beca com a esportista d\u2019alt rendiment al Centre d\u2019Alt Rendiment de Sant Cugat del Vall\u00e8s, entrant a formar part de la Selecci\u00f3 Catalana de Taekwondo. Aquest 2018 ha passat a ser esportista d\u2019elit, gr\u00e0cies a les puntuacions obtingudes als campionats en els quals ha participat. La taekwondista bisbalenca ha participat en opens internacionals (aquest mateix cap de setmana ha viatjat a Holanda), ha participat en un campionat europeu i ara la fita de la taekwondista bisbalenca \u00e9s anar al campionat mundial i guanyar les <a style=\"color: #000000;\" href=\"https:\/\/www.buenosaires2018.com\/\">Olimp\u00edades Juvenils<\/a> aquest 2018, que es faran a l\u2019octubre a Buenos Aires.<\/span><\/p>\n<p style=\"text-align: justify;\"><span style=\"color: #000000;\">En la seva traject\u00f2ria ha obtingut l\u2019or en quatre Campionats de Catalunya i dos campionats d\u2019Espanya. Tamb\u00e9 ha obtingut la plata en dos opens internacionals i ha pujat al podi en una trentena d\u2019ocasions.<\/span><\/p>\n<p style=\"text-align: justify;\"><span style=\"color: #000000;\"><a style=\"color: #000000;\" href=\"http:\/\/bisbalpenedes.com\/web\/wp-content\/uploads\/2018\/03\/germans-taekwondo.jpg\"><img loading=\"lazy\" class=\"aligncenter size-medium wp-image-5038\" src=\"http:\/\/bisbalpenedes.com\/web\/wp-content\/uploads\/2018\/03\/germans-taekwondo-300x209.jpg\" alt=\"germans taekwondo ruiz navarro\" width=\"300\" height=\"209\" srcset=\"https:\/\/bisbalpenedes.com\/web\/wp-content\/uploads\/2018\/03\/germans-taekwondo-300x209.jpg 300w, https:\/\/bisbalpenedes.com\/web\/wp-content\/uploads\/2018\/03\/germans-taekwondo-600x417.jpg 600w, https:\/\/bisbalpenedes.com\/web\/wp-content\/uploads\/2018\/03\/germans-taekwondo-768x534.jpg 768w, https:\/\/bisbalpenedes.com\/web\/wp-content\/uploads\/2018\/03\/germans-taekwondo-1024x712.jpg 1024w\" sizes=\"(max-width: 300px) 100vw, 300px\" \/><\/a><\/span><\/p>\n<p style=\"text-align: justify;\"><span style=\"color: #000000;\">Val a dir que la Gl\u00f2ria t\u00e9 dos germans, el David (18 anys) i el Jordi (6 anys). Tots tres practiquen aquesta art marcial al Club Ol\u00edmpic El Vendrell i inverteixen moltes hores en entrenar-se, ja que competeixen en campionats d\u2019alt nivell. Segons la seva entrenadora, Irene Calvo, \u201cs\u00f3n un exemple a seguir, compaginen els seus estudis amb els entrenaments diaris i els viatges per tot el pa\u00eds i part de l\u2019estranger per poder competir. Tenen un gran valor com a esportistes, per\u00f2 sobretot com a persones, ja que posseeixen principis i valors molt importants que els ajuden a ser constants, perseverants i superar-se cont\u00ednuament\u201d. En el cas del David Ruiz, ell persegueix l\u2019objectiu d\u2019entrar a formar part de l\u2019equip nacional i tamb\u00e9 ha participat a campionats d\u2019Espanya i opens internacionals.<\/span><\/p>\n<p style=\"text-align: justify;\"><span style=\"color: #000000;\"><a style=\"color: #000000;\" href=\"http:\/\/bisbalpenedes.com\/web\/wp-content\/uploads\/2018\/03\/23519143_1616133298425077_3308664228963544346_n.jpg\"><img loading=\"lazy\" class=\"aligncenter size-medium wp-image-5037\" src=\"http:\/\/bisbalpenedes.com\/web\/wp-content\/uploads\/2018\/03\/23519143_1616133298425077_3308664228963544346_n-300x186.jpg\" alt=\"irene alberto calvo y gloria ruiz\" width=\"300\" height=\"186\" srcset=\"https:\/\/bisbalpenedes.com\/web\/wp-content\/uploads\/2018\/03\/23519143_1616133298425077_3308664228963544346_n-300x186.jpg 300w, https:\/\/bisbalpenedes.com\/web\/wp-content\/uploads\/2018\/03\/23519143_1616133298425077_3308664228963544346_n-600x373.jpg 600w, https:\/\/bisbalpenedes.com\/web\/wp-content\/uploads\/2018\/03\/23519143_1616133298425077_3308664228963544346_n-768x477.jpg 768w, https:\/\/bisbalpenedes.com\/web\/wp-content\/uploads\/2018\/03\/23519143_1616133298425077_3308664228963544346_n.jpg 960w\" sizes=\"(max-width: 300px) 100vw, 300px\" \/><\/a><\/span><\/p>\n<p style=\"text-align: justify;\"><span style=\"color: #000000;\">L\u2019entrenadora dels germans Ruiz Navarro, Irene Calvo, tamb\u00e9 \u00e9s bisbalenca i filla del tamb\u00e9 mestre de taekwondo Alberto Calvo. De fet, els seus pares tenen l\u2019escola de taekwondo des de l\u2019any 1988 i ella mateixa explica que va comen\u00e7ar a caminar en un tatami. Segons la Irene, \u201cno entenc la vida sense el taekwondo, \u00e9s una de les coses m\u00e9s positives que pot tenir una persona, tant a nivell f\u00edsic com personal, t\u2019enriqueix molt, perqu\u00e8 et forma com a persona, et d\u00f3na uns principis i uns fonaments molt importants que et serviran per a tota la vida, tant a nivell professional com a nivell personal\u201d.<\/span><\/p>\n<p style=\"text-align: justify;\"><span style=\"color: #000000;\">Des de l&#8217;Ajuntament de la Bisbal felicitem als germans Ruiz Navarro i als seus entrenadors (la fam\u00edlia Calvo) pels seus esfor\u00e7os i per les metes aconseguides en l&#8217;\u00e0mbit del taekwondo. Podeu veure el v\u00eddeo que hem gravat amb ells a l&#8217;enlla\u00e7:\u00a0<a href=\"https:\/\/www.facebook.com\/AjuntamentBisbalPenedes\/videos\/1964189470465576\/\">https:\/\/www.facebook.com\/AjuntamentBisbalPenedes\/videos\/1964189470465576\/<\/a><\/span><\/p>\n<p style=\"text-align: justify;\"><span style=\"color: #000000;\"><strong>CASTELLANO<\/strong> |\u00a0La taekwondista bisbalenca Gloria Ruiz Navarro se ha proclamado por tercer a\u00f1o consecutivo campeona de Espa\u00f1a representando la Selecci\u00f3n Catalana de Taekwondo en el campeonato de Espa\u00f1a que se celebr\u00f3 en C\u00f3rdoba el 24 de febrero. Adem\u00e1s, seg\u00fan hemos podido saber esta semana, ha sido seleccionada para participar en el Campeonato del Mundo de Taekwondo y en el Preol\u00edmpico.<\/span><\/p>\n<p style=\"text-align: justify;\"><span style=\"color: #000000;\">Gloria es una bisbalenca que naci\u00f3 el 15 de diciembre del 2001 y que empez\u00f3 a practicar taekwondo muy peque\u00f1a. Con\u00a0 nueve a\u00f1os se inici\u00f3 en el Club Taekwondo Ol\u00edmpic de El Vendrell, en donde inici\u00f3 su etapa como competidora y, en ese mismo a\u00f1o, ya particip\u00f3 en el Campeonato de Catalu\u00f1a.<\/span><\/p>\n<p style=\"text-align: justify;\"><span style=\"color: #000000;\">La bisbalenca dedica muchas horas a los entrenamientos y es una deportista muy comprometida con su trabajo, constante, luchadora y responsable, que alterna el deporte con la formaci\u00f3n acad\u00e9mica. Su constancia y su gran capacidad han hecho que haya obtenido una beca como deportista de alto rendimiento en el Centre d\u2019Alt Rendiment de Sant Cugat del Vall\u00e8s, entrando a formar parte de la Selecci\u00f3n Catalana de Taekwondo. Este 2018 ha pasado a ser deportista de \u00e9lite, gracias a las puntuaciones obtenidas en los campeonatos en los que ha participado. La taekwondista bisbalenca ha participado en opens internacionales (este \u00faltimo fin de semana, por ejemplo, ha viajado a Holanda), ha participado en un campeonato europeo y ahora la meta de la taekwondista es ir al campeonato mundial y ganar las Olimpiadas Juveniles este 2018, que se har\u00e1n en octubre en Buenos Aires.<\/span><\/p>\n<p style=\"text-align: justify;\"><span style=\"color: #000000;\">Durante su trayectoria ha obtenido el oro en cuatro Campeonatos de Catalu\u00f1a y dos campeonatos de Espa\u00f1a. Tambi\u00e9n ha obtenido la plata en dos opens internacionales y ha subido al podio en una treintena de ocasiones.<\/span><\/p>\n<p style=\"text-align: justify;\"><span style=\"color: #000000;\">Cabe a\u00f1adir que Gloria tiene dos hermanos, David (18 a\u00f1os) y Jordi (6 a\u00f1os). Los tres practican esta arte marcial en el Club Ol\u00edmpic de El Vendrell e invierten muchas horas en entrenarse, ya que compiten en campeonatos de alto nivel. Seg\u00fan su entrenadora, Irene Calvo, \u201cson un ejemplo a seguir, compaginan sus estudios con los entrenamientos diarios y los viajes por todo el pa\u00eds y parte del extranjero para poder competir. Tienen un gran valor como deportistas, pero sobretodo como personas, ya que poseen principios y valores muy importantes que les ayudan a ser constantes, perseverantes y a superarse continuamente\u201d. En el caso de David Ruiz, \u00e9l persigue el objetivo de entrar a formar parte del equipo nacional y tambi\u00e9n ha participado en campeonatos de Espa\u00f1a y opens internacionales.<\/span><\/p>\n<p style=\"text-align: justify;\"><span style=\"color: #000000;\">La entrenadora de los hermanos Ruiz Navarro, Irene Calvo, tambi\u00e9n es bisbalenca e hija del tambi\u00e9n maestro de taekwondo Alberto Calvo. De hecho, sus padres tienen la escuela de taekwondo desde el a\u00f1o 1988 y ella misma cuenta que empez\u00f3 a caminar en un tatami. La entrenadora explica que \u201cno entiendo la vida sin taekwondo, es una de las cosas m\u00e1s positivas que puede tener una persona, tanto a nivel f\u00edsico como personal, te enriquece mucho, porque te forma como persona, te da unos principios y unos fundamentos muy importantes que te servir\u00e1n para toda la vida, tanto a nivel profesional como a nivel personal\u201d.<\/span><\/p>\n<p style=\"text-align: justify;\"><span style=\"color: #000000;\">Desde el Ayuntamiento de la Bisbal del Pened\u00e8s felicitamos a los hermanos Ruiz Navarro y a sus entrenadores (la fam\u00edlia Calvo) por sus esfuerzos y por las metas conseguidas en el \u00e1mbito del taekwondo. Pod\u00e9is ver el v\u00eddeo que hemos grabado con ellos en el enlace:<a href=\"https:\/\/www.facebook.com\/AjuntamentBisbalPenedes\/videos\/1964189470465576\/\">\u00a0https:\/\/www.facebook.com\/AjuntamentBisbalPenedes\/videos\/1964189470465576\/<\/a><\/span><\/p>\n","protected":false},"excerpt":{"rendered":"<p>CATAL\u00c0 | La taekwondista bisbalenca Gloria Ruiz Navarro s\u2019ha proclamat per tercer any consecutiu campiona d\u2019Espanya representant la Selecci\u00f3 Catalana de Taekwondo al campionat d\u2019Espanya que es va celebrar a &hellip; <a href=\"https:\/\/bisbalpenedes.com\/web\/2018\/03\/13\/la-taekwondista-bisbalenca-gloria-ruiz-navarro-sha-proclamat-per-tercer-any-consecutiu-campiona-despanya\/\" class=\"more-link\">Read More<\/a><\/p>\n","protected":false},"author":4,"featured_media":5036,"comment_status":"closed","ping_status":"closed","sticky":false,"template":"","format":"standard","meta":[],"categories":[19],"tags":[1429,1442,1441,1432,1438,1433,1437,1435,1434,1427,1436,1426,1430,1431,1439,1440,1428],"_links":{"self":[{"href":"https:\/\/bisbalpenedes.com\/web\/wp-json\/wp\/v2\/posts\/5035"}],"collection":[{"href":"https:\/\/bisbalpenedes.com\/web\/wp-json\/wp\/v2\/posts"}],"about":[{"href":"https:\/\/bisbalpenedes.com\/web\/wp-json\/wp\/v2\/types\/post"}],"author":[{"embeddable":true,"href":"https:\/\/bisbalpenedes.com\/web\/wp-json\/wp\/v2\/users\/4"}],"replies":[{"embeddable":true,"href":"https:\/\/bisbalpenedes.com\/web\/wp-json\/wp\/v2\/comments?post=5035"}],"version-history":[{"count":6,"href":"https:\/\/bisbalpenedes.com\/web\/wp-json\/wp\/v2\/posts\/5035\/revisions"}],"predecessor-version":[{"id":5047,"href":"https:\/\/bisbalpenedes.com\/web\/wp-json\/wp\/v2\/posts\/5035\/revisions\/5047"}],"wp:featuredmedia":[{"embeddable":true,"href":"https:\/\/bisbalpenedes.com\/web\/wp-json\/wp\/v2\/media\/5036"}],"wp:attachment":[{"href":"https:\/\/bisbalpenedes.com\/web\/wp-json\/wp\/v2\/media?parent=5035"}],"wp:term":[{"taxonomy":"category","embeddable":true,"href":"https:\/\/bisbalpenedes.com\/web\/wp-json\/wp\/v2\/categories?post=5035"},{"taxonomy":"post_tag","embeddable":true,"href":"https:\/\/bisbalpenedes.com\/web\/wp-json\/wp\/v2\/tags?post=5035"}],"curies":[{"name":"wp","href":"https:\/\/api.w.org\/{rel}","templated":true}]}}