{"id":5030,"date":"2018-03-13T13:03:54","date_gmt":"2018-03-13T12:03:54","guid":{"rendered":"http:\/\/bisbalpenedes.com\/web\/?p=5030"},"modified":"2018-03-13T13:04:14","modified_gmt":"2018-03-13T12:04:14","slug":"una-infeccio-per-fongs-obliga-a-talar-diversos-arbres-de-lavinguda-baix-penedes","status":"publish","type":"post","link":"https:\/\/bisbalpenedes.com\/web\/2018\/03\/13\/una-infeccio-per-fongs-obliga-a-talar-diversos-arbres-de-lavinguda-baix-penedes\/","title":{"rendered":"Una infecci\u00f3 per fongs obliga a talar diversos arbres de l&#8217;avinguda Baix Pened\u00e8s"},"content":{"rendered":"<p><span style=\"color: #000000;\"><strong>CATAL\u00c0<\/strong> | La Regidoria de Medi Ambient informa que partir de la setmana vinent la brigada municipal comen\u00e7ar\u00e0 a talar algunes de les moreres &#8220;morus alba&#8221; que hi ha a l\u2019avinguda Baix Pened\u00e8s. El motiu pel qual s\u2019ha de fer aquesta tala \u00e9s perqu\u00e8 l&#8217;interior dels arbres presenta un avan\u00e7at estat de putrefacci\u00f3, causat per fongs. La pres\u00e8ncia dels fongs\u00a0es fa evident amb els bolets que apareixen cada any als troncs de les moreres, tant a les de l\u2019avinguda Baix Pened\u00e8s com a les del tram final del carrer dels Safaretjos, un fet assenyala la proliferaci\u00f3 de la malaltia.<\/span><\/p>\n<p><span style=\"color: #000000;\">Des de l\u2019Ajuntament de la Bisbal som conscients que es tracta d\u2019una zona emblem\u00e0tica del municipi i que, aquest arbrat, \u00e9s un tret identitari d\u2019aquesta avinguda per\u00f2 mantenir els arbres en aquest estat pot suposar un risc per a la ciutadania. Podrien trencar-se algunes parts dels arbres (fet que ha comen\u00e7at a succeir) o, fins i tot, podria haver-hi trencaments d\u2019arbres sencers, amb el perill que aix\u00f2 comporta per a la seguretat de la ciutadania, els vehicles que circulen per la via, els objectes i les construccions que hi ha a la zona.<\/span><\/p>\n<p><span style=\"color: #000000;\">La tala dels arbres es far\u00e0 en diverses fases. Es comen\u00e7ar\u00e0 per reempla\u00e7ar les baixes existents d\u2019anys anteriors, \u00e9s a dir, els arbres que han estat talats amb anterioritat o que han caigut pel vent. Es talaran 25 arbres (aproximadament) que estan for\u00e7a deteriorats. En els propers anys es far\u00e0 necessari renovar tot l\u2019arbrat d\u2019aquests carrers, ja que totes les moreres estan afectades, tot i que presenten diversos graus d\u2019afectaci\u00f3. Des de l\u2019Ajuntament farem tots els possibles per fer que aquesta avinguda continu\u00ef lluint com es mereix, per aix\u00f2 demanem paci\u00e8ncia perqu\u00e8 haur\u00e0 de passar un temps entre la tala dels arbres i la plantaci\u00f3 de nova vegetaci\u00f3 a la zona.<\/span><\/p>\n<p><span style=\"color: #000000;\"><strong>Les causes de la malaltia dels arbres<\/strong><\/span><\/p>\n<p><span style=\"color: #000000;\">Els especialistes en jardineria assenyalen que la causa principal d\u2019aquest problema s\u00f3n les podes reiterades que han patit aquests arbres al llarg dels anys. Els arbres estan ubicats en una via principal del municipi (antiga carretera de la Juncosa) i l&#8217;exc\u00e9s de frondositat dels arbres\u00a0podia provocar problemes de visibilitat en la conducci\u00f3 o envair la vorera, perjudicant aix\u00ed la circulaci\u00f3 de vehicles i de vianants. \u00c9s per aix\u00f2 que les moreres han estat podades durant molts anys, de forma m\u00e9s o menys encertada (segons ens han indicat) i, com que les podes excessivament severes no s\u00f3n ben tolerades pels arbres, aquests no han pogut guarir-les, moment que el fong ha aprofitat per proliferar.<\/span><\/p>\n<p><span style=\"color: #000000;\"><a style=\"color: #000000;\" href=\"http:\/\/bisbalpenedes.com\/web\/wp-content\/uploads\/2018\/03\/IMG_5560.jpg\"><img loading=\"lazy\" class=\"aligncenter size-medium wp-image-5032\" src=\"http:\/\/bisbalpenedes.com\/web\/wp-content\/uploads\/2018\/03\/IMG_5560-300x225.jpg\" alt=\"IMG_5560\" width=\"300\" height=\"225\" srcset=\"https:\/\/bisbalpenedes.com\/web\/wp-content\/uploads\/2018\/03\/IMG_5560-300x225.jpg 300w, https:\/\/bisbalpenedes.com\/web\/wp-content\/uploads\/2018\/03\/IMG_5560-600x450.jpg 600w, https:\/\/bisbalpenedes.com\/web\/wp-content\/uploads\/2018\/03\/IMG_5560-768x576.jpg 768w, https:\/\/bisbalpenedes.com\/web\/wp-content\/uploads\/2018\/03\/IMG_5560-1024x768.jpg 1024w\" sizes=\"(max-width: 300px) 100vw, 300px\" \/><\/a><\/span><\/p>\n<p><span style=\"color: #000000;\"><strong>CASTELLANO |<\/strong> La Regidoria de Medi Ambient informa que a partir de la semana que viene la brigada municipal empezar\u00e1 a talar algunas de las <em>moreras <\/em>\u201cmorus alba\u201d que hay en la avenida Baix Pened\u00e8s. El motivo por el cual hay que hacer esta tala es porqu\u00e9 el interior de los \u00e1rboles presenta un avanzado estado de putrefacci\u00f3n, causado por hongos. La presencia de los hongos se hace evidente\u00a0 con las setas que aparecen cada a\u00f1o en los troncos de las moreras, tanto en las de la avenida Baix Pened\u00e8s como en las del tramo final de la calle de los Safaretjos, un hecho que se\u00f1ala la proliferaci\u00f3n de la enfermedad.<\/span><\/p>\n<p><span style=\"color: #000000;\">Desde el Ayuntamiento de la Bisbal somos conscientes de que se trata de una zona emblem\u00e1tica del municipio y que, este arbolado, es un rasgo identitario en esta avenida pero mantener los \u00e1rboles en este estado podr\u00eda suponer un riesgo para la ciudadan\u00eda. Podr\u00edan romperse algunas partes de los \u00e1rboles (hecho que ya ha empezado a suceder) o incluso podr\u00eda haber casos de roturas de \u00e1rboles enteros, con el peligro que esto supone para la seguridad de la ciudadan\u00eda, los veh\u00edculos que circulan por la v\u00eda, los objetos y las construcciones que hay en la zona.<\/span><\/p>\n<p><span style=\"color: #000000;\">La tala de \u00e1rboles ser har\u00e1 en varias fases. Se empezar\u00e1 por reemplazar las bajas existentes de a\u00f1os anteriores, es decir, \u00e1rboles que han sido talados con anterioridad o que se han ca\u00eddo a causa del viento. Se talar\u00e1n 25 \u00e1rboles (aproximadamente) que est\u00e1n muy deteriorados. En los pr\u00f3ximos a\u00f1os ser\u00e1 necesario renovar todo el arbolado de estas calles, ya que todas las moreras est\u00e1n afectadas, aunque presentan varios grados de afectaci\u00f3n. Desde el Ayuntamiento haremos todo lo posible porqu\u00e9 esta avenida contin\u00fae luciendo como se merece, por eso pedimos paciencia porqu\u00e9 tendr\u00e1 que pasar un tiempo entre la tala de los \u00e1rboles y la plantaci\u00f3n de nueva vegetaci\u00f3n en la zona.<\/span><\/p>\n<p><span style=\"color: #000000;\"><strong>Las causas de la enfermedad<\/strong><\/span><\/p>\n<p><span style=\"color: #000000;\">Los especialistas en jardiner\u00eda se\u00f1alan que la causa principal de este problema son las podas reiteradas que han sufrido estos \u00e1rboles a lo largo de los a\u00f1os. Los \u00e1rboles est\u00e1n ubicados en una v\u00eda principal del municipio (la antigua carretera de la Juncosa) y el exceso de frondosidad de los \u00e1rboles pod\u00eda provocar problemas de visibilidad en la conducci\u00f3n o invadir la acera, perjudicando as\u00ed la circulaci\u00f3n de veh\u00edculos y de peatones. Es por eso que las moreras han sido podadas durante muchos a\u00f1os, de forma m\u00e1s o menos acertada (seg\u00fan nos han indicado) y, como que las podas excesivamente severas no son bien toleradas por los \u00e1rboles, estos no han podido curarlas, momento en qu\u00e9 el hongo ha aprovechado para proliferar.<\/span><\/p>\n","protected":false},"excerpt":{"rendered":"<p>CATAL\u00c0 | La Regidoria de Medi Ambient informa que partir de la setmana vinent la brigada municipal comen\u00e7ar\u00e0 a talar algunes de les moreres &#8220;morus alba&#8221; que hi ha a &hellip; <a href=\"https:\/\/bisbalpenedes.com\/web\/2018\/03\/13\/una-infeccio-per-fongs-obliga-a-talar-diversos-arbres-de-lavinguda-baix-penedes\/\" class=\"more-link\">Read More<\/a><\/p>\n","protected":false},"author":4,"featured_media":5031,"comment_status":"closed","ping_status":"closed","sticky":false,"template":"","format":"standard","meta":[],"categories":[32],"tags":[121,1419,1420,1421,1422,504,220,1425,1424,1423,1418],"_links":{"self":[{"href":"https:\/\/bisbalpenedes.com\/web\/wp-json\/wp\/v2\/posts\/5030"}],"collection":[{"href":"https:\/\/bisbalpenedes.com\/web\/wp-json\/wp\/v2\/posts"}],"about":[{"href":"https:\/\/bisbalpenedes.com\/web\/wp-json\/wp\/v2\/types\/post"}],"author":[{"embeddable":true,"href":"https:\/\/bisbalpenedes.com\/web\/wp-json\/wp\/v2\/users\/4"}],"replies":[{"embeddable":true,"href":"https:\/\/bisbalpenedes.com\/web\/wp-json\/wp\/v2\/comments?post=5030"}],"version-history":[{"count":2,"href":"https:\/\/bisbalpenedes.com\/web\/wp-json\/wp\/v2\/posts\/5030\/revisions"}],"predecessor-version":[{"id":5034,"href":"https:\/\/bisbalpenedes.com\/web\/wp-json\/wp\/v2\/posts\/5030\/revisions\/5034"}],"wp:featuredmedia":[{"embeddable":true,"href":"https:\/\/bisbalpenedes.com\/web\/wp-json\/wp\/v2\/media\/5031"}],"wp:attachment":[{"href":"https:\/\/bisbalpenedes.com\/web\/wp-json\/wp\/v2\/media?parent=5030"}],"wp:term":[{"taxonomy":"category","embeddable":true,"href":"https:\/\/bisbalpenedes.com\/web\/wp-json\/wp\/v2\/categories?post=5030"},{"taxonomy":"post_tag","embeddable":true,"href":"https:\/\/bisbalpenedes.com\/web\/wp-json\/wp\/v2\/tags?post=5030"}],"curies":[{"name":"wp","href":"https:\/\/api.w.org\/{rel}","templated":true}]}}