{"id":5026,"date":"2018-03-13T12:34:22","date_gmt":"2018-03-13T11:34:22","guid":{"rendered":"http:\/\/bisbalpenedes.com\/web\/?p=5026"},"modified":"2018-03-13T12:34:22","modified_gmt":"2018-03-13T11:34:22","slug":"el-consell-esportiu-del-baix-penedes-organitza-un-curs-de-dinamitzadora-poliesportiuva-per-aquest-mes-de-marc","status":"publish","type":"post","link":"https:\/\/bisbalpenedes.com\/web\/2018\/03\/13\/el-consell-esportiu-del-baix-penedes-organitza-un-curs-de-dinamitzadora-poliesportiuva-per-aquest-mes-de-marc\/","title":{"rendered":"El Consell Esportiu del Baix Pened\u00e8s organitza un curs de Dinamitzador\/a Poliesportiu\/va per aquest mes de mar\u00e7"},"content":{"rendered":"<p><strong>CATAL\u00c0<\/strong> | Des del Consell Esportiu del Baix Pened\u00e8s ens informen que del 23 al 29 de mar\u00e7 es dur\u00e0 a terme un Curs d\u2019Iniciaci\u00f3 a T\u00e8cnic\/a Esportiu\/va que es dur\u00e0 a terme al Complex Tennis Vendrell durant el mes de mar\u00e7. Es tracta d\u2019una formaci\u00f3 reconeguda per donar acc\u00e9s al Registre Oficial de Professionals de l\u2019Esport i la titulaci\u00f3 reconeguda \u00e9s la de \u2018Dinamitzador\/a esportiu\/va\u2019. Les inscripcions finalitzen el dia 20 de mar\u00e7. Us adjuntem el tr\u00edptic informatiu.<\/p>\n<p><strong>CASTELLANO<\/strong> | Desde el Consell Esportiu del Baix Pened\u00e8s nos informan que del 23 al 29 de marzo se llevar\u00e1 a cabo un Curso de Iniciaci\u00f3n a T\u00e9cnico\/a Deportivo\/a que se realizar\u00e1 en el Complejo Tennis Vendrell durante el mes de marzo. Se trata de una formaci\u00f3n reconocida para dar acceso al Registro Oficial de Profesionales del Deporte y la titulaci\u00f3n reconocida es la de \u2018Dinamizador\/a Deportivo\/a\u2019. Las inscripciones finalizan el d\u00eda 20 de marzo. Os adjuntamos el tr\u00edptico informativo.<\/p>\n<p><a href=\"http:\/\/bisbalpenedes.com\/web\/wp-content\/uploads\/2018\/03\/1a-PART-CIATE-SETMANA-SANTA-2018-TRiPTIC.jpg\"><img loading=\"lazy\" class=\"aligncenter size-full wp-image-5027\" src=\"http:\/\/bisbalpenedes.com\/web\/wp-content\/uploads\/2018\/03\/1a-PART-CIATE-SETMANA-SANTA-2018-TRiPTIC.jpg\" alt=\"1a PART CIATE SETMANA SANTA 2018 - TRiPTIC\" width=\"1754\" height=\"1240\" srcset=\"https:\/\/bisbalpenedes.com\/web\/wp-content\/uploads\/2018\/03\/1a-PART-CIATE-SETMANA-SANTA-2018-TRiPTIC.jpg 1754w, https:\/\/bisbalpenedes.com\/web\/wp-content\/uploads\/2018\/03\/1a-PART-CIATE-SETMANA-SANTA-2018-TRiPTIC-600x424.jpg 600w, https:\/\/bisbalpenedes.com\/web\/wp-content\/uploads\/2018\/03\/1a-PART-CIATE-SETMANA-SANTA-2018-TRiPTIC-300x212.jpg 300w, https:\/\/bisbalpenedes.com\/web\/wp-content\/uploads\/2018\/03\/1a-PART-CIATE-SETMANA-SANTA-2018-TRiPTIC-768x543.jpg 768w, https:\/\/bisbalpenedes.com\/web\/wp-content\/uploads\/2018\/03\/1a-PART-CIATE-SETMANA-SANTA-2018-TRiPTIC-1024x724.jpg 1024w\" sizes=\"(max-width: 1754px) 100vw, 1754px\" \/><\/a><\/p>\n<p><a href=\"http:\/\/bisbalpenedes.com\/web\/wp-content\/uploads\/2018\/03\/2a-PART-CIATE-SETMANA-SANTA-2018-TRiPTIC.jpg\"><img loading=\"lazy\" class=\"aligncenter size-full wp-image-5028\" src=\"http:\/\/bisbalpenedes.com\/web\/wp-content\/uploads\/2018\/03\/2a-PART-CIATE-SETMANA-SANTA-2018-TRiPTIC.jpg\" alt=\"2a PART CIATE SETMANA SANTA 2018 - TRiPTIC\" width=\"1754\" height=\"1240\" srcset=\"https:\/\/bisbalpenedes.com\/web\/wp-content\/uploads\/2018\/03\/2a-PART-CIATE-SETMANA-SANTA-2018-TRiPTIC.jpg 1754w, https:\/\/bisbalpenedes.com\/web\/wp-content\/uploads\/2018\/03\/2a-PART-CIATE-SETMANA-SANTA-2018-TRiPTIC-600x424.jpg 600w, https:\/\/bisbalpenedes.com\/web\/wp-content\/uploads\/2018\/03\/2a-PART-CIATE-SETMANA-SANTA-2018-TRiPTIC-300x212.jpg 300w, https:\/\/bisbalpenedes.com\/web\/wp-content\/uploads\/2018\/03\/2a-PART-CIATE-SETMANA-SANTA-2018-TRiPTIC-768x543.jpg 768w, https:\/\/bisbalpenedes.com\/web\/wp-content\/uploads\/2018\/03\/2a-PART-CIATE-SETMANA-SANTA-2018-TRiPTIC-1024x724.jpg 1024w\" sizes=\"(max-width: 1754px) 100vw, 1754px\" \/><\/a><\/p>\n","protected":false},"excerpt":{"rendered":"<p>CATAL\u00c0 | Des del Consell Esportiu del Baix Pened\u00e8s ens informen que del 23 al 29 de mar\u00e7 es dur\u00e0 a terme un Curs d\u2019Iniciaci\u00f3 a T\u00e8cnic\/a Esportiu\/va que es &hellip; <a href=\"https:\/\/bisbalpenedes.com\/web\/2018\/03\/13\/el-consell-esportiu-del-baix-penedes-organitza-un-curs-de-dinamitzadora-poliesportiuva-per-aquest-mes-de-marc\/\" class=\"more-link\">Read More<\/a><\/p>\n","protected":false},"author":4,"featured_media":5028,"comment_status":"closed","ping_status":"closed","sticky":false,"template":"","format":"standard","meta":[],"categories":[19],"tags":[1415,1416,1010,368,273,1417,288],"_links":{"self":[{"href":"https:\/\/bisbalpenedes.com\/web\/wp-json\/wp\/v2\/posts\/5026"}],"collection":[{"href":"https:\/\/bisbalpenedes.com\/web\/wp-json\/wp\/v2\/posts"}],"about":[{"href":"https:\/\/bisbalpenedes.com\/web\/wp-json\/wp\/v2\/types\/post"}],"author":[{"embeddable":true,"href":"https:\/\/bisbalpenedes.com\/web\/wp-json\/wp\/v2\/users\/4"}],"replies":[{"embeddable":true,"href":"https:\/\/bisbalpenedes.com\/web\/wp-json\/wp\/v2\/comments?post=5026"}],"version-history":[{"count":1,"href":"https:\/\/bisbalpenedes.com\/web\/wp-json\/wp\/v2\/posts\/5026\/revisions"}],"predecessor-version":[{"id":5029,"href":"https:\/\/bisbalpenedes.com\/web\/wp-json\/wp\/v2\/posts\/5026\/revisions\/5029"}],"wp:featuredmedia":[{"embeddable":true,"href":"https:\/\/bisbalpenedes.com\/web\/wp-json\/wp\/v2\/media\/5028"}],"wp:attachment":[{"href":"https:\/\/bisbalpenedes.com\/web\/wp-json\/wp\/v2\/media?parent=5026"}],"wp:term":[{"taxonomy":"category","embeddable":true,"href":"https:\/\/bisbalpenedes.com\/web\/wp-json\/wp\/v2\/categories?post=5026"},{"taxonomy":"post_tag","embeddable":true,"href":"https:\/\/bisbalpenedes.com\/web\/wp-json\/wp\/v2\/tags?post=5026"}],"curies":[{"name":"wp","href":"https:\/\/api.w.org\/{rel}","templated":true}]}}