{"id":5022,"date":"2018-03-12T11:49:27","date_gmt":"2018-03-12T10:49:27","guid":{"rendered":"http:\/\/bisbalpenedes.com\/web\/?p=5022"},"modified":"2018-03-12T11:49:27","modified_gmt":"2018-03-12T10:49:27","slug":"ja-han-finalitzat-els-treballs-de-pintura-a-laparcament-de-la-llar-dinfants-loreneta","status":"publish","type":"post","link":"https:\/\/bisbalpenedes.com\/web\/2018\/03\/12\/ja-han-finalitzat-els-treballs-de-pintura-a-laparcament-de-la-llar-dinfants-loreneta\/","title":{"rendered":"Ja han finalitzat els treballs de pintura a l&#8217;aparcament de la Llar d&#8217;Infants L&#8217;Oreneta"},"content":{"rendered":"<div class=\"\" data-block=\"true\" data-editor=\"9eoc5\" data-offset-key=\"etj7g-0-0\">\n<div class=\"_1mf _1mj\" data-offset-key=\"etj7g-0-0\"><span style=\"color: #000000;\" data-offset-key=\"etj7g-0-0\"><span data-text=\"true\"><strong>CATAL\u00c0 |<\/strong> La Regidoria d&#8217;Educaci\u00f3 informa que s&#8217;han dut a terme les tasques de pintura a l&#8217;aparcament de la Llar d&#8217;Infants l&#8217;Oreneta. S&#8217;han pintat les places d&#8217;aparcament per organitzar d&#8217;una forma m\u00e9s efica\u00e7 l&#8217;estacionament. Tamb\u00e9 s&#8217;ha pintat i delimitat la pla\u00e7a per a minusv\u00e0lids, que est\u00e0 situada just al costat de la rampa d&#8217;acc\u00e9s i degudament senyalitzada.<\/span><\/span><\/div>\n<\/div>\n<div class=\"_1mf _1mj\" data-offset-key=\"etj7g-0-0\"><\/div>\n<div class=\"\" data-block=\"true\" data-editor=\"9eoc5\" data-offset-key=\"1ifao-0-0\">\n<div class=\"_1mf _1mj\" data-offset-key=\"1ifao-0-0\"><a href=\"http:\/\/bisbalpenedes.com\/web\/wp-content\/uploads\/2018\/03\/DSC01712.jpg\"><img loading=\"lazy\" class=\"aligncenter size-medium wp-image-5023\" src=\"http:\/\/bisbalpenedes.com\/web\/wp-content\/uploads\/2018\/03\/DSC01712-300x225.jpg\" alt=\"pintura parking llar infants\" width=\"300\" height=\"225\" srcset=\"https:\/\/bisbalpenedes.com\/web\/wp-content\/uploads\/2018\/03\/DSC01712-300x225.jpg 300w, https:\/\/bisbalpenedes.com\/web\/wp-content\/uploads\/2018\/03\/DSC01712-600x450.jpg 600w, https:\/\/bisbalpenedes.com\/web\/wp-content\/uploads\/2018\/03\/DSC01712-768x576.jpg 768w, https:\/\/bisbalpenedes.com\/web\/wp-content\/uploads\/2018\/03\/DSC01712-1024x768.jpg 1024w\" sizes=\"(max-width: 300px) 100vw, 300px\" \/><\/a><\/div>\n<\/div>\n<div class=\"\" data-block=\"true\" data-editor=\"9eoc5\" data-offset-key=\"br8tu-0-0\">\n<div class=\"_1mf _1mj\" data-offset-key=\"br8tu-0-0\"><span style=\"color: #000000;\" data-offset-key=\"br8tu-0-0\"><span data-text=\"true\"><strong>CASTELLANO |<\/strong> La Regidoria d&#8217;Educaci\u00f3 informa que se han llevado a cabo los trabajos de pintura en el aparcamiento de la Llar d&#8217;Infants L&#8217;Oreneta. <\/span><\/span><\/div>\n<\/div>\n<div class=\"\" data-block=\"true\" data-editor=\"9eoc5\" data-offset-key=\"8edi3-0-0\">\n<div class=\"_1mf _1mj\" data-offset-key=\"8edi3-0-0\"><span style=\"color: #000000;\" data-offset-key=\"8edi3-0-0\"><span data-text=\"true\">Se han pintado las plazas del parking para organizar de una forma m\u00e1s eficiente el estacionamiento. Tambi\u00e9n se ha pintado y delimitado l a plaza para minusv\u00e1lidos, que est\u00e1 situada justo al lado de la rampa de acceso y debidamente se\u00f1alizada. <\/span><\/span><\/div>\n<\/div>\n","protected":false},"excerpt":{"rendered":"<p>CATAL\u00c0 | La Regidoria d&#8217;Educaci\u00f3 informa que s&#8217;han dut a terme les tasques de pintura a l&#8217;aparcament de la Llar d&#8217;Infants l&#8217;Oreneta. S&#8217;han pintat les places d&#8217;aparcament per organitzar d&#8217;una &hellip; <a href=\"https:\/\/bisbalpenedes.com\/web\/2018\/03\/12\/ja-han-finalitzat-els-treballs-de-pintura-a-laparcament-de-la-llar-dinfants-loreneta\/\" class=\"more-link\">Read More<\/a><\/p>\n","protected":false},"author":4,"featured_media":5023,"comment_status":"closed","ping_status":"closed","sticky":false,"template":"","format":"standard","meta":[],"categories":[16],"tags":[330,1090,272,1269,1381,1414],"_links":{"self":[{"href":"https:\/\/bisbalpenedes.com\/web\/wp-json\/wp\/v2\/posts\/5022"}],"collection":[{"href":"https:\/\/bisbalpenedes.com\/web\/wp-json\/wp\/v2\/posts"}],"about":[{"href":"https:\/\/bisbalpenedes.com\/web\/wp-json\/wp\/v2\/types\/post"}],"author":[{"embeddable":true,"href":"https:\/\/bisbalpenedes.com\/web\/wp-json\/wp\/v2\/users\/4"}],"replies":[{"embeddable":true,"href":"https:\/\/bisbalpenedes.com\/web\/wp-json\/wp\/v2\/comments?post=5022"}],"version-history":[{"count":1,"href":"https:\/\/bisbalpenedes.com\/web\/wp-json\/wp\/v2\/posts\/5022\/revisions"}],"predecessor-version":[{"id":5024,"href":"https:\/\/bisbalpenedes.com\/web\/wp-json\/wp\/v2\/posts\/5022\/revisions\/5024"}],"wp:featuredmedia":[{"embeddable":true,"href":"https:\/\/bisbalpenedes.com\/web\/wp-json\/wp\/v2\/media\/5023"}],"wp:attachment":[{"href":"https:\/\/bisbalpenedes.com\/web\/wp-json\/wp\/v2\/media?parent=5022"}],"wp:term":[{"taxonomy":"category","embeddable":true,"href":"https:\/\/bisbalpenedes.com\/web\/wp-json\/wp\/v2\/categories?post=5022"},{"taxonomy":"post_tag","embeddable":true,"href":"https:\/\/bisbalpenedes.com\/web\/wp-json\/wp\/v2\/tags?post=5022"}],"curies":[{"name":"wp","href":"https:\/\/api.w.org\/{rel}","templated":true}]}}