{"id":5017,"date":"2018-03-12T10:13:12","date_gmt":"2018-03-12T09:13:12","guid":{"rendered":"http:\/\/bisbalpenedes.com\/web\/?p=5017"},"modified":"2018-03-12T10:14:47","modified_gmt":"2018-03-12T09:14:47","slug":"preinscripcions-a-lescola-ull-de-vent","status":"publish","type":"post","link":"https:\/\/bisbalpenedes.com\/web\/2018\/03\/12\/preinscripcions-a-lescola-ull-de-vent\/","title":{"rendered":"Per\u00edode de preinscripcions a l\u2019Escola Ull de Vent"},"content":{"rendered":"<p>CATAL\u00c0 | L\u2019Escola Ull de Vent informa que la preinscripci\u00f3 per al curs 2018-2019 es podr\u00e0 fer del 13 al 24 d\u2019abril. Abans, del 3 al 6 d\u2019abril, es podr\u00e0 visitar el centre escolar.<\/p>\n<p><a href=\"http:\/\/bisbalpenedes.com\/web\/wp-content\/uploads\/2018\/03\/0FA42001-F717-4969-B235-DB37E9D07AEF.jpeg\"><img loading=\"lazy\" class=\"aligncenter size-thumbnail wp-image-5018\" src=\"http:\/\/bisbalpenedes.com\/web\/wp-content\/uploads\/2018\/03\/0FA42001-F717-4969-B235-DB37E9D07AEF-150x150.jpeg\" alt=\"Preinscripcions escola\" width=\"150\" height=\"150\" srcset=\"https:\/\/bisbalpenedes.com\/web\/wp-content\/uploads\/2018\/03\/0FA42001-F717-4969-B235-DB37E9D07AEF-150x150.jpeg 150w, https:\/\/bisbalpenedes.com\/web\/wp-content\/uploads\/2018\/03\/0FA42001-F717-4969-B235-DB37E9D07AEF-300x300.jpeg 300w, https:\/\/bisbalpenedes.com\/web\/wp-content\/uploads\/2018\/03\/0FA42001-F717-4969-B235-DB37E9D07AEF-100x100.jpeg 100w\" sizes=\"(max-width: 150px) 100vw, 150px\" \/><\/a><\/p>\n<p>CASTELLANO | La Escola Ull de Vent informa que la preinscripci\u00f3n para el curso 2018-2019 se podr\u00e1 hacer entre el 13 y el 24 de abril. Antes, del 3 al 6 de abril, se podr\u00e1 visitar el centro escolar.<\/p>\n<p>&nbsp;<\/p>\n","protected":false},"excerpt":{"rendered":"<p>CATAL\u00c0 | L\u2019Escola Ull de Vent informa que la preinscripci\u00f3 per al curs 2018-2019 es podr\u00e0 fer del 13 al 24 d\u2019abril. Abans, del 3 al 6 d\u2019abril, es podr\u00e0 &hellip; <a href=\"https:\/\/bisbalpenedes.com\/web\/2018\/03\/12\/preinscripcions-a-lescola-ull-de-vent\/\" class=\"more-link\">Read More<\/a><\/p>\n","protected":false},"author":4,"featured_media":5018,"comment_status":"closed","ping_status":"closed","sticky":false,"template":"","format":"standard","meta":[],"categories":[16],"tags":[65,1413,1412,478,222],"_links":{"self":[{"href":"https:\/\/bisbalpenedes.com\/web\/wp-json\/wp\/v2\/posts\/5017"}],"collection":[{"href":"https:\/\/bisbalpenedes.com\/web\/wp-json\/wp\/v2\/posts"}],"about":[{"href":"https:\/\/bisbalpenedes.com\/web\/wp-json\/wp\/v2\/types\/post"}],"author":[{"embeddable":true,"href":"https:\/\/bisbalpenedes.com\/web\/wp-json\/wp\/v2\/users\/4"}],"replies":[{"embeddable":true,"href":"https:\/\/bisbalpenedes.com\/web\/wp-json\/wp\/v2\/comments?post=5017"}],"version-history":[{"count":3,"href":"https:\/\/bisbalpenedes.com\/web\/wp-json\/wp\/v2\/posts\/5017\/revisions"}],"predecessor-version":[{"id":5021,"href":"https:\/\/bisbalpenedes.com\/web\/wp-json\/wp\/v2\/posts\/5017\/revisions\/5021"}],"wp:featuredmedia":[{"embeddable":true,"href":"https:\/\/bisbalpenedes.com\/web\/wp-json\/wp\/v2\/media\/5018"}],"wp:attachment":[{"href":"https:\/\/bisbalpenedes.com\/web\/wp-json\/wp\/v2\/media?parent=5017"}],"wp:term":[{"taxonomy":"category","embeddable":true,"href":"https:\/\/bisbalpenedes.com\/web\/wp-json\/wp\/v2\/categories?post=5017"},{"taxonomy":"post_tag","embeddable":true,"href":"https:\/\/bisbalpenedes.com\/web\/wp-json\/wp\/v2\/tags?post=5017"}],"curies":[{"name":"wp","href":"https:\/\/api.w.org\/{rel}","templated":true}]}}