{"id":5007,"date":"2018-03-11T12:51:47","date_gmt":"2018-03-11T11:51:47","guid":{"rendered":"http:\/\/bisbalpenedes.com\/web\/?p=5007"},"modified":"2018-03-11T12:59:43","modified_gmt":"2018-03-11T11:59:43","slug":"el-ball-de-diables-de-la-bisbal-mante-obertes-les-inscripcions-fins-al-17-de-marc","status":"publish","type":"post","link":"https:\/\/bisbalpenedes.com\/web\/2018\/03\/11\/el-ball-de-diables-de-la-bisbal-mante-obertes-les-inscripcions-fins-al-17-de-marc\/","title":{"rendered":"El Ball de Diables de la Bisbal mant\u00e9 obertes les inscripcions fins al 17 de mar\u00e7"},"content":{"rendered":"<p><span style=\"color: #000000;\"><strong>CATAL\u00c0<\/strong> | El passat dissabte 3 de mar\u00e7 el Ball de Diables de la Bisbal va celebrar una reuni\u00f3 adre\u00e7ada a aquelles persones que estiguessin interessades a formar part de l\u2019entitat. De moment, un total de dotze persones (onze infants i un adult), han decidit entrar a formar part d\u2019aquest element del seguici popular bisbalenc. Les inscripcions continuaran obertes fins al dissabte 17 de mar\u00e7. Si esteu interessats a formar part de la colla, podeu comunicar-vos amb els seus membres per correu electr\u00f2nic <a style=\"color: #000000;\" href=\"mailto:balldiables.bisbalpenedes@gmail.com\">balldiables.bisbalpenedes@gmail.com<\/a> o a trav\u00e9s de la p\u00e0gina de Facebook de l\u2019entitat: <a style=\"color: #000000;\" href=\"https:\/\/www.facebook.com\/balldiables.bisbalpenedes\/\">https:\/\/www.facebook.com\/balldiables.bisbalpenedes\/<\/a><\/span><\/p>\n<p style=\"text-align: justify;\"><span style=\"color: #000000;\">Durant la reuni\u00f3 del passat dissabte es va fer una presentaci\u00f3 de la colla i es van proporcionar detalls sobre l\u2019organitzaci\u00f3 interna de l\u2019entitat i el seu funcionament. Tamb\u00e9 es van donar a con\u00e8ixer els membres de la junta de l\u2019associaci\u00f3, es va explicar el funcionament de l\u2019element festiu bisbalenc, es va facilitar informaci\u00f3 sobre la legislaci\u00f3 vigent que regula l\u2019\u00fas de materials pirot\u00e8cnics per a grups de foc i es van donar detalls sobre els assajos i les sortides.<\/span><\/p>\n<p style=\"text-align: justify;\"><span style=\"color: #000000;\">Els assistents van poder saber m\u00e9s sobre la hist\u00f2ria d\u2019aquest element del seguici festiu i tamb\u00e9 sobre el present, ja que els membres de l\u2019entitat van avan\u00e7ar que enguany disposaran d\u2019un local que cedir\u00e0 \u00a0l\u2019Ajuntament de la Bisbal perqu\u00e8 puguin fer-lo servir de magatzem i van explicar que aquest 2018 invertiran la subvenci\u00f3 que els concedeix l\u2019Ajuntament en l\u2019adquisici\u00f3 de tambors, casaques i pantalons per a la canalla, pirot\u00e8cnia per a la festa major i elements de marxandatge (molt probablement samarretes).<\/span><\/p>\n<p style=\"text-align: justify;\"><span style=\"color: #000000;\">El grup va explicar als assistents que durant la Festa Major de la Bisbal participaran en els actes habituals: el correfoc del Ball de Diables i els versots, el correfoc dels Diablons i el ja tradicional sopar de Festa Major. Quant a les sortides programades, enguany tenen previst anar a Olesa de Bonesvalls, Santa Margarida i els Monjos i Banyeres. Tamb\u00e9 hi ha una sortida prevista a Lloren\u00e7 del Pened\u00e8s. En aquest cas es tracta d\u2019un intercanvi: els diablons de la Bisbal aniran a Lloren\u00e7 i els de Lloren\u00e7 participaran al correfoc infantil durant la Festa Major de la Bisbal.<\/span><\/p>\n<p style=\"text-align: justify;\"><a href=\"http:\/\/bisbalpenedes.com\/web\/wp-content\/uploads\/2018\/03\/diables-2.jpg\"><img loading=\"lazy\" class=\"aligncenter size-medium wp-image-5008\" src=\"http:\/\/bisbalpenedes.com\/web\/wp-content\/uploads\/2018\/03\/diables-2-300x178.jpg\" alt=\"reuni\u00f3 diables 2\" width=\"300\" height=\"178\" srcset=\"https:\/\/bisbalpenedes.com\/web\/wp-content\/uploads\/2018\/03\/diables-2-300x178.jpg 300w, https:\/\/bisbalpenedes.com\/web\/wp-content\/uploads\/2018\/03\/diables-2-600x356.jpg 600w, https:\/\/bisbalpenedes.com\/web\/wp-content\/uploads\/2018\/03\/diables-2-768x456.jpg 768w, https:\/\/bisbalpenedes.com\/web\/wp-content\/uploads\/2018\/03\/diables-2.jpg 997w\" sizes=\"(max-width: 300px) 100vw, 300px\" \/><\/a><\/p>\n<p style=\"text-align: justify;\"><span style=\"color: #003366;\"><strong>CASTELLANO<\/strong> | El s\u00e1bado pasado, 3 de marzo, el Ball de Diables de la Bisbal celebr\u00f3 una reuni\u00f3n dirigida a aquellas personas que estuviesen interesadas en formar parte de la entidad. De momento, un total de doce personas (once ni\u00f1os\/as y un adulto), han decidido entrar a formar parte de este elemento del <em>seguici <\/em>popular bisbalense. Las inscripciones continuar\u00e1n abiertas hasta el s\u00e1bado 17 de marzo. Si est\u00e1is interesados en formar parte del grupo, pod\u00e9is comunicaros con sus miembros por correo electr\u00f3nico <a style=\"color: #003366;\" href=\"mailto:balldiables.bisbalpenedes@gmail.com\">balldiables.bisbalpenedes@gmail.com<\/a> o a trav\u00e9s de la p\u00e1gina de Facebook de la entidad:\u00a0<a style=\"color: #003366;\" href=\"http:\/\/www.facebook.com\/balldiables.bisbalpenedes\/\">www.facebook.com\/balldiables.bisbalpenedes\/<\/a><\/span><\/p>\n<p style=\"text-align: justify;\"><span style=\"color: #003366;\">Durante la reuni\u00f3n del pasado s\u00e1bado se hizo una presentaci\u00f3n del grupo y se proporcionaron detalles sobre la organizaci\u00f3n interna de la entidad y su funcionamiento. Tambi\u00e9n se dieron a conocer los miembros de la junta de la asociaci\u00f3n y se explic\u00f3 el funcionamiento del elemento festivo bisbalense, se facilit\u00f3 informaci\u00f3n sobre la legislaci\u00f3n vigente que regula el uso de materiales pirot\u00e9cnicos para grupos de fuego y se dieron detalles sobre los ensayos y las salidas.<\/span><\/p>\n<p style=\"text-align: justify;\"><span style=\"color: #003366;\">Los asistentes pudieron saber m\u00e1s sobre la historia de este elemento festivo y tambi\u00e9n sobre el presente, ya que los miembros de la entidad adelantaron que este a\u00f1o dispondr\u00e1n de un local que les ceder\u00e1 el Ayuntamiento de la Bisbal del Pened\u00e8s para que puedan usarlo de almac\u00e9n y explicaron que este 2018 invertir\u00e1n la subvenci\u00f3n que les concede el Ayuntamiento en la adquisici\u00f3n de tambores, casacas y pantalones para los ni\u00f1os, pirotecnia para la fiesta mayor y elementos de <em>merchandising<\/em> (muy probablemente camisetas)<\/span><\/p>\n<p style=\"text-align: justify;\"><span style=\"color: #003366;\">El grupo explic\u00f3 a los asistentes que durante la Fiesta Mayor de la Bisbal participaran en los actos habituales: el <em>correfoc<\/em> del Ball de Diables y los <em>versots<\/em>, el <em>correfoc <\/em>de los Diablons y la ya tradicional cena de Fiesta Mayor. En cuanto a salidas programadas, este a\u00f1o tienen previsto ir a Olesa de Bonesvalls, Santa Margarida i els Monjos y Banyeres del Pened\u00e8s. Tambi\u00e9n tienen una salida prevista a Lloren\u00e7 del Pened\u00e8s. En este caso se trata de un intercambio: los <em>diablons<\/em> de la Bisbal ir\u00e1n a Lloren\u00e7 y los de Lloren\u00e7 participar\u00e1n en el <em>correfoc<\/em> infantil durante la Fiesta Mayor de la Bisbal.<\/span><\/p>\n<p>&nbsp;<\/p>\n","protected":false},"excerpt":{"rendered":"<p>CATAL\u00c0 | El passat dissabte 3 de mar\u00e7 el Ball de Diables de la Bisbal va celebrar una reuni\u00f3 adre\u00e7ada a aquelles persones que estiguessin interessades a formar part de &hellip; <a href=\"https:\/\/bisbalpenedes.com\/web\/2018\/03\/11\/el-ball-de-diables-de-la-bisbal-mante-obertes-les-inscripcions-fins-al-17-de-marc\/\" class=\"more-link\">Read More<\/a><\/p>\n","protected":false},"author":4,"featured_media":5008,"comment_status":"closed","ping_status":"closed","sticky":false,"template":"","format":"standard","meta":[],"categories":[20],"tags":[692,698,652,1409,273,1249,1408,397,1410,1411,1016],"_links":{"self":[{"href":"https:\/\/bisbalpenedes.com\/web\/wp-json\/wp\/v2\/posts\/5007"}],"collection":[{"href":"https:\/\/bisbalpenedes.com\/web\/wp-json\/wp\/v2\/posts"}],"about":[{"href":"https:\/\/bisbalpenedes.com\/web\/wp-json\/wp\/v2\/types\/post"}],"author":[{"embeddable":true,"href":"https:\/\/bisbalpenedes.com\/web\/wp-json\/wp\/v2\/users\/4"}],"replies":[{"embeddable":true,"href":"https:\/\/bisbalpenedes.com\/web\/wp-json\/wp\/v2\/comments?post=5007"}],"version-history":[{"count":6,"href":"https:\/\/bisbalpenedes.com\/web\/wp-json\/wp\/v2\/posts\/5007\/revisions"}],"predecessor-version":[{"id":5014,"href":"https:\/\/bisbalpenedes.com\/web\/wp-json\/wp\/v2\/posts\/5007\/revisions\/5014"}],"wp:featuredmedia":[{"embeddable":true,"href":"https:\/\/bisbalpenedes.com\/web\/wp-json\/wp\/v2\/media\/5008"}],"wp:attachment":[{"href":"https:\/\/bisbalpenedes.com\/web\/wp-json\/wp\/v2\/media?parent=5007"}],"wp:term":[{"taxonomy":"category","embeddable":true,"href":"https:\/\/bisbalpenedes.com\/web\/wp-json\/wp\/v2\/categories?post=5007"},{"taxonomy":"post_tag","embeddable":true,"href":"https:\/\/bisbalpenedes.com\/web\/wp-json\/wp\/v2\/tags?post=5007"}],"curies":[{"name":"wp","href":"https:\/\/api.w.org\/{rel}","templated":true}]}}