{"id":4993,"date":"2018-03-10T14:42:36","date_gmt":"2018-03-10T13:42:36","guid":{"rendered":"http:\/\/bisbalpenedes.com\/web\/?p=4993"},"modified":"2018-03-10T14:42:51","modified_gmt":"2018-03-10T13:42:51","slug":"lassociacio-de-dones-de-la-roca-foradada-ofereix-una-xerrada-amb-motiu-del-dia-internacional-de-la-dona","status":"publish","type":"post","link":"https:\/\/bisbalpenedes.com\/web\/2018\/03\/10\/lassociacio-de-dones-de-la-roca-foradada-ofereix-una-xerrada-amb-motiu-del-dia-internacional-de-la-dona\/","title":{"rendered":"L&#8217;Associaci\u00f3 de dones de la Roca Foradada oferir\u00e0 una xerrada amb motiu del Dia Internacional de la Dona"},"content":{"rendered":"<p><a href=\"http:\/\/bisbalpenedes.com\/web\/wp-content\/uploads\/2018\/02\/dones-roca-foradada.jpg\"><img loading=\"lazy\" class=\"aligncenter size-medium wp-image-4991\" src=\"http:\/\/bisbalpenedes.com\/web\/wp-content\/uploads\/2018\/02\/dones-roca-foradada-214x300.jpg\" alt=\"dones roca foradada\" width=\"214\" height=\"300\" srcset=\"https:\/\/bisbalpenedes.com\/web\/wp-content\/uploads\/2018\/02\/dones-roca-foradada-214x300.jpg 214w, https:\/\/bisbalpenedes.com\/web\/wp-content\/uploads\/2018\/02\/dones-roca-foradada-600x841.jpg 600w, https:\/\/bisbalpenedes.com\/web\/wp-content\/uploads\/2018\/02\/dones-roca-foradada-768x1077.jpg 768w, https:\/\/bisbalpenedes.com\/web\/wp-content\/uploads\/2018\/02\/dones-roca-foradada-730x1024.jpg 730w, https:\/\/bisbalpenedes.com\/web\/wp-content\/uploads\/2018\/02\/dones-roca-foradada-scaled.jpg 1825w\" sizes=\"(max-width: 214px) 100vw, 214px\" \/><\/a><\/p>\n<p>L&#8217;<a class=\"profileLink\" href=\"https:\/\/www.facebook.com\/RocaForadada\/?fref=mentions\" data-hovercard=\"\/ajax\/hovercard\/page.php?id=493666870744573&amp;extragetparams=%7B%22fref%22%3A%22mentions%22%7D\" data-hovercard-prefer-more-content-show=\"1\">Associaci\u00f3 de dones La Roca Foradada<\/a>\u00a0ha organitzat una xerrada amb motiu del &#8216;Dia Internacional de la Dona&#8217;. L&#8217;acte tindr\u00e0 lloc aquest diumenge a les 18h al local de l&#8217;Associaci\u00f3 (c\/Jacint Verdaguer, 4), anir\u00e0 a c\u00e0rrec de Milena Ca\u00f1as i versar\u00e0 sobre &#8216;Les dones dansaires&#8217;. A continuaci\u00f3 s&#8217;oferir\u00e0 un petit refrigeri.<\/p>\n","protected":false},"excerpt":{"rendered":"<p>L&#8217;Associaci\u00f3 de dones La Roca Foradada\u00a0ha organitzat una xerrada amb motiu del &#8216;Dia Internacional de la Dona&#8217;. L&#8217;acte tindr\u00e0 lloc aquest diumenge a les 18h al local de l&#8217;Associaci\u00f3 (c\/Jacint &hellip; <a href=\"https:\/\/bisbalpenedes.com\/web\/2018\/03\/10\/lassociacio-de-dones-de-la-roca-foradada-ofereix-una-xerrada-amb-motiu-del-dia-internacional-de-la-dona\/\" class=\"more-link\">Read More<\/a><\/p>\n","protected":false},"author":4,"featured_media":4991,"comment_status":"closed","ping_status":"closed","sticky":false,"template":"","format":"standard","meta":[],"categories":[20],"tags":[842,1405,1404,843],"_links":{"self":[{"href":"https:\/\/bisbalpenedes.com\/web\/wp-json\/wp\/v2\/posts\/4993"}],"collection":[{"href":"https:\/\/bisbalpenedes.com\/web\/wp-json\/wp\/v2\/posts"}],"about":[{"href":"https:\/\/bisbalpenedes.com\/web\/wp-json\/wp\/v2\/types\/post"}],"author":[{"embeddable":true,"href":"https:\/\/bisbalpenedes.com\/web\/wp-json\/wp\/v2\/users\/4"}],"replies":[{"embeddable":true,"href":"https:\/\/bisbalpenedes.com\/web\/wp-json\/wp\/v2\/comments?post=4993"}],"version-history":[{"count":2,"href":"https:\/\/bisbalpenedes.com\/web\/wp-json\/wp\/v2\/posts\/4993\/revisions"}],"predecessor-version":[{"id":4995,"href":"https:\/\/bisbalpenedes.com\/web\/wp-json\/wp\/v2\/posts\/4993\/revisions\/4995"}],"wp:featuredmedia":[{"embeddable":true,"href":"https:\/\/bisbalpenedes.com\/web\/wp-json\/wp\/v2\/media\/4991"}],"wp:attachment":[{"href":"https:\/\/bisbalpenedes.com\/web\/wp-json\/wp\/v2\/media?parent=4993"}],"wp:term":[{"taxonomy":"category","embeddable":true,"href":"https:\/\/bisbalpenedes.com\/web\/wp-json\/wp\/v2\/categories?post=4993"},{"taxonomy":"post_tag","embeddable":true,"href":"https:\/\/bisbalpenedes.com\/web\/wp-json\/wp\/v2\/tags?post=4993"}],"curies":[{"name":"wp","href":"https:\/\/api.w.org\/{rel}","templated":true}]}}