{"id":4958,"date":"2018-03-07T20:31:22","date_gmt":"2018-03-07T19:31:22","guid":{"rendered":"http:\/\/bisbalpenedes.com\/web\/?p=4958"},"modified":"2018-03-07T20:48:58","modified_gmt":"2018-03-07T19:48:58","slug":"informacio-important-per-als-vehicles-que-accedeixen-a-la-zona-de-linstitut-coster-de-la-torre","status":"publish","type":"post","link":"https:\/\/bisbalpenedes.com\/web\/2018\/03\/07\/informacio-important-per-als-vehicles-que-accedeixen-a-la-zona-de-linstitut-coster-de-la-torre\/","title":{"rendered":"Informaci\u00f3 important per als vehicles que accedeixen a la zona de l&#8217;Institut Coster de la Torre"},"content":{"rendered":"<div class=\"\" data-block=\"true\" data-editor=\"13buf\" data-offset-key=\"8tu4f-0-0\">\n<div class=\"_1mf _1mj\" data-offset-key=\"8tu4f-0-0\"><span style=\"color: #000000;\"><b>CATAL\u00c0\u00a0<\/b>| La Regidoria d\u2019Educaci\u00f3 informa que l\u2019obra de l\u2019aparcament d\u2019autobusos de l\u2019Institut Coster de la Torre est\u00e0 gaireb\u00e9 acabada per\u00f2 que, fins que l\u2019acta de cessi\u00f3 parcial no s\u2019aprovi per Junta de Govern Local, els autobusos no podran accedir a l\u2019aparcament. Amb la finalitat d\u2019evitar problemes en la circulaci\u00f3, demanem que de moment no aparqueu els vostres vehicles al cam\u00ed del Gosch per poder aix\u00ed permetre que els autobusos puguin aparcar per deixar o recollir els alumnes.<\/span><\/div>\n<\/div>\n<div class=\"\" data-block=\"true\" data-editor=\"13buf\" data-offset-key=\"397i9-0-0\"><span style=\"color: #000000;\">\u00a0<\/span><\/div>\n<div class=\"\" data-block=\"true\" data-editor=\"13buf\" data-offset-key=\"411i2-0-0\">\n<div class=\"_1mf _1mj\" data-offset-key=\"411i2-0-0\"><span style=\"color: #000000;\"><b>CASTELLANO |<\/b>\u00a0La Regidoria d\u2019Educaci\u00f3 informa que la obra del aparcamiento de autobuses del Instituto Coster de la Torre ya est\u00e1 a punto de terminarse pero que, hasta que el acta de cesi\u00f3n parcial no se apruebe por Junta de Gobierno Local, los autobuses no podr\u00e1n acceder al parking. Con la finalidad de evitar problemas en la circulaci\u00f3n, os pedimos que de momento no aparqu\u00e9is vuestros veh\u00edculos en el cam\u00ed del Gosch, para poder as\u00ed permitir que los autobuses puedan aparcar para dejar o recoger a los alumnos.<\/span><\/div>\n<\/div>\n","protected":false},"excerpt":{"rendered":"<p>CATAL\u00c0\u00a0| La Regidoria d\u2019Educaci\u00f3 informa que l\u2019obra de l\u2019aparcament d\u2019autobusos de l\u2019Institut Coster de la Torre est\u00e0 gaireb\u00e9 acabada per\u00f2 que, fins que l\u2019acta de cessi\u00f3 parcial no s\u2019aprovi per &hellip; <a href=\"https:\/\/bisbalpenedes.com\/web\/2018\/03\/07\/informacio-important-per-als-vehicles-que-accedeixen-a-la-zona-de-linstitut-coster-de-la-torre\/\" class=\"more-link\">Read More<\/a><\/p>\n","protected":false},"author":4,"featured_media":4922,"comment_status":"closed","ping_status":"closed","sticky":false,"template":"","format":"standard","meta":[],"categories":[16],"tags":[330,1395,331,332,566,823,1269],"_links":{"self":[{"href":"https:\/\/bisbalpenedes.com\/web\/wp-json\/wp\/v2\/posts\/4958"}],"collection":[{"href":"https:\/\/bisbalpenedes.com\/web\/wp-json\/wp\/v2\/posts"}],"about":[{"href":"https:\/\/bisbalpenedes.com\/web\/wp-json\/wp\/v2\/types\/post"}],"author":[{"embeddable":true,"href":"https:\/\/bisbalpenedes.com\/web\/wp-json\/wp\/v2\/users\/4"}],"replies":[{"embeddable":true,"href":"https:\/\/bisbalpenedes.com\/web\/wp-json\/wp\/v2\/comments?post=4958"}],"version-history":[{"count":2,"href":"https:\/\/bisbalpenedes.com\/web\/wp-json\/wp\/v2\/posts\/4958\/revisions"}],"predecessor-version":[{"id":4960,"href":"https:\/\/bisbalpenedes.com\/web\/wp-json\/wp\/v2\/posts\/4958\/revisions\/4960"}],"wp:featuredmedia":[{"embeddable":true,"href":"https:\/\/bisbalpenedes.com\/web\/wp-json\/wp\/v2\/media\/4922"}],"wp:attachment":[{"href":"https:\/\/bisbalpenedes.com\/web\/wp-json\/wp\/v2\/media?parent=4958"}],"wp:term":[{"taxonomy":"category","embeddable":true,"href":"https:\/\/bisbalpenedes.com\/web\/wp-json\/wp\/v2\/categories?post=4958"},{"taxonomy":"post_tag","embeddable":true,"href":"https:\/\/bisbalpenedes.com\/web\/wp-json\/wp\/v2\/tags?post=4958"}],"curies":[{"name":"wp","href":"https:\/\/api.w.org\/{rel}","templated":true}]}}