{"id":4953,"date":"2018-03-07T19:48:53","date_gmt":"2018-03-07T18:48:53","guid":{"rendered":"http:\/\/bisbalpenedes.com\/web\/?p=4953"},"modified":"2018-03-07T20:01:26","modified_gmt":"2018-03-07T19:01:26","slug":"oberta-la-convocatoria-per-sol-licitar-els-ajuts-economics-per-a-lassistencia-a-la-llar-dinfants-per-al-curs-2017-2018","status":"publish","type":"post","link":"https:\/\/bisbalpenedes.com\/web\/2018\/03\/07\/oberta-la-convocatoria-per-sol-licitar-els-ajuts-economics-per-a-lassistencia-a-la-llar-dinfants-per-al-curs-2017-2018\/","title":{"rendered":"Oberta la convocat\u00f2ria per sol.licitar els ajuts econ\u00f2mics per a l&#8217;assist\u00e8ncia a la Llar d&#8217;Infants per al curs 2017-2018"},"content":{"rendered":"<p><strong>CATAL\u00c0 |<\/strong> La Regidoria d\u2019Educaci\u00f3 informa que fins al 20 de mar\u00e7 de 2018 es poden sol\u00b7licitar els ajuts econ\u00f2mics per a l\u2019assist\u00e8ncia a llars d\u2019infants per al curs 2017-2018 al Departament d\u2019Ensenyament del Consell Comarcal.<\/p>\n<p>Es tracta d\u2019una contribuci\u00f3 adre\u00e7ada a les fam\u00edlies dels nens i les nenes que van a les llars d\u2019infants de la comarca del Baix Pened\u00e8s i, en el cas concret de la Bisbal, a la Llar d\u2019Infants l\u2019Oreneta. Aquests ajuts es donen a aquelles fam\u00edlies considerades en situaci\u00f3 de risc d\u2019acord amb el Pla d\u2019assist\u00e8ncia i cooperaci\u00f3 municipal (Programa d\u2019assist\u00e8ncia i de gesti\u00f3 de serveis), del conveni signat amb la Diputaci\u00f3 de Tarragona el 13 de maig de 2016.<\/p>\n<p>Els ajuts s\u2019adrecen als nens i les nenes, de fins a 3 anys, de fam\u00edlies amb mancances econ\u00f2miques, que tinguin previst assistir a llars d\u2019infants de la comarca un m\u00ednim de 9 mesos durant tot el curs, amb o sense servei de menjador. En cas de superar aquesta edat en el moment de l\u2019alta de la llar, nom\u00e9s s\u2019acceptaran les que tingui una situaci\u00f3 de risc espec\u00edficament detectat per l\u2019EAP, juntament amb la direcci\u00f3 del centre educatiu.<\/p>\n<p>Podeu consultar les bases de la convocat\u00f2ria fent clic a l\u2019enlla\u00e7:\u00a0\u00a0<a href=\"http:\/\/bisbalpenedes.com\/web\/wp-content\/uploads\/2018\/03\/BASES-I-CONVOCATORIA-SUB.-LLAR-DINFANTS-CCBB.pdf\">BASES I CONVOCATORIA SUB. LLAR D&#8217;INFANTS CCBB<\/a><\/p>\n<p><strong>Per a m\u00e9s informaci\u00f3 cal que us adreceu al Departament d\u2019Ensenyament del Consell Comarcal del Baix Pened\u00e8s, carrer Andreu Nin 1-3 del Vendrell \u2013 Tel\u00e8fon 977 15 71 71<\/strong><\/p>\n<p>&nbsp;<\/p>\n<p><strong>CASTELLANO |<\/strong> La Regidoria d\u2019Educaci\u00f3 informa de que hasta el 20 de marzo del 2018 se pueden solicitar las ayudas econ\u00f3micas para la asistencia a \u2018llars d\u2019infants\u2019 para el curso 2017-2018 en el Departament d\u2019Ensenyament del Consell Comarcal.<\/p>\n<p>Se trata de una contribuci\u00f3n dirigida a las familias de los ni\u00f1os y las ni\u00f1as que van a las \u2018llars d\u2019infants\u2019 de la comarca del Baix Pened\u00e8s y, en el caso concreto de la Bisbal, a la \u2018Llar d\u2019Infants l\u2019Oreneta\u2019. Estas ayudas se dan a aquellas familias consideradas en situaci\u00f3n de riesgo de acuerdo con el \u2018Pla d\u2019Assist\u00e8ncia i Cooperaci\u00f3 Municipal\u2019 (\u2018Programa d\u2019assist\u00e8ncia i de gesti\u00f3 de serveis), del convenio firmado con la Diputaci\u00f3 de Tarragona el 13 de mayo del 2016.<\/p>\n<p>Las ayudas van dirigidas a los ni\u00f1os y las ni\u00f1as, de hasta 3 a\u00f1os, de familias con carencias econ\u00f2micas, que tengan previsto asistir a \u2018llars d\u2019infants\u2019 de la comarca un m\u00ednimo de 9 meses durante todo el curso, con o sin servicio de comedor. En caso de superar esta edad en el momento del alta en la llar, solamente se aceptar\u00e1n las que tengan situaci\u00f3n de riesgo espec\u00edficamente detectado por el EAP, juntamente con la direcci\u00f3n del centro educativo.<\/p>\n<p>Pod\u00e9is consultar las bases de la convocatoria en el enlace:\u00a0<a href=\"http:\/\/bisbalpenedes.com\/web\/wp-content\/uploads\/2018\/03\/BASES-I-CONVOCATORIA-SUB.-LLAR-DINFANTS-CCBB.pdf\">BASES I CONVOCATORIA SUB. LLAR D&#8217;INFANTS CCBB<\/a><\/p>\n<p><strong>Para m\u00e1s informaci\u00f3n os pod\u00e9is dirigir al Departament d\u2019Ensenyament del Consell Comarcal del Baix Pened\u00e8s, calle Andreu Nin 1-3 de El Vendrell \u2013 Tel\u00e8fon 977 15 71 71.<\/strong><\/p>\n","protected":false},"excerpt":{"rendered":"<p>CATAL\u00c0 | La Regidoria d\u2019Educaci\u00f3 informa que fins al 20 de mar\u00e7 de 2018 es poden sol\u00b7licitar els ajuts econ\u00f2mics per a l\u2019assist\u00e8ncia a llars d\u2019infants per al curs 2017-2018 &hellip; <a href=\"https:\/\/bisbalpenedes.com\/web\/2018\/03\/07\/oberta-la-convocatoria-per-sol-licitar-els-ajuts-economics-per-a-lassistencia-a-la-llar-dinfants-per-al-curs-2017-2018\/\" class=\"more-link\">Read More<\/a><\/p>\n","protected":false},"author":4,"featured_media":1475,"comment_status":"closed","ping_status":"closed","sticky":false,"template":"","format":"standard","meta":[],"categories":[16],"tags":[396,1056,274,1090,272,102],"_links":{"self":[{"href":"https:\/\/bisbalpenedes.com\/web\/wp-json\/wp\/v2\/posts\/4953"}],"collection":[{"href":"https:\/\/bisbalpenedes.com\/web\/wp-json\/wp\/v2\/posts"}],"about":[{"href":"https:\/\/bisbalpenedes.com\/web\/wp-json\/wp\/v2\/types\/post"}],"author":[{"embeddable":true,"href":"https:\/\/bisbalpenedes.com\/web\/wp-json\/wp\/v2\/users\/4"}],"replies":[{"embeddable":true,"href":"https:\/\/bisbalpenedes.com\/web\/wp-json\/wp\/v2\/comments?post=4953"}],"version-history":[{"count":1,"href":"https:\/\/bisbalpenedes.com\/web\/wp-json\/wp\/v2\/posts\/4953\/revisions"}],"predecessor-version":[{"id":4955,"href":"https:\/\/bisbalpenedes.com\/web\/wp-json\/wp\/v2\/posts\/4953\/revisions\/4955"}],"wp:featuredmedia":[{"embeddable":true,"href":"https:\/\/bisbalpenedes.com\/web\/wp-json\/wp\/v2\/media\/1475"}],"wp:attachment":[{"href":"https:\/\/bisbalpenedes.com\/web\/wp-json\/wp\/v2\/media?parent=4953"}],"wp:term":[{"taxonomy":"category","embeddable":true,"href":"https:\/\/bisbalpenedes.com\/web\/wp-json\/wp\/v2\/categories?post=4953"},{"taxonomy":"post_tag","embeddable":true,"href":"https:\/\/bisbalpenedes.com\/web\/wp-json\/wp\/v2\/tags?post=4953"}],"curies":[{"name":"wp","href":"https:\/\/api.w.org\/{rel}","templated":true}]}}