{"id":4918,"date":"2018-03-06T19:30:23","date_gmt":"2018-03-06T18:30:23","guid":{"rendered":"http:\/\/bisbalpenedes.com\/web\/?p=4918"},"modified":"2018-03-06T19:30:38","modified_gmt":"2018-03-06T18:30:38","slug":"laparcament-dautobusos-ja-esta-gairebe-acabat","status":"publish","type":"post","link":"https:\/\/bisbalpenedes.com\/web\/2018\/03\/06\/laparcament-dautobusos-ja-esta-gairebe-acabat\/","title":{"rendered":"L&#8217;aparcament d&#8217;autobusos ja est\u00e0 gaireb\u00e9 acabat"},"content":{"rendered":"<p><a href=\"http:\/\/bisbalpenedes.com\/web\/wp-content\/uploads\/2018\/03\/IMG_1938.jpg\"><img loading=\"lazy\" class=\"aligncenter size-medium wp-image-4919\" src=\"http:\/\/bisbalpenedes.com\/web\/wp-content\/uploads\/2018\/03\/IMG_1938-225x300.jpg\" alt=\"parking minibus\" width=\"225\" height=\"300\" srcset=\"https:\/\/bisbalpenedes.com\/web\/wp-content\/uploads\/2018\/03\/IMG_1938-225x300.jpg 225w, https:\/\/bisbalpenedes.com\/web\/wp-content\/uploads\/2018\/03\/IMG_1938-600x800.jpg 600w, https:\/\/bisbalpenedes.com\/web\/wp-content\/uploads\/2018\/03\/IMG_1938-768x1024.jpg 768w, https:\/\/bisbalpenedes.com\/web\/wp-content\/uploads\/2018\/03\/IMG_1938.jpg 1200w\" sizes=\"(max-width: 225px) 100vw, 225px\" \/><\/a><\/p>\n<p><span style=\"color: #000000;\">CATAL\u00c0 | La Regidoria d\u2019Educaci\u00f3 informa que ja est\u00e0 gaireb\u00e9 finalitzada la construcci\u00f3 i posada a punt de l\u2019aparcament d\u2019autobusos de l\u2019Institut Coster de la Torre i que aviat s\u2019informar\u00e0 de la data d\u2019inauguraci\u00f3. Aquest mat\u00ed s\u2019han pintat vint places d\u2019aparcament organitzades per a turismes, un aparcament per a ciclomotors i motos i dues parades per a microbusos. La Regidora Maguy Antol\u00edn ha explicat que \u201cest\u00e0 quedant de luxe, sanejat i sobretot ser\u00e0 \u00fatil per al tr\u00e0nsit rodat, que ser\u00e0 m\u00e9s fluid\u201d.<\/span><\/p>\n<p><span style=\"color: #000000;\">CASTELLANO | La Concejal\u00eda de Educaci\u00f3n informa de que ya est\u00e1 a punto de finalizarse la construcci\u00f3n y puesta a punto del aparcamiento de autobuses del Institut Coster de la Torre y que pronto se informar\u00e1 de la fecha de inauguraci\u00f3n. Esta ma\u00f1ana se han pintado veinte plazas de aparcamiento organizadas para turismos, un parking para ciclomotores y motos y dos paradas para microbuses. La concejal Maguy Antol\u00edn ha explicado que \u201cest\u00e1 quedando de lujo, saneado y sobretodo ser\u00e1 \u00fatil para el tr\u00e1fico rodado, que ser\u00e1 m\u00e1s fluido\u201d.<\/span><\/p>\n<p><a href=\"http:\/\/bisbalpenedes.com\/web\/wp-content\/uploads\/2018\/03\/IMG_1941.jpg\"><img loading=\"lazy\" class=\"size-medium wp-image-4920 aligncenter\" src=\"http:\/\/bisbalpenedes.com\/web\/wp-content\/uploads\/2018\/03\/IMG_1941-225x300.jpg\" alt=\"IMG_1941\" width=\"225\" height=\"300\" srcset=\"https:\/\/bisbalpenedes.com\/web\/wp-content\/uploads\/2018\/03\/IMG_1941-225x300.jpg 225w, https:\/\/bisbalpenedes.com\/web\/wp-content\/uploads\/2018\/03\/IMG_1941-600x800.jpg 600w, https:\/\/bisbalpenedes.com\/web\/wp-content\/uploads\/2018\/03\/IMG_1941-768x1024.jpg 768w, https:\/\/bisbalpenedes.com\/web\/wp-content\/uploads\/2018\/03\/IMG_1941.jpg 1200w\" sizes=\"(max-width: 225px) 100vw, 225px\" \/><\/a><\/p>\n<p><a href=\"http:\/\/bisbalpenedes.com\/web\/wp-content\/uploads\/2018\/03\/IMG_1937.jpg\"><img loading=\"lazy\" class=\"size-medium wp-image-4921 aligncenter\" src=\"http:\/\/bisbalpenedes.com\/web\/wp-content\/uploads\/2018\/03\/IMG_1937-300x225.jpg\" alt=\"IMG_1937\" width=\"300\" height=\"225\" srcset=\"https:\/\/bisbalpenedes.com\/web\/wp-content\/uploads\/2018\/03\/IMG_1937-300x225.jpg 300w, https:\/\/bisbalpenedes.com\/web\/wp-content\/uploads\/2018\/03\/IMG_1937-600x450.jpg 600w, https:\/\/bisbalpenedes.com\/web\/wp-content\/uploads\/2018\/03\/IMG_1937-768x576.jpg 768w, https:\/\/bisbalpenedes.com\/web\/wp-content\/uploads\/2018\/03\/IMG_1937-1024x768.jpg 1024w, https:\/\/bisbalpenedes.com\/web\/wp-content\/uploads\/2018\/03\/IMG_1937.jpg 1600w\" sizes=\"(max-width: 300px) 100vw, 300px\" \/><\/a><\/p>\n","protected":false},"excerpt":{"rendered":"<p>CATAL\u00c0 | La Regidoria d\u2019Educaci\u00f3 informa que ja est\u00e0 gaireb\u00e9 finalitzada la construcci\u00f3 i posada a punt de l\u2019aparcament d\u2019autobusos de l\u2019Institut Coster de la Torre i que aviat s\u2019informar\u00e0 &hellip; <a href=\"https:\/\/bisbalpenedes.com\/web\/2018\/03\/06\/laparcament-dautobusos-ja-esta-gairebe-acabat\/\" class=\"more-link\">Read More<\/a><\/p>\n","protected":false},"author":4,"featured_media":4919,"comment_status":"closed","ping_status":"closed","sticky":false,"template":"","format":"standard","meta":[],"categories":[16],"tags":[330,1384,1269,919],"_links":{"self":[{"href":"https:\/\/bisbalpenedes.com\/web\/wp-json\/wp\/v2\/posts\/4918"}],"collection":[{"href":"https:\/\/bisbalpenedes.com\/web\/wp-json\/wp\/v2\/posts"}],"about":[{"href":"https:\/\/bisbalpenedes.com\/web\/wp-json\/wp\/v2\/types\/post"}],"author":[{"embeddable":true,"href":"https:\/\/bisbalpenedes.com\/web\/wp-json\/wp\/v2\/users\/4"}],"replies":[{"embeddable":true,"href":"https:\/\/bisbalpenedes.com\/web\/wp-json\/wp\/v2\/comments?post=4918"}],"version-history":[{"count":2,"href":"https:\/\/bisbalpenedes.com\/web\/wp-json\/wp\/v2\/posts\/4918\/revisions"}],"predecessor-version":[{"id":4924,"href":"https:\/\/bisbalpenedes.com\/web\/wp-json\/wp\/v2\/posts\/4918\/revisions\/4924"}],"wp:featuredmedia":[{"embeddable":true,"href":"https:\/\/bisbalpenedes.com\/web\/wp-json\/wp\/v2\/media\/4919"}],"wp:attachment":[{"href":"https:\/\/bisbalpenedes.com\/web\/wp-json\/wp\/v2\/media?parent=4918"}],"wp:term":[{"taxonomy":"category","embeddable":true,"href":"https:\/\/bisbalpenedes.com\/web\/wp-json\/wp\/v2\/categories?post=4918"},{"taxonomy":"post_tag","embeddable":true,"href":"https:\/\/bisbalpenedes.com\/web\/wp-json\/wp\/v2\/tags?post=4918"}],"curies":[{"name":"wp","href":"https:\/\/api.w.org\/{rel}","templated":true}]}}