{"id":4908,"date":"2018-03-05T21:37:51","date_gmt":"2018-03-05T20:37:51","guid":{"rendered":"http:\/\/bisbalpenedes.com\/web\/?p=4908"},"modified":"2018-03-05T21:59:57","modified_gmt":"2018-03-05T20:59:57","slug":"lajuntament-ha-tornat-a-instal-lar-un-senyal-que-havia-estat-sostret","status":"publish","type":"post","link":"https:\/\/bisbalpenedes.com\/web\/2018\/03\/05\/lajuntament-ha-tornat-a-instal-lar-un-senyal-que-havia-estat-sostret\/","title":{"rendered":"L&#8217;Ajuntament ha tornat a instal.lar un senyal de tr\u00e0nsit que havia estat sostret"},"content":{"rendered":"<div class=\"\" data-block=\"true\" data-editor=\"b5asc\" data-offset-key=\"dgder-0-0\">\n<div class=\"_1mf _1mj\" data-offset-key=\"dgder-0-0\"><a href=\"http:\/\/bisbalpenedes.com\/web\/wp-content\/uploads\/2018\/03\/IMG_2826.jpg\"><img loading=\"lazy\" class=\"aligncenter size-large wp-image-4909\" src=\"http:\/\/bisbalpenedes.com\/web\/wp-content\/uploads\/2018\/03\/IMG_2826-1024x683.jpg\" alt=\"SENYAL DE TRANSIT SOSTRET LA RIBA\" width=\"630\" height=\"420\" srcset=\"https:\/\/bisbalpenedes.com\/web\/wp-content\/uploads\/2018\/03\/IMG_2826-1024x683.jpg 1024w, https:\/\/bisbalpenedes.com\/web\/wp-content\/uploads\/2018\/03\/IMG_2826-600x400.jpg 600w, https:\/\/bisbalpenedes.com\/web\/wp-content\/uploads\/2018\/03\/IMG_2826-300x200.jpg 300w, https:\/\/bisbalpenedes.com\/web\/wp-content\/uploads\/2018\/03\/IMG_2826-768x512.jpg 768w\" sizes=\"(max-width: 630px) 100vw, 630px\" \/><br \/>\n<\/a><\/div>\n<div class=\"_1mf _1mj\" data-offset-key=\"dgder-0-0\"><span style=\"color: #000000;\" data-offset-key=\"dgder-0-0\"><span data-text=\"true\">CATAL\u00c0-L&#8217;Ajuntament de la Bisbal del Pened\u00e8s ha hagut d&#8217;instal\u00b7lar, de nou, el senyal que veieu a la fotografia perqu\u00e8, durant el passat cap de setmana, va ser sostret. Aix\u00f2 ha suposat un cost de 160\u20ac en materials i m\u00e0 d&#8217;obra que hem pagat tots els bisbalencs.<\/span><\/span><\/div>\n<\/div>\n<div class=\"\" data-block=\"true\" data-editor=\"b5asc\" data-offset-key=\"2qdg2-0-0\">\n<div class=\"_1mf _1mj\" data-offset-key=\"2qdg2-0-0\"><span style=\"color: #000000;\" data-offset-key=\"2qdg2-0-0\"><span data-text=\"true\">Sostreure o inutilitzar un senyal de tr\u00e0nsit pot suposar un risc per a la ciutadania i \u00e9s una falta que est\u00e0 tipificada al codi penal:<\/span><\/span><\/div>\n<\/div>\n<div class=\"\" data-block=\"true\" data-editor=\"b5asc\" data-offset-key=\"5o4md-0-0\">\n<div class=\"_1mf _1mj\" style=\"padding-left: 60px;\" data-offset-key=\"5o4md-0-0\"><span style=\"color: #000000;\" data-offset-key=\"5o4md-0-0\">\u00a0<\/span><\/div>\n<\/div>\n<div class=\"\" style=\"padding-left: 60px;\" data-block=\"true\" data-editor=\"b5asc\" data-offset-key=\"7hodm-0-0\">\n<div class=\"_1mf _1mj\" style=\"padding-left: 60px;\" data-offset-key=\"7hodm-0-0\"><span style=\"color: #000000;\" data-offset-key=\"7hodm-0-0\"><span data-text=\"true\">&#8220;Art\u00edculo 385.<\/span><\/span><\/div>\n<\/div>\n<div class=\"\" style=\"padding-left: 60px;\" data-block=\"true\" data-editor=\"b5asc\" data-offset-key=\"fvvkr-0-0\">\n<div class=\"_1mf _1mj\" style=\"padding-left: 60px;\" data-offset-key=\"fvvkr-0-0\"><span style=\"color: #000000;\" data-offset-key=\"fvvkr-0-0\"><span data-text=\"true\">Ser\u00e1 castigado con la pena de prisi\u00f3n de seis meses a dos a\u00f1os o a las de multa de doce a veinticuatro meses y trabajos en beneficio de la comunidad de diez a cuarenta d\u00edas, el que originare un grave riesgo para la circulaci\u00f3n de alguna de las siguientes formas:<\/span><\/span><\/div>\n<\/div>\n<div class=\"\" style=\"padding-left: 60px;\" data-block=\"true\" data-editor=\"b5asc\" data-offset-key=\"6rk52-0-0\">\n<div class=\"_1mf _1mj\" style=\"padding-left: 60px;\" data-offset-key=\"6rk52-0-0\"><span style=\"color: #000000;\" data-offset-key=\"6rk52-0-0\"><span data-text=\"true\">1.\u00aa Colocando en la v\u00eda obst\u00e1culos imprevisibles, derramando sustancias deslizantes o inflamables o mutando, sustrayendo o anulando la se\u00f1alizaci\u00f3n o por cualquier otro medio.<\/span><\/span><\/div>\n<\/div>\n<div class=\"\" style=\"padding-left: 60px;\" data-block=\"true\" data-editor=\"b5asc\" data-offset-key=\"3o8qc-0-0\">\n<div class=\"_1mf _1mj\" style=\"padding-left: 60px;\" data-offset-key=\"3o8qc-0-0\"><span style=\"color: #000000;\" data-offset-key=\"3o8qc-0-0\"><span data-text=\"true\">2.\u00aa No restableciendo la seguridad de la v\u00eda, cuando haya obligaci\u00f3n de hacerlo&#8221;.<\/span><\/span><\/div>\n<\/div>\n<div class=\"\" data-block=\"true\" data-editor=\"b5asc\" data-offset-key=\"1kpat-0-0\">\n<div class=\"_1mf _1mj\" data-offset-key=\"1kpat-0-0\"><span style=\"color: #000000;\" data-offset-key=\"1kpat-0-0\">\u00a0<\/span><\/div>\n<\/div>\n<div class=\"\" data-block=\"true\" data-editor=\"b5asc\" data-offset-key=\"99o4g-0-0\">\n<div class=\"_1mf _1mj\" data-offset-key=\"99o4g-0-0\"><span style=\"color: #000000;\" data-offset-key=\"99o4g-0-0\"><span data-text=\"true\">Us demanem que, si veieu conductes inc\u00edviques o delictives, les denuncieu a l&#8217;Ajuntament. Gr\u00e0cies per la vostra col\u00b7laboraci\u00f3.<\/span><\/span><\/div>\n<\/div>\n<div class=\"_1mf _1mj\" data-offset-key=\"99o4g-0-0\"><\/div>\n<div class=\"_1mf _1mj\" data-offset-key=\"99o4g-0-0\"><span style=\"color: #000000;\">CASTELLANO-El Ayuntamiento de la Bisbal del Pened\u00e8s ha tenido que instalar, de nuevo, la se\u00f1al de la fotograf\u00eda porqu\u00e9, durante el pasado fin de semana, fue sustra\u00edda. Volver a colocar la se\u00f1al ha supuesto un coste de 160\u20ac en materiales y mano de obra que hemos pagado todos los bisbalenses.<\/span><\/div>\n<div class=\"_1mf _1mj\" data-offset-key=\"99o4g-0-0\"><span style=\"color: #000000;\">Sustraer o inutilizar una se\u00f1al de tr\u00e1fico puede suponer un riesgo para la ciudadan\u00eda y es una falta que est\u00e1 tipificada en el c\u00f3digo penal:\u00a0<\/span><\/div>\n<div class=\"_1mf _1mj\" data-offset-key=\"99o4g-0-0\">\n<div class=\"\" style=\"padding-left: 60px;\" data-block=\"true\" data-editor=\"b5asc\" data-offset-key=\"7hodm-0-0\">\n<div class=\"_1mf _1mj\" style=\"padding-left: 60px;\" data-offset-key=\"7hodm-0-0\"><span style=\"color: #000000;\" data-offset-key=\"7hodm-0-0\"><span data-text=\"true\">&#8220;Art\u00edculo 385.<\/span><\/span><\/div>\n<\/div>\n<div class=\"\" style=\"padding-left: 60px;\" data-block=\"true\" data-editor=\"b5asc\" data-offset-key=\"fvvkr-0-0\">\n<div class=\"_1mf _1mj\" style=\"padding-left: 60px;\" data-offset-key=\"fvvkr-0-0\"><span style=\"color: #000000;\" data-offset-key=\"fvvkr-0-0\"><span data-text=\"true\">Ser\u00e1 castigado con la pena de prisi\u00f3n de seis meses a dos a\u00f1os o a las de multa de doce a veinticuatro meses y trabajos en beneficio de la comunidad de diez a cuarenta d\u00edas, el que originare un grave riesgo para la circulaci\u00f3n de alguna de las siguientes formas:<\/span><\/span><\/div>\n<\/div>\n<div class=\"\" style=\"padding-left: 60px;\" data-block=\"true\" data-editor=\"b5asc\" data-offset-key=\"6rk52-0-0\">\n<div class=\"_1mf _1mj\" style=\"padding-left: 60px;\" data-offset-key=\"6rk52-0-0\"><span style=\"color: #000000;\" data-offset-key=\"6rk52-0-0\"><span data-text=\"true\">1.\u00aa Colocando en la v\u00eda obst\u00e1culos imprevisibles, derramando sustancias deslizantes o inflamables o mutando, sustrayendo o anulando la se\u00f1alizaci\u00f3n o por cualquier otro medio.<\/span><\/span><\/div>\n<\/div>\n<div class=\"\" style=\"padding-left: 60px;\" data-block=\"true\" data-editor=\"b5asc\" data-offset-key=\"3o8qc-0-0\">\n<div class=\"_1mf _1mj\" style=\"padding-left: 60px;\" data-offset-key=\"3o8qc-0-0\"><span style=\"color: #000000;\" data-offset-key=\"3o8qc-0-0\"><span data-text=\"true\">2.\u00aa No restableciendo la seguridad de la v\u00eda, cuando haya obligaci\u00f3n de hacerlo&#8221;.<\/span><\/span><\/div>\n<\/div>\n<div class=\"\" data-block=\"true\" data-editor=\"b5asc\" data-offset-key=\"1kpat-0-0\">\n<div class=\"_1mf _1mj\" data-offset-key=\"1kpat-0-0\"><span style=\"color: #000000;\" data-offset-key=\"1kpat-0-0\">\u00a0<\/span><\/div>\n<\/div>\n<div class=\"\" data-block=\"true\" data-editor=\"b5asc\" data-offset-key=\"99o4g-0-0\">\n<div class=\"_1mf _1mj\" data-offset-key=\"99o4g-0-0\"><span style=\"color: #000000;\" data-offset-key=\"99o4g-0-0\"><span data-text=\"true\">Os pedimos que, si veis conductas inc\u00edvicas o delictivas, las denunci\u00e9is en el Ayuntamiento.\u00a0Gracias por vuestra colaboraci\u00f3n.<\/span><\/span><\/div>\n<\/div>\n<\/div>\n<div class=\"_1mf _1mj\" data-offset-key=\"99o4g-0-0\"><\/div>\n<div class=\"_1mf _1mj\" data-offset-key=\"99o4g-0-0\"><\/div>\n","protected":false},"excerpt":{"rendered":"<p>CATAL\u00c0-L&#8217;Ajuntament de la Bisbal del Pened\u00e8s ha hagut d&#8217;instal\u00b7lar, de nou, el senyal que veieu a la fotografia perqu\u00e8, durant el passat cap de setmana, va ser sostret. Aix\u00f2 ha &hellip; <a href=\"https:\/\/bisbalpenedes.com\/web\/2018\/03\/05\/lajuntament-ha-tornat-a-instal-lar-un-senyal-que-havia-estat-sostret\/\" class=\"more-link\">Read More<\/a><\/p>\n","protected":false},"author":4,"featured_media":4909,"comment_status":"closed","ping_status":"closed","sticky":false,"template":"","format":"standard","meta":[],"categories":[1377],"tags":[1380,1337,1383,1382,1378,1379,1381],"_links":{"self":[{"href":"https:\/\/bisbalpenedes.com\/web\/wp-json\/wp\/v2\/posts\/4908"}],"collection":[{"href":"https:\/\/bisbalpenedes.com\/web\/wp-json\/wp\/v2\/posts"}],"about":[{"href":"https:\/\/bisbalpenedes.com\/web\/wp-json\/wp\/v2\/types\/post"}],"author":[{"embeddable":true,"href":"https:\/\/bisbalpenedes.com\/web\/wp-json\/wp\/v2\/users\/4"}],"replies":[{"embeddable":true,"href":"https:\/\/bisbalpenedes.com\/web\/wp-json\/wp\/v2\/comments?post=4908"}],"version-history":[{"count":4,"href":"https:\/\/bisbalpenedes.com\/web\/wp-json\/wp\/v2\/posts\/4908\/revisions"}],"predecessor-version":[{"id":4916,"href":"https:\/\/bisbalpenedes.com\/web\/wp-json\/wp\/v2\/posts\/4908\/revisions\/4916"}],"wp:featuredmedia":[{"embeddable":true,"href":"https:\/\/bisbalpenedes.com\/web\/wp-json\/wp\/v2\/media\/4909"}],"wp:attachment":[{"href":"https:\/\/bisbalpenedes.com\/web\/wp-json\/wp\/v2\/media?parent=4908"}],"wp:term":[{"taxonomy":"category","embeddable":true,"href":"https:\/\/bisbalpenedes.com\/web\/wp-json\/wp\/v2\/categories?post=4908"},{"taxonomy":"post_tag","embeddable":true,"href":"https:\/\/bisbalpenedes.com\/web\/wp-json\/wp\/v2\/tags?post=4908"}],"curies":[{"name":"wp","href":"https:\/\/api.w.org\/{rel}","templated":true}]}}