{"id":4904,"date":"2018-03-05T21:31:54","date_gmt":"2018-03-05T20:31:54","guid":{"rendered":"http:\/\/bisbalpenedes.com\/web\/?p=4904"},"modified":"2018-03-05T21:33:30","modified_gmt":"2018-03-05T20:33:30","slug":"lectura-del-manifest-del-dia-de-la-dona","status":"publish","type":"post","link":"https:\/\/bisbalpenedes.com\/web\/2018\/03\/05\/lectura-del-manifest-del-dia-de-la-dona\/","title":{"rendered":"Lectura del manifest del Dia de la Dona"},"content":{"rendered":"<div class=\"\" data-block=\"true\" data-editor=\"9upd9\" data-offset-key=\"cq990-0-0\">\n<div class=\"_1mf _1mj\" data-offset-key=\"cq990-0-0\"><span style=\"color: #000000;\"><span data-offset-key=\"brh9v-0-0\"><span data-text=\"true\">CATAL\u00c0-Aquest dijous 8 de mar\u00e7 a les 10.30h tindr\u00e0 lloc una concentraci\u00f3 al davant de l&#8217;Ajuntament i es far\u00e0 la lectura del manifest amb motiu del &#8220;Dia Internacional de la Dona&#8221;. La lectura del manifest anir\u00e0 a c\u00e0rrec de l&#8217;<\/span><\/span><span class=\"_247o\" spellcheck=\"false\" data-offset-key=\"brh9v-1-0\"><span data-offset-key=\"brh9v-1-0\"><span data-text=\"true\">Associaci\u00f3 de dones La Roca Foradada<\/span><\/span><\/span><span data-offset-key=\"brh9v-2-0\"><span data-text=\"true\">.<\/span><\/span><\/span><\/div>\n<\/div>\n<div class=\"\" data-block=\"true\" data-editor=\"9upd9\" data-offset-key=\"dio53-0-0\">\n<div class=\"_1mf _1mj\" data-offset-key=\"dio53-0-0\"><span style=\"color: #000000;\" data-offset-key=\"dio53-0-0\">\u00a0<\/span><\/div>\n<\/div>\n<div class=\"\" data-block=\"true\" data-editor=\"9upd9\" data-offset-key=\"640uq-0-0\">\n<div class=\"_1mf _1mj\" data-offset-key=\"640uq-0-0\"><span style=\"color: #000000;\" data-offset-key=\"640uq-0-0\"><span data-text=\"true\">CASTELLANO-Este jueves 8 de marzo a las 10.30h se har\u00e1 una concentraci\u00f3n delante del Ayuntamiento y se har\u00e1 la lectura del manifiesto con motivo del &#8220;D\u00eda Internacional de la mujer&#8221;. La lectura del manifiesto ir\u00e1 a cargo de la Associaci\u00f3 de dones La Roca Foradada.<\/span><\/span><\/div>\n<\/div>\n","protected":false},"excerpt":{"rendered":"<p>CATAL\u00c0-Aquest dijous 8 de mar\u00e7 a les 10.30h tindr\u00e0 lloc una concentraci\u00f3 al davant de l&#8217;Ajuntament i es far\u00e0 la lectura del manifest amb motiu del &#8220;Dia Internacional de la &hellip; <a href=\"https:\/\/bisbalpenedes.com\/web\/2018\/03\/05\/lectura-del-manifest-del-dia-de-la-dona\/\" class=\"more-link\">Read More<\/a><\/p>\n","protected":false},"author":4,"featured_media":4905,"comment_status":"closed","ping_status":"closed","sticky":false,"template":"","format":"standard","meta":[],"categories":[4],"tags":[231,1376],"_links":{"self":[{"href":"https:\/\/bisbalpenedes.com\/web\/wp-json\/wp\/v2\/posts\/4904"}],"collection":[{"href":"https:\/\/bisbalpenedes.com\/web\/wp-json\/wp\/v2\/posts"}],"about":[{"href":"https:\/\/bisbalpenedes.com\/web\/wp-json\/wp\/v2\/types\/post"}],"author":[{"embeddable":true,"href":"https:\/\/bisbalpenedes.com\/web\/wp-json\/wp\/v2\/users\/4"}],"replies":[{"embeddable":true,"href":"https:\/\/bisbalpenedes.com\/web\/wp-json\/wp\/v2\/comments?post=4904"}],"version-history":[{"count":2,"href":"https:\/\/bisbalpenedes.com\/web\/wp-json\/wp\/v2\/posts\/4904\/revisions"}],"predecessor-version":[{"id":4907,"href":"https:\/\/bisbalpenedes.com\/web\/wp-json\/wp\/v2\/posts\/4904\/revisions\/4907"}],"wp:featuredmedia":[{"embeddable":true,"href":"https:\/\/bisbalpenedes.com\/web\/wp-json\/wp\/v2\/media\/4905"}],"wp:attachment":[{"href":"https:\/\/bisbalpenedes.com\/web\/wp-json\/wp\/v2\/media?parent=4904"}],"wp:term":[{"taxonomy":"category","embeddable":true,"href":"https:\/\/bisbalpenedes.com\/web\/wp-json\/wp\/v2\/categories?post=4904"},{"taxonomy":"post_tag","embeddable":true,"href":"https:\/\/bisbalpenedes.com\/web\/wp-json\/wp\/v2\/tags?post=4904"}],"curies":[{"name":"wp","href":"https:\/\/api.w.org\/{rel}","templated":true}]}}