{"id":4893,"date":"2018-03-05T17:44:10","date_gmt":"2018-03-05T16:44:10","guid":{"rendered":"http:\/\/bisbalpenedes.com\/web\/?p=4893"},"modified":"2018-03-05T18:55:25","modified_gmt":"2018-03-05T17:55:25","slug":"lajuntament-de-la-bisbal-ha-signat-un-conveni-de-collaboracio-amb-la-federacio-empresarial-del-gran-penedes","status":"publish","type":"post","link":"https:\/\/bisbalpenedes.com\/web\/2018\/03\/05\/lajuntament-de-la-bisbal-ha-signat-un-conveni-de-collaboracio-amb-la-federacio-empresarial-del-gran-penedes\/","title":{"rendered":"L&#8217;Ajuntament de la Bisbal ha signat un conveni de col\u00b7laboraci\u00f3 amb la Federaci\u00f3 Empresarial del Gran Pened\u00e8s"},"content":{"rendered":"<p style=\"text-align: justify;\"><a href=\"http:\/\/bisbalpenedes.com\/web\/wp-content\/uploads\/2018\/03\/IMG_2808.jpg\"><img loading=\"lazy\" class=\"aligncenter size-large wp-image-4894\" src=\"http:\/\/bisbalpenedes.com\/web\/wp-content\/uploads\/2018\/03\/IMG_2808-1024x683.jpg\" alt=\"IMG_2808\" width=\"630\" height=\"420\" srcset=\"https:\/\/bisbalpenedes.com\/web\/wp-content\/uploads\/2018\/03\/IMG_2808-1024x683.jpg 1024w, https:\/\/bisbalpenedes.com\/web\/wp-content\/uploads\/2018\/03\/IMG_2808-600x400.jpg 600w, https:\/\/bisbalpenedes.com\/web\/wp-content\/uploads\/2018\/03\/IMG_2808-300x200.jpg 300w, https:\/\/bisbalpenedes.com\/web\/wp-content\/uploads\/2018\/03\/IMG_2808-768x512.jpg 768w\" sizes=\"(max-width: 630px) 100vw, 630px\" \/><\/a><span style=\"color: #000000;\">CATAL\u00c0 | <\/span><\/p>\n<p style=\"text-align: justify;\"><span style=\"color: #000000;\">L\u2019alcaldessa i Regidora d\u2019Ocupaci\u00f3 a l\u2019Ajuntament de la Bisbal, Agn\u00e8s Ferr\u00e9, i el president de la Federaci\u00f3 Empresarial del Gran Pened\u00e8s (FEGP), Mart\u00ed Sistan\u00e9, han signat un conveni de col\u00b7laboraci\u00f3 aquest dilluns 5 de mar\u00e7 de 2018, despr\u00e9s que el passat 22 de febrer fos aprovat per Junta de Govern.<\/span><\/p>\n<p style=\"text-align: justify;\"><span style=\"color: #000000;\">Es tracta d\u2019un conveni que servir\u00e0 per desenvolupar programes d\u2019actuaci\u00f3 i suport en relaci\u00f3 amb l\u2019emprenedoria, la retenci\u00f3 i atracci\u00f3 de talent emprenedor i creatiu, la formaci\u00f3 de capital hum\u00e0 i, en general, potenciar les iniciatives empresarials del municipi.<\/span><\/p>\n<p style=\"text-align: justify;\"><span style=\"color: #000000;\">La Federaci\u00f3 Empresarial del Gran Pened\u00e8s (FEGP) \u00e9s una organitzaci\u00f3 empresarial de base associativa, de r\u00e8gim assembleari i lliure afiliaci\u00f3 que representa el conjunt de l\u2019empresariat del seu \u00e0mbit intercomarcal: Alt Pened\u00e8s, Baix Pened\u00e8s i Garraf i que \u00e9s fruit de la recent fusi\u00f3 entre l\u2019Associaci\u00f3 d\u2019Empresaris del Pened\u00e8s-Garraf i la Uni\u00f3 Empresarial del Pened\u00e8s. Segons el president de l\u2019organitzaci\u00f3 empresarial, Mart\u00ed Sistan\u00e9, l\u2019entitat compta amb m\u00e9s de 1.000 empreses associades i treballa per \u201cdonar assessorament i cobertura a les empreses en tots els aspectes, com ara la informaci\u00f3 legal\u201d. A m\u00e9s, des de la FEGP tamb\u00e9 fan d\u2019interlocutors entre l\u2019administraci\u00f3 i l\u2019empresa i compten amb l\u2019Escola de Direcci\u00f3 d\u2019Empreses \u201cque fa sis anys que funciona i tenim un ampli espectre en formaci\u00f3 que tamb\u00e9 \u00e9s un dels elements importants per a les empreses: la capacitaci\u00f3 constant de les persones i adaptar les seves necessitats als perfils que hi ha al mercat\u201d. Sistan\u00e9 ha explicat que el conveni que s\u2019ha signat \u00e9s per \u201ccrear sinergies entre les necessitats que hi pugui haver al municipi i tot el que pugui oferir la Federaci\u00f3\u201d.<\/span><\/p>\n<p style=\"text-align: justify;\"><span style=\"color: #000000;\">L\u2019alcaldessa de la Bisbal, Agn\u00e8s Ferr\u00e9, ha explicat que \u201cla Federaci\u00f3 es va posar en contacte amb l\u2019Ajuntament, arran de la feina que s\u2019est\u00e0 fent des del SOM Bisbal i del creixement que est\u00e0 experimentant el pol\u00edgon industrial, per signar un conveni de col\u00b7laboraci\u00f3\u201d. En aquest sentit ha afegit que des de la Federaci\u00f3 \u201cofereixen treballar conjuntament amb la borsa de treball\u201d per\u00f2 tamb\u00e9 compten amb una \u00e0mplia oferta en els \u00e0mbits de formaci\u00f3 ocupacional i la formaci\u00f3 d\u2019aut\u00f2noms i comerciants locals.<\/span><\/p>\n<p style=\"text-align: justify;\"><span style=\"color: #000000;\">L\u2019acte de signatura tamb\u00e9 ha comptat amb la pres\u00e8ncia de la directora de la FEGP, M\u00edriam S\u00e1nchez;\u00a0 el secretari General de la FEGP, Isidre Also; Gl\u00f2ria Planas, membre de la Junta Directiva de la FEGP; i Arantzazu Longares, t\u00e8cnica d\u2019Ocupaci\u00f3 de l\u2019Ajuntament de la Bisbal.<\/span><\/p>\n<p style=\"text-align: justify;\"><span style=\"color: #000000;\">CASTELLANO |\u00a0<\/span><\/p>\n<p style=\"text-align: justify;\"><span style=\"font-family: 'Georgia','serif'; color: black;\">La alcaldesa y concejal de Ocupaci\u00f3n en el Ayuntamiento de la Bisbal, Agn\u00e8s Ferr\u00e9, y el presidente de la Federaci\u00f3n Empresarial del Gran Pened\u00e8s (FEGP), Mart\u00ed Sistan\u00e9, han firmado un convenio de colaboraci\u00f3n este lunes 5 de marzo del 2018, despu\u00e9s de que el pasado 22 de febrero fuese aprobado por Junta de Gobierno.<\/span><\/p>\n<p style=\"text-align: justify;\"><span style=\"font-family: 'Georgia','serif'; color: black;\">Se trata de un convenio que servir\u00e1 para desarrollar programas de actuaci\u00f3n y soporte relacionados con el emprendimiento, la retenci\u00f3n y atracci\u00f3n de talento emprendedor y creativo, la formaci\u00f3n de capital humano y, en general, potenciar las iniciativas empresariales del municipio. <\/span><\/p>\n<p style=\"text-align: justify;\"><span style=\"font-family: 'Georgia','serif'; color: black;\">La Federaci\u00f3n Empresarial del Gran Pened\u00e8s (FEGP) es una organizaci\u00f3n empresarial de base asociativa, de r\u00e9gimen asambleario y de libre afiliaci\u00f3n que representa al conjunto de los empresarios de su \u00e1mbito intercomarcal: Alt Pened\u00e8s, Baix Pened\u00e8s y Garraf, y que es fruto de la reciente fusi\u00f3n entre la Associaci\u00f3 d\u2019Empresaris del Pened\u00e8s-Garraf y la Uni\u00f3 Empresarial del Pened\u00e8s. Seg\u00fan el presidente de la organizaci\u00f3n empresarial, Mart\u00ed Sistan\u00e9, la entidad cuenta con m\u00e1s de 1.000 empresas asociadas y trabaja para \u201cdar asesoramiento y cobertura a las empresas en todos los aspectos, como por ejemplo informaci\u00f3n legal\u201d. Adem\u00e1s, desde la FEGP se \u201cda asesoramiento y cobertura a las empresas en todos los aspectos, como por ejemplo la informaci\u00f3n legal\u201d. Adem\u00e1s, desde la FEGP tambi\u00e9n hacen interlocuci\u00f3n entre la administraci\u00f3n y las empresas y cuentan con la Escuela de Direcci\u00f3n de Empresas \u201cque hace seis a\u00f1os que funciona y tenemos un amplio espectro en formaci\u00f3n que tambi\u00e9n es uno de los elementos importantes para las empresas: la capacitaci\u00f3n constante de las personas y adaptar sus necesidades a los perfiles que hay en el mercado\u201d. Sistan\u00e9 ha explicado que el convenio que se ha firmado es para \u201ccrear sinergias entre las necesidades que puedan existir en el municipio y todo lo que pueda ofrecer la Federaci\u00f3n\u201d. <\/span><\/p>\n<p style=\"text-align: justify;\"><span style=\"font-family: 'Georgia','serif'; color: black;\">La alcaldesa de la Bisbal, Agn\u00e8s Ferr\u00e9, ha explicado que \u201cla Federaci\u00f3 se puso en contacto con el Ayuntamiento a ra\u00edz del trabajo que se est\u00e1 haciendo desde el SOM Bisbal y del crecimiento que est\u00e1 experimentando el pol\u00edgono industrial, para firmar un convenio de colaboraci\u00f3n\u201d. En este sentido ha a\u00f1adido que desde la Federaci\u00f3n \u201cofrecen trabajar conjuntamente con la bolsa de trabajo\u201d pero que tambi\u00e9n cuentan con una amplia oferta en los \u00e1mbitos de la formaci\u00f3n ocupacional y la formaci\u00f3n de aut\u00f3nomos y comerciantes locales.<\/span><\/p>\n<p style=\"text-align: justify;\"><span style=\"font-family: 'Georgia','serif'; color: black;\">El acto en el cual se ha realizado la firma del convenio tambi\u00e9n ha contado con al presencia de la directora de la FEGP, M\u00edriam S\u00e1nchez; el secretario General de la FEGP, Isidre Also; Gl\u00f2ria Planas, miembro de la Junta Directiva de la FEGP; y Arantzazu Longares, t\u00e9cnica de Ocupaci\u00f3n del Ayuntamiento de la Bisbal.<\/span><\/p>\n","protected":false},"excerpt":{"rendered":"<p>CATAL\u00c0 | L\u2019alcaldessa i Regidora d\u2019Ocupaci\u00f3 a l\u2019Ajuntament de la Bisbal, Agn\u00e8s Ferr\u00e9, i el president de la Federaci\u00f3 Empresarial del Gran Pened\u00e8s (FEGP), Mart\u00ed Sistan\u00e9, han signat un conveni &hellip; <a href=\"https:\/\/bisbalpenedes.com\/web\/2018\/03\/05\/lajuntament-de-la-bisbal-ha-signat-un-conveni-de-collaboracio-amb-la-federacio-empresarial-del-gran-penedes\/\" class=\"more-link\">Read More<\/a><\/p>\n","protected":false},"author":4,"featured_media":4895,"comment_status":"closed","ping_status":"closed","sticky":false,"template":"","format":"standard","meta":[],"categories":[9],"tags":[1151,1332,860,440,1375,1327,12,1372,1371,1373,10,1374,271],"_links":{"self":[{"href":"https:\/\/bisbalpenedes.com\/web\/wp-json\/wp\/v2\/posts\/4893"}],"collection":[{"href":"https:\/\/bisbalpenedes.com\/web\/wp-json\/wp\/v2\/posts"}],"about":[{"href":"https:\/\/bisbalpenedes.com\/web\/wp-json\/wp\/v2\/types\/post"}],"author":[{"embeddable":true,"href":"https:\/\/bisbalpenedes.com\/web\/wp-json\/wp\/v2\/users\/4"}],"replies":[{"embeddable":true,"href":"https:\/\/bisbalpenedes.com\/web\/wp-json\/wp\/v2\/comments?post=4893"}],"version-history":[{"count":8,"href":"https:\/\/bisbalpenedes.com\/web\/wp-json\/wp\/v2\/posts\/4893\/revisions"}],"predecessor-version":[{"id":4903,"href":"https:\/\/bisbalpenedes.com\/web\/wp-json\/wp\/v2\/posts\/4893\/revisions\/4903"}],"wp:featuredmedia":[{"embeddable":true,"href":"https:\/\/bisbalpenedes.com\/web\/wp-json\/wp\/v2\/media\/4895"}],"wp:attachment":[{"href":"https:\/\/bisbalpenedes.com\/web\/wp-json\/wp\/v2\/media?parent=4893"}],"wp:term":[{"taxonomy":"category","embeddable":true,"href":"https:\/\/bisbalpenedes.com\/web\/wp-json\/wp\/v2\/categories?post=4893"},{"taxonomy":"post_tag","embeddable":true,"href":"https:\/\/bisbalpenedes.com\/web\/wp-json\/wp\/v2\/tags?post=4893"}],"curies":[{"name":"wp","href":"https:\/\/api.w.org\/{rel}","templated":true}]}}